{"id":343553,"date":"2017-09-11T00:07:36","date_gmt":"2017-09-11T05:07:36","guid":{"rendered":"http:\/\/www.diarioimagen.net\/?p=343553"},"modified":"2017-09-11T04:57:32","modified_gmt":"2017-09-11T09:57:32","slug":"huixquilucan-cambio-el-rostro-del-dif","status":"publish","type":"post","link":"https:\/\/www.diarioimagen.net\/?p=343553","title":{"rendered":"Huixquilucan cambi\u00f3 el rostro del DIF"},"content":{"rendered":"<ul>\n<li style=\"text-align: justify;\"><strong><em>Grupos vulnerables, el objetivo<\/em><\/strong><\/li>\n<\/ul>\n<p>&nbsp;<\/p>\n<div id=\"attachment_343619\" style=\"width: 470px\" class=\"wp-caption aligncenter\"><a href=\"http:\/\/www.diarioimagen.net\/?attachment_id=343619\" rel=\"attachment wp-att-343619\"><img loading=\"lazy\" decoding=\"async\" aria-describedby=\"caption-attachment-343619\" class=\"size-large wp-image-343619\" src=\"http:\/\/www.diarioimagen.net\/wp-content\/uploads\/2017\/09\/HUIXQUILUCAN-3204-460x259.jpg\" alt=\"\" width=\"460\" height=\"259\" srcset=\"https:\/\/www.diarioimagen.net\/wp-content\/uploads\/2017\/09\/HUIXQUILUCAN-3204-460x259.jpg 460w, https:\/\/www.diarioimagen.net\/wp-content\/uploads\/2017\/09\/HUIXQUILUCAN-3204-240x135.jpg 240w, https:\/\/www.diarioimagen.net\/wp-content\/uploads\/2017\/09\/HUIXQUILUCAN-3204-235x132.jpg 235w, https:\/\/www.diarioimagen.net\/wp-content\/uploads\/2017\/09\/HUIXQUILUCAN-3204-202x114.jpg 202w, https:\/\/www.diarioimagen.net\/wp-content\/uploads\/2017\/09\/HUIXQUILUCAN-3204-350x196.jpg 350w, https:\/\/www.diarioimagen.net\/wp-content\/uploads\/2017\/09\/HUIXQUILUCAN-3204-220x123.jpg 220w, https:\/\/www.diarioimagen.net\/wp-content\/uploads\/2017\/09\/HUIXQUILUCAN-3204-237x132.jpg 237w, https:\/\/www.diarioimagen.net\/wp-content\/uploads\/2017\/09\/HUIXQUILUCAN-3204.jpg 480w\" sizes=\"auto, (max-width: 460px) 100vw, 460px\" \/><\/a><p id=\"caption-attachment-343619\" class=\"wp-caption-text\">Enrique Vargas inaugur\u00f3 la octava reuni\u00f3n de Presidentas y Directoras de los sistemas municipales DIF de las regiones IV, VIII y XII.<\/p><\/div>\n<p>&nbsp;<\/p>\n<p><strong>Huixquilucan, Estado de M\u00e9xico<\/strong>.- \u201cEl trabajo que hacen por la poblaci\u00f3n vulnerable del municipio es lo que caracteriza un buen gobierno, por eso en mi administraci\u00f3n, desde el primer d\u00eda, hemos estado apoyando\u00a0todos los trabajos del DIF y lo vamos a seguir haciendo\u201d, asegur\u00f3 el presidente municipal, Enrique Vargas del Villar, al inaugurar la octava reuni\u00f3n de Presidentas y Directoras de los sistemas municipales DIF de las regiones IV, VIII y XII.<\/p>\n<p>Tras reconocer el trabajo de Romina Contreras Carrasco, al frente del DIF Huixquilucan, Vargas del Villar asegur\u00f3 que en el municipio se ha cambiado el rostro de este organismo, que en administraciones anteriores se encontraba sumido en el abandono.<\/p>\n<p>Al dar la bienvenida en las instalaciones del Centro de Rehabilitaci\u00f3n e Integraci\u00f3n Social (CRIS), la presidenta del DIF Huixquilucan, Romina Contreras Carrasco, detall\u00f3 que en ese espacio se atiende a la poblaci\u00f3n con alguna discapacidad ya sea temporal o permanente, porque uno de los objetivos es atender a los grupos m\u00e1s vulnerables del municipio.<\/p>\n<p>Hugo Lozano Garc\u00eda, subdirector operativo del Valle de Toluca del DIFEM, enfatiz\u00f3 el inter\u00e9s de Huixquilucan de participar en este tipo de actividades, que fortalecen los lazos institucionales entre ambos sistemas y se traducen en acciones en beneficio de la poblaci\u00f3n.<\/p>\n<p>\u201cEl trabajo del DIF del estado de M\u00e9xico, por s\u00ed solo no ser\u00eda suficiente. Hoy resulta de vital importancia reconocer la labor de cada uno de sus sistemas, para que esta actividad llegue a cada una de las comunidades m\u00e1s marginadas\u201d, se\u00f1al\u00f3 el funcionario estatal.<\/p>\n<p>Para fortalecer el esp\u00edritu de trabajo de los sistemas DIF de los municipios de Coyotepec, Huehuetoca, Isidro Fabela, Jilotzingo, Tlalnepantla, Atizap\u00e1n, Naucalpan, Nicol\u00e1s Romero, Cuautitl\u00e1n Izcalli, Tepotzotl\u00e1n y Villa del Carb\u00f3n, en esta octava reuni\u00f3n se imparti\u00f3 una conferencia por parte del Centro de Rehabilitaci\u00f3n Integral contra las Adicciones de Huixquilucan; as\u00ed como una exposici\u00f3n de una experiencia de \u00e9xito del sistema municipal DIF de Aguascalientes; y la charla \u201cEl empoderamiento de la mujer\u201d.<\/p>\n","protected":false},"excerpt":{"rendered":"<p>\u201cEl trabajo que hacen por la poblaci\u00f3n vulnerable del municipio es lo que caracteriza un buen gobierno, por eso en mi administraci\u00f3n, desde el primer d\u00eda, hemos estado apoyando todos los trabajos del DIF y lo vamos a seguir haciendo\u201d, asegur\u00f3 el presidente municipal, Enrique Vargas del Villar, al inaugurar la octava reuni\u00f3n de Presidentas y Directoras de los sistemas municipales DIF de las regiones IV, VIII y XII.<\/p>\n","protected":false},"author":3,"featured_media":343619,"comment_status":"open","ping_status":"open","sticky":false,"template":"","format":"standard","meta":{"_monsterinsights_skip_tracking":false,"_monsterinsights_sitenote_active":false,"_monsterinsights_sitenote_note":"","_monsterinsights_sitenote_category":0,"footnotes":""},"categories":[35155],"tags":[65374,43675,1097],"class_list":["post-343553","post","type-post","status-publish","format-standard","has-post-thumbnail","hentry","category-estado-de-mexico-estado-de-mexico","tag-centro-de-rehabilitacion-e-integracion-social","tag-estado-de-mexico","tag-huixquilucan"],"_links":{"self":[{"href":"https:\/\/www.diarioimagen.net\/index.php?rest_route=\/wp\/v2\/posts\/343553","targetHints":{"allow":["GET"]}}],"collection":[{"href":"https:\/\/www.diarioimagen.net\/index.php?rest_route=\/wp\/v2\/posts"}],"about":[{"href":"https:\/\/www.diarioimagen.net\/index.php?rest_route=\/wp\/v2\/types\/post"}],"author":[{"embeddable":true,"href":"https:\/\/www.diarioimagen.net\/index.php?rest_route=\/wp\/v2\/users\/3"}],"replies":[{"embeddable":true,"href":"https:\/\/www.diarioimagen.net\/index.php?rest_route=%2Fwp%2Fv2%2Fcomments&post=343553"}],"version-history":[{"count":0,"href":"https:\/\/www.diarioimagen.net\/index.php?rest_route=\/wp\/v2\/posts\/343553\/revisions"}],"wp:featuredmedia":[{"embeddable":true,"href":"https:\/\/www.diarioimagen.net\/index.php?rest_route=\/wp\/v2\/media\/343619"}],"wp:attachment":[{"href":"https:\/\/www.diarioimagen.net\/index.php?rest_route=%2Fwp%2Fv2%2Fmedia&parent=343553"}],"wp:term":[{"taxonomy":"category","embeddable":true,"href":"https:\/\/www.diarioimagen.net\/index.php?rest_route=%2Fwp%2Fv2%2Fcategories&post=343553"},{"taxonomy":"post_tag","embeddable":true,"href":"https:\/\/www.diarioimagen.net\/index.php?rest_route=%2Fwp%2Fv2%2Ftags&post=343553"}],"curies":[{"name":"wp","href":"https:\/\/api.w.org\/{rel}","templated":true}]}}