{"id":343559,"date":"2017-09-11T00:01:30","date_gmt":"2017-09-11T05:01:30","guid":{"rendered":"http:\/\/www.diarioimagen.net\/?p=343559"},"modified":"2017-09-11T05:02:14","modified_gmt":"2017-09-11T10:02:14","slug":"el-sexto-festival-del-tequila-se-realiza-durante-septiembre-a-bordo-de-interjet-y-en-esta-ocasion-la-novedad-es-tequila-directo-de-alambique","status":"publish","type":"post","link":"https:\/\/www.diarioimagen.net\/?p=343559","title":{"rendered":"El Sexto Festival del Tequila se realiza durante septiembre a bordo de Interjet y en esta ocasi\u00f3n la novedad es: \u201cTequila directo de alambique\u201d"},"content":{"rendered":"<h2>De cinco estrellas<\/h2>\n<h5>Victoria Gonz\u00e1lez Prado<\/h5>\n<p><strong>\u00a0<\/strong><\/p>\n<ul>\n<li><em><strong>El total de pasajeros transportados durante\u00a0 agosto de 2017 se increment\u00f3 8.9%, comparado con agosto del a\u00f1o anterior, asegura ASUR<\/strong><\/em><\/li>\n<li><em><strong>AU, Valles, Volcanes y R\u00e1pidos del Sur ofrecen una tarjeta electr\u00f3nica inteligente que facilita el pago de boletos de autob\u00fas\u00a0<\/strong><\/em><\/li>\n<li><em><strong>La ruta Le\u00f3n-Tijuana, con tres frecuencias a la semana, iniciar\u00e1 operaciones a partir del pr\u00f3ximo 7 de diciembre con Viva Aerob\u00fas<\/strong><\/em><\/li>\n<\/ul>\n<p>&nbsp;<\/p>\n<div id=\"attachment_343627\" style=\"width: 470px\" class=\"wp-caption aligncenter\"><a href=\"http:\/\/www.diarioimagen.net\/?attachment_id=343627\" rel=\"attachment wp-att-343627\"><img loading=\"lazy\" decoding=\"async\" aria-describedby=\"caption-attachment-343627\" class=\"size-large wp-image-343627\" src=\"http:\/\/www.diarioimagen.net\/wp-content\/uploads\/2017\/09\/turismo-3204-460x259.jpg\" alt=\"\" width=\"460\" height=\"259\" srcset=\"https:\/\/www.diarioimagen.net\/wp-content\/uploads\/2017\/09\/turismo-3204-460x259.jpg 460w, https:\/\/www.diarioimagen.net\/wp-content\/uploads\/2017\/09\/turismo-3204-240x135.jpg 240w, https:\/\/www.diarioimagen.net\/wp-content\/uploads\/2017\/09\/turismo-3204-235x132.jpg 235w, https:\/\/www.diarioimagen.net\/wp-content\/uploads\/2017\/09\/turismo-3204-202x114.jpg 202w, https:\/\/www.diarioimagen.net\/wp-content\/uploads\/2017\/09\/turismo-3204-350x196.jpg 350w, https:\/\/www.diarioimagen.net\/wp-content\/uploads\/2017\/09\/turismo-3204-220x123.jpg 220w, https:\/\/www.diarioimagen.net\/wp-content\/uploads\/2017\/09\/turismo-3204-237x132.jpg 237w, https:\/\/www.diarioimagen.net\/wp-content\/uploads\/2017\/09\/turismo-3204.jpg 480w\" sizes=\"auto, (max-width: 460px) 100vw, 460px\" \/><\/a><p id=\"caption-attachment-343627\" class=\"wp-caption-text\">Francisco Arias y Arturo Gaj\u00f3n.<\/p><\/div>\n<p>&nbsp;<\/p>\n<p>Todo el mes de septiembre, como desde hace seis a\u00f1os, Interjet celebra la edici\u00f3n del Festival del Tequila a bordo y en esta sexta versi\u00f3n m\u00e1s de 950 mil pasajeros podr\u00e1n disfrutar de las 5 mil 200 botellas -4 mil 970 litros-, en las 8 mil 500 operaciones de la aerol\u00ednea en 36 destinos nacionales y 18 internacionales, asegur\u00f3 <strong>Francisco Arias<\/strong>, director de Experiencias al cliente de la compa\u00f1\u00eda a\u00e9rea.<\/p>\n<p><em>\u201cCon estos<\/em> festivales, \u201cla cultura mexicana se preserva y se puede compartir con miles de turistas y connacionales que eligen a Interjet para viajar. Esta alianza estrat\u00e9gica con Casa Herradura, fortalece los servicios al cliente y comparte nuestra cultura nacional\u201d, agreg\u00f3 el directivo.<\/p>\n<p>Durante la reuni\u00f3n tambi\u00e9n estuvo <strong>Arturo Gaj\u00f3n<\/strong>, gerente senior de Casa Herradura, que en alianza con la aerol\u00ednea, han presentado el festival durante seis a\u00f1os consecutivos, y coment\u00f3, \u201cen esta ocasi\u00f3n, ofreceremos a bordo nuestro m\u00e1s reciente producto de exclusiva producci\u00f3n para la aerol\u00ednea: Tequila Herradura directo de alambique, disponible durante la semana que se festeja la Independencia de M\u00e9xico.<\/p>\n<p>La reuni\u00f3n, que tuvo lugar en la Buena Barra, ambos directivos coincidieron en se\u00f1alar \u201ctenemos seis a\u00f1os con el Festival del Tequila y cada a\u00f1o lanzamos productos nuevos. Somos la \u00fanica aerol\u00ednea que ofrece un festival de tequila a bordo. Si bien, se ofrece todo el a\u00f1o, s\u00f3lo durante septiembre todas las presentaciones estar\u00e1n en el men\u00fa: Tequila Herradura Ultra, Reposado, Plata y\u00a0 el nuevo Herradura directo de alambique\u201d.<\/p>\n<p>En la presentaci\u00f3n, fueron degustados los tequilas de Casa Herradura que estar\u00e1n a bordo acompa\u00f1ados por distintas botanas creadas en el restaurante.<\/p>\n<p>\u2730\u2730\u2730\u2730\u2730 El total de pasajeros transportados durante el mes de agosto de 2017 se increment\u00f3 en 8.9%, comparado con agosto del a\u00f1o anterior, asegura Grupo Aeroportuario del Sureste (ASUR), operador del Aeropuerto Internacional de Canc\u00fan y ocho en el sureste mexicano.<\/p>\n<p>Por otra parte, ASUR como accionista del 60% de <em>Aerostar Airport Holdings LLC<\/em>, operador del Aeropuerto Internacional Luis Mu\u00f1oz Mar\u00edn en San Juan, Puerto Rico, report\u00f3 un incremento del 5.2% en el traslado de pasajeros, durante el mismo lapso, comparado con agosto de 2016.<\/p>\n<p>\u2730\u2730\u2730\u2730\u2730 Con una constante renovaci\u00f3n y mejora para cada uno de sus servicios, las l\u00edneas de transporte de pasajeros AU, Valles, Volcanes y R\u00e1pidos del Sur, ofrecen a sus usuarios una tarjeta electr\u00f3nica inteligente que facilita al pasajero el pago de sus boletos de autob\u00fas.<\/p>\n<p>El servicio <em>\u201cAhorroBus\u201d<\/em> es una herramienta que permite automatizar el servicio y facilitar la experiencia de viaje, pues los usuarios pueden viajar sin tener que portar efectivo, o formarse en taquillas en cada una de las ocasiones en las que viajen, reduciendo as\u00ed el tiempo de espera. Se beneficia a todos aquellos que se desplazan desde y hacia los destinos de Puebla, Tehuac\u00e1n, Amecameca, Tepetlixpa y Tuxtla-Cintalapa, en las distintas l\u00edneas de AU, Valles, Volcanes y R\u00e1pidos del Sur.<\/p>\n<p>Adem\u00e1s, <em>AhorroBus <\/em>proporciona beneficios adicionales como: abonos de 15% en recargas desde 50 y hasta 99 pesos; mientras que en recargas de 100 a 500, se abona un 20% extra, con vigencia de un a\u00f1o para utilizar el saldo adquirido.<\/p>\n<p>Las tarjetas pueden obtenerse y recargarse en cualquiera de las paradas de las siguientes rutas: Puebla-Tehuac\u00e1n, Puebla-Serd\u00e1n y Puebla-Perote en el servicio de AU y Valles. M\u00e9xico-Tepetlixpa en el servicio de Volcanes. Tuxtla-Tapachula y Tuxtla-Cintalapa en el servicio de R\u00e1pidos del Sur y Xalapa-Teziutl\u00e1n en el servicio de AU.<\/p>\n<p>\u2730\u2730\u2730\u2730\u2730 La nueva ruta Le\u00f3n-Tijuana, con Viva Aerob\u00fas, iniciar\u00e1 operaciones a partir del pr\u00f3ximo 7 de diciembre con tres frecuencias semanales (lunes, mi\u00e9rcoles y viernes) en un <em>Airbus A320<\/em> con lo que la l\u00ednea a\u00e9rea espera transportar\u00a0 alrededor de 60 mil pasajeros en el primer a\u00f1o de operaci\u00f3n.<\/p>\n<p><strong>Juan Carlos Zuazua<\/strong>, director general de la compa\u00f1\u00eda a\u00e9rea indic\u00f3 \u201ccada nueva ruta es una oportunidad para el turismo, negocios y desarrollo econ\u00f3mico del pa\u00eds, que forma parte de una historia que iniciamos en el 2006. Apostamos por la conectividad nacional, que representa un elemento clave para nuestro crecimiento. De acuerdo con datos de la Direcci\u00f3n General de Aeron\u00e1utica Civil, fuimos la aerol\u00ednea con el mayor incremento en el n\u00famero de pasajeros dom\u00e9sticos con un 36% en el periodo enero-julio 2017\u201d.<\/p>\n<p><em><a href=\"mailto:victoriagprado@gmail.com\" target=\"_blank\" rel=\"noopener noreferrer\">victoriagprado@gmail.com<\/a><\/em><br \/>\n<em> Twitter: <a href=\"https:\/\/twitter.com\/victoriagprado\" target=\"_blank\" rel=\"noopener noreferrer\">@victoriagprado<\/a><\/em><\/p>\n","protected":false},"excerpt":{"rendered":"<p>Todo el mes de septiembre, como desde hace seis a\u00f1os, Interjet celebra la edici\u00f3n del Festival del Tequila a bordo y en esta sexta versi\u00f3n m\u00e1s de 950 mil pasajeros podr\u00e1n disfrutar de las 5 mil 200 botellas -4 mil 970 litros-, en las 8 mil 500 operaciones de la aerol\u00ednea en 36 destinos nacionales y 18 internacionales, asegur\u00f3 <strong>Francisco Arias<\/strong>, director de Experiencias al cliente de la compa\u00f1\u00eda a\u00e9rea.<\/p>\n","protected":false},"author":3,"featured_media":343627,"comment_status":"open","ping_status":"open","sticky":false,"template":"","format":"standard","meta":{"_monsterinsights_skip_tracking":false,"_monsterinsights_sitenote_active":false,"_monsterinsights_sitenote_note":"","_monsterinsights_sitenote_category":0,"footnotes":""},"categories":[11],"tags":[107,43674,43681,106],"class_list":["post-343559","post","type-post","status-publish","format-standard","has-post-thumbnail","hentry","category-turismo","tag-de-cinco-estrellas","tag-opinion","tag-turismo","tag-victoria-gonzalez-prado"],"_links":{"self":[{"href":"https:\/\/www.diarioimagen.net\/index.php?rest_route=\/wp\/v2\/posts\/343559","targetHints":{"allow":["GET"]}}],"collection":[{"href":"https:\/\/www.diarioimagen.net\/index.php?rest_route=\/wp\/v2\/posts"}],"about":[{"href":"https:\/\/www.diarioimagen.net\/index.php?rest_route=\/wp\/v2\/types\/post"}],"author":[{"embeddable":true,"href":"https:\/\/www.diarioimagen.net\/index.php?rest_route=\/wp\/v2\/users\/3"}],"replies":[{"embeddable":true,"href":"https:\/\/www.diarioimagen.net\/index.php?rest_route=%2Fwp%2Fv2%2Fcomments&post=343559"}],"version-history":[{"count":0,"href":"https:\/\/www.diarioimagen.net\/index.php?rest_route=\/wp\/v2\/posts\/343559\/revisions"}],"wp:featuredmedia":[{"embeddable":true,"href":"https:\/\/www.diarioimagen.net\/index.php?rest_route=\/wp\/v2\/media\/343627"}],"wp:attachment":[{"href":"https:\/\/www.diarioimagen.net\/index.php?rest_route=%2Fwp%2Fv2%2Fmedia&parent=343559"}],"wp:term":[{"taxonomy":"category","embeddable":true,"href":"https:\/\/www.diarioimagen.net\/index.php?rest_route=%2Fwp%2Fv2%2Fcategories&post=343559"},{"taxonomy":"post_tag","embeddable":true,"href":"https:\/\/www.diarioimagen.net\/index.php?rest_route=%2Fwp%2Fv2%2Ftags&post=343559"}],"curies":[{"name":"wp","href":"https:\/\/api.w.org\/{rel}","templated":true}]}}