{"id":343597,"date":"2017-09-11T00:07:21","date_gmt":"2017-09-11T05:07:21","guid":{"rendered":"http:\/\/www.diarioimagen.net\/?p=343597"},"modified":"2017-09-11T00:16:04","modified_gmt":"2017-09-11T05:16:04","slug":"de-que-ciudad-hablan-de-que-pais-hablan","status":"publish","type":"post","link":"https:\/\/www.diarioimagen.net\/?p=343597","title":{"rendered":"\u00bfDe qu\u00e9 ciudad hablan?, \u00bfde qu\u00e9 pa\u00eds hablan?"},"content":{"rendered":"<h2>Detr\u00e1s del Poder<\/h2>\n<h5>Jos\u00e9 Antonio L\u00f3pez Sosa<\/h5>\n<p>&nbsp;<\/p>\n<p>Hilaridad e impotencia es el sentir que producen los spots que promocionan los informes de gobierno, por un lado de Miguel \u00c1ngel Mancera, jefe de gobierno de la Ciudad de M\u00e9xico y por otro, Enrique Pe\u00f1a Nieto, Presidente de la Rep\u00fablica.<\/p>\n<p>Ambos mandatarios presumen logros en sus administraciones como si fuesen m\u00e1s las cosas buenas que las malas las que aquejan a la ciudad y al pa\u00eds.<\/p>\n<p>Al ver y escuchar ambas campa\u00f1as, caemos en cuenta una vez m\u00e1s, de la irrealidad en la que vive la clase pol\u00edtica mexicana.<\/p>\n<p>Pretenden mediante demagogia y populismo, hacer creer a los capitalinos y a los mexicanos que no hubo mejor decisi\u00f3n para nosotros, que ambos \u2014cada uno en su esfera\u2014 quedaran electos para esos cargos.<\/p>\n<p>\u00bfLo que va mal?, de eso no se habla, de eso ni media palabra en los anuncios, esa realidad no alcanza para los mensajes con motivo de los informes de gobierno.<\/p>\n<p>La criminalidad, los asesinatos, la violencia, el estancamiento y sobre todo, la corrupci\u00f3n son cosas que ni se ven ni se oyen, de acuerdo al razonamiento de estas camapa\u00f1as pareciera que no hay tales males ni en la Ciudad de M\u00e9xico ni en el pa\u00eds.<\/p>\n<p>\u00bfDe qu\u00e9 ciudad hablan?, \u00bfde qu\u00e9 pa\u00eds hablan?, atentan ambos contra la inteligencia de los mexicanos y por supuesto que abusan de los tiempos oficiales para la promoci\u00f3n personal y de partido.<\/p>\n<p>Personal en el caso de Mancera que sigue a la expectativa del pr\u00f3ximo puesto que pudiera tener despu\u00e9s de concluir su mandato; de partido para Pe\u00f1a que busca solidificar la mermada imagen de su partido en la recta final de su desastrosa administraci\u00f3n.<\/p>\n<p>De verdad, \u00bfcreer\u00e1n que les creemos?, fuera de sus huestes y quienes de forma gratuita o pagada les defienden a capa y espada, \u00bfsus equipos de asesores les garantizar\u00e1n que la gente cree esos mensajes?<\/p>\n<p>Es triste que as\u00ed funcione nuestra incipiente democracia, con discursos irreales, verdades a medias y sobre todo, con toda la fuerza de la impunidad y corrupci\u00f3n que nos tiene al borde del colapso social.<\/p>\n<p><em><a href=\"http:\/\/www.lopezsosa.com\" target=\"_blank\" rel=\"noopener noreferrer\">www.lopezsosa.com<\/a><br \/>\n<a href=\"mailto:joseantonio@lopezsosa.com\" target=\"_blank\" rel=\"noopener noreferrer\">joseantonio@lopezsosa.com<\/a><br \/>\n<a href=\"http:\/\/twitter.com\/joseantonio1977\" target=\"_blank\" rel=\"noopener noreferrer\">@joseantonio1977<\/a><\/em><\/p>\n","protected":false},"excerpt":{"rendered":"<p><span style=\"color: #005497;\"><strong>Jos\u00e9 Antonio L\u00f3pez Sosa<\/strong><\/span><\/p>\n","protected":false},"author":3,"featured_media":0,"comment_status":"open","ping_status":"open","sticky":false,"template":"","format":"standard","meta":{"_monsterinsights_skip_tracking":false,"_monsterinsights_sitenote_active":false,"_monsterinsights_sitenote_note":"","_monsterinsights_sitenote_category":0,"footnotes":""},"categories":[637],"tags":[638,43690,43674],"class_list":["post-343597","post","type-post","status-publish","format-standard","hentry","category-jose-antonio-lopez-sosa","tag-detras-del-poder","tag-jose-antonio-lopez-sosa","tag-opinion"],"_links":{"self":[{"href":"https:\/\/www.diarioimagen.net\/index.php?rest_route=\/wp\/v2\/posts\/343597","targetHints":{"allow":["GET"]}}],"collection":[{"href":"https:\/\/www.diarioimagen.net\/index.php?rest_route=\/wp\/v2\/posts"}],"about":[{"href":"https:\/\/www.diarioimagen.net\/index.php?rest_route=\/wp\/v2\/types\/post"}],"author":[{"embeddable":true,"href":"https:\/\/www.diarioimagen.net\/index.php?rest_route=\/wp\/v2\/users\/3"}],"replies":[{"embeddable":true,"href":"https:\/\/www.diarioimagen.net\/index.php?rest_route=%2Fwp%2Fv2%2Fcomments&post=343597"}],"version-history":[{"count":0,"href":"https:\/\/www.diarioimagen.net\/index.php?rest_route=\/wp\/v2\/posts\/343597\/revisions"}],"wp:attachment":[{"href":"https:\/\/www.diarioimagen.net\/index.php?rest_route=%2Fwp%2Fv2%2Fmedia&parent=343597"}],"wp:term":[{"taxonomy":"category","embeddable":true,"href":"https:\/\/www.diarioimagen.net\/index.php?rest_route=%2Fwp%2Fv2%2Fcategories&post=343597"},{"taxonomy":"post_tag","embeddable":true,"href":"https:\/\/www.diarioimagen.net\/index.php?rest_route=%2Fwp%2Fv2%2Ftags&post=343597"}],"curies":[{"name":"wp","href":"https:\/\/api.w.org\/{rel}","templated":true}]}}