{"id":343689,"date":"2017-09-12T00:08:17","date_gmt":"2017-09-12T05:08:17","guid":{"rendered":"http:\/\/www.diarioimagen.net\/?p=343689"},"modified":"2017-09-12T23:44:39","modified_gmt":"2017-09-13T04:44:39","slug":"transformo-difem-vidas-de-familias-mexiquenses","status":"publish","type":"post","link":"https:\/\/www.diarioimagen.net\/?p=343689","title":{"rendered":"Transform\u00f3 el DIFEM vidas de familias mexiquenses"},"content":{"rendered":"<ul>\n<li><em><strong>Informe de Mar\u00eda Dipp de \u00c1vila<\/strong><\/em><\/li>\n<li><em><strong>Se consolid\u00f3 como un sistema fuerte que incidi\u00f3 en la lucha contra pobreza<\/strong><\/em><\/li>\n<\/ul>\n<p>&nbsp;<\/p>\n<div id=\"attachment_343690\" style=\"width: 470px\" class=\"wp-caption aligncenter\"><img loading=\"lazy\" decoding=\"async\" aria-describedby=\"caption-attachment-343690\" class=\"wp-image-343690 size-large\" src=\"http:\/\/www.diarioimagen.net\/wp-content\/uploads\/2017\/09\/EruvielPortal-portal-460x268.jpg\" alt=\"\" width=\"460\" height=\"268\" srcset=\"https:\/\/www.diarioimagen.net\/wp-content\/uploads\/2017\/09\/EruvielPortal-portal-460x268.jpg 460w, https:\/\/www.diarioimagen.net\/wp-content\/uploads\/2017\/09\/EruvielPortal-portal-240x140.jpg 240w, https:\/\/www.diarioimagen.net\/wp-content\/uploads\/2017\/09\/EruvielPortal-portal.jpg 480w\" sizes=\"auto, (max-width: 460px) 100vw, 460px\" \/><p id=\"caption-attachment-343690\" class=\"wp-caption-text\">La presidenta honoraria del DIFEM, Mar\u00eda Dipp de \u00c1vila, rindi\u00f3 su Informe de Resultados, ante la presencia del gobernador Eruviel \u00c1vila Villegas.<\/p><\/div>\n<p>&nbsp;<\/p>\n<p><strong>Toluca, Estado de M\u00e9xico<\/strong>.- Durante esta administraci\u00f3n, el DIF del Estado de M\u00e9xico se consolid\u00f3 como un sistema fuerte, emp\u00e1tico y con propuestas que incidieron en el combate a la pobreza, el hambre, la desigualdad y marginaci\u00f3n, logrando transformar vidas para seguir construyendo historias de \u00e9xito, afirm\u00f3 Mar\u00eda Dipp de \u00c1vila, presidenta honoraria de esta instituci\u00f3n, ante el gobernador Eruviel \u00c1vila Villegas, al presentar un recuento de logros del organismo durante la administraci\u00f3n 2011-2017.<\/p>\n<p>\u201cReconozco que gracias al presidente Enrique Pe\u00f1a y su esposa Ang\u00e9lica Rivera de Pe\u00f1a y a su brazo derecho, Laura Barrera, directora general del DIF Nacional, hemos logrado dar pasos importantes durante esta administraci\u00f3n, han sido grandes aliados de las familias mexiquenses y gracias a ustedes estos resultados han sido posibles\u201d.<\/p>\n<p>Ante m\u00e1s de 400 asistentes, Mar\u00eda Irene Dipp de \u00c1vila destac\u00f3 que con trabajo s\u00f3lido y programas innovadores se logr\u00f3 posicionar al DIFEM como una instituci\u00f3n que particip\u00f3 en la vida social de la entidad, confiable y capaz de dar las herramientas para construir un piso parejo en el cual las familias puedan edificar su prosperidad.<\/p>\n<p>En este sentido reconoci\u00f3 el trabajo que realiz\u00f3 al frente del DIF, Isis \u00c1vila Mu\u00f1oz, con el respaldo de la directora general, Carolina Alan\u00eds Moreno, y quienes le antecedieron en el cargo, haciendo equipo con las titulares de los sistemas municipales, en beneficio de las familias mexiquenses.<\/p>\n<p>Mencion\u00f3 entre los logros, las iniciativas para proteger a la infancia, la creaci\u00f3n de tres Ministerios P\u00fablicos Especializados; la simplificaci\u00f3n de tr\u00e1mites de adopci\u00f3n con los que se concretaron 289 adopciones, logrando que uno de cada tres procesos de este tipo se realicen en la entidad mexiquense.<\/p>\n<p>De igual forma, dijo, se increment\u00f3 la cobertura de becas para Menores Trabajadores Urbano Marginales, beneficiando durante la administraci\u00f3n a 5 mil 770 peque\u00f1os, y se cre\u00f3 en 2014, el programa Becas para Ni\u00f1as, Ni\u00f1os y Adolescentes Repatriados o en Riesgo de Migraci\u00f3n, que inici\u00f3 con 300 beneficiarios y que para este a\u00f1o creci\u00f3 en 200 por ciento, favoreciendo a 900 en total.<\/p>\n<p>Asimismo, inform\u00f3 que se puso en marcha el programa Lentes Oftalmol\u00f3gicos Gratuitos para estudiantes de primaria y secundaria, derivado de la suma de esfuerzos entre el DIFEM y el programa \u201cVer bien para aprender mejor\u201d, que benefici\u00f3 a m\u00e1s de 210 mil escolares con ex\u00e1menes visuales y lentes.<\/p>\n","protected":false},"excerpt":{"rendered":"<p>Durante esta administraci\u00f3n, el DIF del Estado de M\u00e9xico se consolid\u00f3 como un sistema fuerte, emp\u00e1tico y con propuestas que incidieron en el combate a la pobreza, el hambre, la desigualdad y marginaci\u00f3n, logrando transformar vidas para seguir construyendo historias de \u00e9xito, afirm\u00f3 Mar\u00eda Dipp de \u00c1vila, presidenta honoraria de esta instituci\u00f3n, ante el gobernador Eruviel \u00c1vila Villegas, al presentar un recuento de logros del organismo durante la administraci\u00f3n 2011-2017.<\/p>\n","protected":false},"author":5,"featured_media":343690,"comment_status":"open","ping_status":"open","sticky":false,"template":"","format":"standard","meta":{"_monsterinsights_skip_tracking":false,"_monsterinsights_sitenote_active":false,"_monsterinsights_sitenote_note":"","_monsterinsights_sitenote_category":0,"footnotes":""},"categories":[5],"tags":[394,43675,15637,62540,452,65406],"class_list":["post-343689","post","type-post","status-publish","format-standard","has-post-thumbnail","hentry","category-estado-de-mexico","tag-difem","tag-estado-de-mexico","tag-informe","tag-maria-dipp-de-avila","tag-toluca","tag-vidas-de-familias"],"_links":{"self":[{"href":"https:\/\/www.diarioimagen.net\/index.php?rest_route=\/wp\/v2\/posts\/343689","targetHints":{"allow":["GET"]}}],"collection":[{"href":"https:\/\/www.diarioimagen.net\/index.php?rest_route=\/wp\/v2\/posts"}],"about":[{"href":"https:\/\/www.diarioimagen.net\/index.php?rest_route=\/wp\/v2\/types\/post"}],"author":[{"embeddable":true,"href":"https:\/\/www.diarioimagen.net\/index.php?rest_route=\/wp\/v2\/users\/5"}],"replies":[{"embeddable":true,"href":"https:\/\/www.diarioimagen.net\/index.php?rest_route=%2Fwp%2Fv2%2Fcomments&post=343689"}],"version-history":[{"count":0,"href":"https:\/\/www.diarioimagen.net\/index.php?rest_route=\/wp\/v2\/posts\/343689\/revisions"}],"wp:featuredmedia":[{"embeddable":true,"href":"https:\/\/www.diarioimagen.net\/index.php?rest_route=\/wp\/v2\/media\/343690"}],"wp:attachment":[{"href":"https:\/\/www.diarioimagen.net\/index.php?rest_route=%2Fwp%2Fv2%2Fmedia&parent=343689"}],"wp:term":[{"taxonomy":"category","embeddable":true,"href":"https:\/\/www.diarioimagen.net\/index.php?rest_route=%2Fwp%2Fv2%2Fcategories&post=343689"},{"taxonomy":"post_tag","embeddable":true,"href":"https:\/\/www.diarioimagen.net\/index.php?rest_route=%2Fwp%2Fv2%2Ftags&post=343689"}],"curies":[{"name":"wp","href":"https:\/\/api.w.org\/{rel}","templated":true}]}}