{"id":343711,"date":"2017-09-12T00:11:50","date_gmt":"2017-09-12T05:11:50","guid":{"rendered":"http:\/\/www.diarioimagen.net\/?p=343711"},"modified":"2017-09-12T02:24:28","modified_gmt":"2017-09-12T07:24:28","slug":"el-mexibus-llegara-hasta-indios-verdes-y-la-raza","status":"publish","type":"post","link":"https:\/\/www.diarioimagen.net\/?p=343711","title":{"rendered":"El Mexib\u00fas llegar\u00e1 hasta Indios Verdes y La Raza"},"content":{"rendered":"<h2>Arco Norte<\/h2>\n<h5>Jos\u00e9 Luis Monta\u00f1ez Aguilar<\/h5>\n<p>&nbsp;<\/p>\n<p><a href=\"http:\/\/www.diarioimagen.net\/?attachment_id=343789\" rel=\"attachment wp-att-343789\"><img loading=\"lazy\" decoding=\"async\" class=\"aligncenter size-large wp-image-343789\" src=\"http:\/\/www.diarioimagen.net\/wp-content\/uploads\/2017\/09\/arco-3205-460x259.jpg\" alt=\"\" width=\"460\" height=\"259\" srcset=\"https:\/\/www.diarioimagen.net\/wp-content\/uploads\/2017\/09\/arco-3205-460x259.jpg 460w, https:\/\/www.diarioimagen.net\/wp-content\/uploads\/2017\/09\/arco-3205-240x135.jpg 240w, https:\/\/www.diarioimagen.net\/wp-content\/uploads\/2017\/09\/arco-3205-235x132.jpg 235w, https:\/\/www.diarioimagen.net\/wp-content\/uploads\/2017\/09\/arco-3205-202x114.jpg 202w, https:\/\/www.diarioimagen.net\/wp-content\/uploads\/2017\/09\/arco-3205-350x196.jpg 350w, https:\/\/www.diarioimagen.net\/wp-content\/uploads\/2017\/09\/arco-3205-220x123.jpg 220w, https:\/\/www.diarioimagen.net\/wp-content\/uploads\/2017\/09\/arco-3205-237x132.jpg 237w, https:\/\/www.diarioimagen.net\/wp-content\/uploads\/2017\/09\/arco-3205.jpg 480w\" sizes=\"auto, (max-width: 460px) 100vw, 460px\" \/><\/a><\/p>\n<p>&nbsp;<\/p>\n<p>El gobernador Eruviel \u00c1vila Villegas dio a conocer que los gobiernos del Estado de M\u00e9xico y de la Ciudad de M\u00e9xico, firmaron un convenio para que las unidades del transporte p\u00fablico Mexib\u00fas IV puedan llegar al Metro Indios Verdes y a La Raza, lo que agilizar\u00e1 la conectividad, tanto con la red del Metro, como con el Metrob\u00fas, en beneficio de millones de habitantes de la Zona Metropolitana del Valle de M\u00e9xico que a diario usan estos transportes masivos.<\/p>\n<p>\u201cEs una muy buena noticia, nos tardamos pues unos buenos meses, pero vali\u00f3 mucho la pena porque est\u00e1 respaldado, este estudio y esta autorizaci\u00f3n por especialistas, as\u00ed que celebro,\u00a0 y en nombre de los mexiquenses, de los miles y miles de mexiquenses que todos los d\u00edas vienen a la Ciudad de M\u00e9xico o regresan de la Ciudad de M\u00e9xico al Estado de M\u00e9xico, por esta oportunidad, y que tengan paraderos, y que tengan un Cetram digno, limpio, como se lo merecen los usuarios del transporte p\u00fablico\u201d, expres\u00f3 el gobernador.<\/p>\n<p>Durante la Reuni\u00f3n Ejecutiva de la Comisi\u00f3n de Medio Ambiente de la Conferencia Nacional de Gobernadores (Conago), Eruviel \u00c1vila precis\u00f3 que a trav\u00e9s de este acuerdo, adem\u00e1s de acortar los tiempos de traslado, se reducir\u00e1n las emisiones contaminantes a la atm\u00f3sfera, pues este Mexib\u00fas que pasa por los municipios de Ecatepec y Tlalnepantla, tambi\u00e9n est\u00e1 conectado con el sistema de transporte masivo Mexicable, que utiliza energ\u00eda limpia.<\/p>\n<p>Ante el jefe de gobierno de la Ciudad de M\u00e9xico, Miguel \u00c1ngel Mancera, y de los gobernadores de Puebla, Colima, Morelos, Durango, Chihuahua, Tlaxcala, Quer\u00e9taro y Zacatecas, el mandatario mexiquense afirm\u00f3 que en los \u00faltimos seis a\u00f1os el Estado de M\u00e9xico y la capital del pa\u00eds forjaron una de las relaciones que m\u00e1s resultados ha otorgado a la poblaci\u00f3n en la historia de ambas entidades. En el antiguo Palacio del Ayuntamiento, en la capital nacional, Eruviel \u00c1vila reconoci\u00f3 al gobierno de la CDMX por los diversos proyectos que impulsa para mejorar el medio ambiente en la regi\u00f3n de la Megal\u00f3polis, entre ellos la construcci\u00f3n de la Planta de Termovalorizaci\u00f3n, para abastecer de electricidad al Metro y la entrega de Vales Verdes, entre otras acciones encaminadas a\u00a0 impulsar el uso de energ\u00edas limpias.<\/p>\n<p><em><a href=\"mailto:montanezaguilar@gmail.com\" target=\"_blank\" rel=\"noopener noreferrer\">montanezaguilar@gmail.com<\/a><\/em><\/p>\n<p>&nbsp;<\/p>\n","protected":false},"excerpt":{"rendered":"<p><span style=\"color: #005497;\">Jos\u00e9 Luis Monta\u00f1ez Aguilar<\/span><br \/>\n<br \/>\nEl gobernador Eruviel \u00c1vila Villegas dio a conocer que los gobiernos del Estado de M\u00e9xico y de la Ciudad de M\u00e9xico, firmaron un convenio para que las unidades del transporte p\u00fablico Mexib\u00fas IV puedan llegar al Metro Indios Verdes y a La Raza, lo que agilizar\u00e1 la conectividad, tanto con la red del Metro, como con el Metrob\u00fas, en beneficio de millones de habitantes de la Zona Metropolitana del Valle de M\u00e9xico que a diario usan estos transportes masivos.<\/p>\n","protected":false},"author":3,"featured_media":343789,"comment_status":"open","ping_status":"open","sticky":false,"template":"","format":"standard","meta":{"_monsterinsights_skip_tracking":false,"_monsterinsights_sitenote_active":false,"_monsterinsights_sitenote_note":"","_monsterinsights_sitenote_category":0,"footnotes":""},"categories":[5],"tags":[13284,43704,43674],"class_list":["post-343711","post","type-post","status-publish","format-standard","has-post-thumbnail","hentry","category-estado-de-mexico","tag-arco-norte","tag-jose-luis-montanez-aguilar","tag-opinion"],"_links":{"self":[{"href":"https:\/\/www.diarioimagen.net\/index.php?rest_route=\/wp\/v2\/posts\/343711","targetHints":{"allow":["GET"]}}],"collection":[{"href":"https:\/\/www.diarioimagen.net\/index.php?rest_route=\/wp\/v2\/posts"}],"about":[{"href":"https:\/\/www.diarioimagen.net\/index.php?rest_route=\/wp\/v2\/types\/post"}],"author":[{"embeddable":true,"href":"https:\/\/www.diarioimagen.net\/index.php?rest_route=\/wp\/v2\/users\/3"}],"replies":[{"embeddable":true,"href":"https:\/\/www.diarioimagen.net\/index.php?rest_route=%2Fwp%2Fv2%2Fcomments&post=343711"}],"version-history":[{"count":0,"href":"https:\/\/www.diarioimagen.net\/index.php?rest_route=\/wp\/v2\/posts\/343711\/revisions"}],"wp:featuredmedia":[{"embeddable":true,"href":"https:\/\/www.diarioimagen.net\/index.php?rest_route=\/wp\/v2\/media\/343789"}],"wp:attachment":[{"href":"https:\/\/www.diarioimagen.net\/index.php?rest_route=%2Fwp%2Fv2%2Fmedia&parent=343711"}],"wp:term":[{"taxonomy":"category","embeddable":true,"href":"https:\/\/www.diarioimagen.net\/index.php?rest_route=%2Fwp%2Fv2%2Fcategories&post=343711"},{"taxonomy":"post_tag","embeddable":true,"href":"https:\/\/www.diarioimagen.net\/index.php?rest_route=%2Fwp%2Fv2%2Ftags&post=343711"}],"curies":[{"name":"wp","href":"https:\/\/api.w.org\/{rel}","templated":true}]}}