{"id":343719,"date":"2017-09-12T00:09:52","date_gmt":"2017-09-12T05:09:52","guid":{"rendered":"http:\/\/www.diarioimagen.net\/?p=343719"},"modified":"2017-09-12T02:33:54","modified_gmt":"2017-09-12T07:33:54","slug":"universitarios-participaran-en-opera-aida","status":"publish","type":"post","link":"https:\/\/www.diarioimagen.net\/?p=343719","title":{"rendered":"Universitarios participar\u00e1n en \u00f3pera A\u00edda"},"content":{"rendered":"<p><a href=\"http:\/\/www.diarioimagen.net\/?attachment_id=343803\" rel=\"attachment wp-att-343803\"><img loading=\"lazy\" decoding=\"async\" class=\"aligncenter size-large wp-image-343803\" src=\"http:\/\/www.diarioimagen.net\/wp-content\/uploads\/2017\/09\/UAEM-3205-460x259.jpg\" alt=\"\" width=\"460\" height=\"259\" srcset=\"https:\/\/www.diarioimagen.net\/wp-content\/uploads\/2017\/09\/UAEM-3205-460x259.jpg 460w, https:\/\/www.diarioimagen.net\/wp-content\/uploads\/2017\/09\/UAEM-3205-240x135.jpg 240w, https:\/\/www.diarioimagen.net\/wp-content\/uploads\/2017\/09\/UAEM-3205-235x132.jpg 235w, https:\/\/www.diarioimagen.net\/wp-content\/uploads\/2017\/09\/UAEM-3205-202x114.jpg 202w, https:\/\/www.diarioimagen.net\/wp-content\/uploads\/2017\/09\/UAEM-3205-350x196.jpg 350w, https:\/\/www.diarioimagen.net\/wp-content\/uploads\/2017\/09\/UAEM-3205-220x123.jpg 220w, https:\/\/www.diarioimagen.net\/wp-content\/uploads\/2017\/09\/UAEM-3205-237x132.jpg 237w, https:\/\/www.diarioimagen.net\/wp-content\/uploads\/2017\/09\/UAEM-3205.jpg 480w\" sizes=\"auto, (max-width: 460px) 100vw, 460px\" \/><\/a><\/p>\n<p>&nbsp;<\/p>\n<p><strong>Toluca, Estado de M\u00e9xico.-\u00a0<\/strong>Con la participaci\u00f3n de estudiantes y egresados de la Facultad de Humanidades y la Escuela de Artes Esc\u00e9nicas, la Universidad Aut\u00f3noma del Estado de M\u00e9xico, en conjunto con el Ayuntamiento de Toluca y otras instancias, como la Orquesta Filarm\u00f3nica de Toluca (OFIT), presentar\u00e1 los d\u00edas 6, 7 y 8 de octubre, en el Teatro Morelos de la ciudad de Toluca, la \u00f3pera \u201cA\u00edda\u201d.<\/p>\n<p>En conferencia de prensa, el titular de la Secretar\u00eda de Difusi\u00f3n Cultural de la UAEM, Edgar Miranda Ortiz, destac\u00f3 que en el montaje de la obra de Giuseppe Verdi, una de las m\u00e1s grandes y representadas en el mundo, participan egresados de la Licenciatura en Artes Teatrales, mientras que en la Direcci\u00f3n y Producci\u00f3n colaboran estudiantes de la Escuela de Artes Esc\u00e9nicas de la UAEM.<\/p>\n<p>&nbsp;<\/p>\n","protected":false},"excerpt":{"rendered":"<p>Con la participaci\u00f3n de estudiantes y egresados de la Facultad de Humanidades y la Escuela de Artes Esc\u00e9nicas, la Universidad Aut\u00f3noma del Estado de M\u00e9xico, en conjunto con el Ayuntamiento de Toluca y otras instancias, como la Orquesta Filarm\u00f3nica de Toluca (OFIT), presentar\u00e1 los d\u00edas 6, 7 y 8 de octubre, en el Teatro Morelos de la ciudad de Toluca, la \u00f3pera \u201cA\u00edda\u201d.<\/p>\n","protected":false},"author":3,"featured_media":343803,"comment_status":"open","ping_status":"open","sticky":false,"template":"","format":"standard","meta":{"_monsterinsights_skip_tracking":false,"_monsterinsights_sitenote_active":false,"_monsterinsights_sitenote_note":"","_monsterinsights_sitenote_category":0,"footnotes":""},"categories":[35155],"tags":[65441,16393,1491,52784],"class_list":["post-343719","post","type-post","status-publish","format-standard","has-post-thumbnail","hentry","category-estado-de-mexico-estado-de-mexico","tag-aida","tag-opera","tag-uaem","tag-universitarios"],"_links":{"self":[{"href":"https:\/\/www.diarioimagen.net\/index.php?rest_route=\/wp\/v2\/posts\/343719","targetHints":{"allow":["GET"]}}],"collection":[{"href":"https:\/\/www.diarioimagen.net\/index.php?rest_route=\/wp\/v2\/posts"}],"about":[{"href":"https:\/\/www.diarioimagen.net\/index.php?rest_route=\/wp\/v2\/types\/post"}],"author":[{"embeddable":true,"href":"https:\/\/www.diarioimagen.net\/index.php?rest_route=\/wp\/v2\/users\/3"}],"replies":[{"embeddable":true,"href":"https:\/\/www.diarioimagen.net\/index.php?rest_route=%2Fwp%2Fv2%2Fcomments&post=343719"}],"version-history":[{"count":0,"href":"https:\/\/www.diarioimagen.net\/index.php?rest_route=\/wp\/v2\/posts\/343719\/revisions"}],"wp:featuredmedia":[{"embeddable":true,"href":"https:\/\/www.diarioimagen.net\/index.php?rest_route=\/wp\/v2\/media\/343803"}],"wp:attachment":[{"href":"https:\/\/www.diarioimagen.net\/index.php?rest_route=%2Fwp%2Fv2%2Fmedia&parent=343719"}],"wp:term":[{"taxonomy":"category","embeddable":true,"href":"https:\/\/www.diarioimagen.net\/index.php?rest_route=%2Fwp%2Fv2%2Fcategories&post=343719"},{"taxonomy":"post_tag","embeddable":true,"href":"https:\/\/www.diarioimagen.net\/index.php?rest_route=%2Fwp%2Fv2%2Ftags&post=343719"}],"curies":[{"name":"wp","href":"https:\/\/api.w.org\/{rel}","templated":true}]}}