{"id":343733,"date":"2017-09-12T00:09:54","date_gmt":"2017-09-12T05:09:54","guid":{"rendered":"http:\/\/www.diarioimagen.net\/?p=343733"},"modified":"2017-09-12T03:03:42","modified_gmt":"2017-09-12T08:03:42","slug":"hacienda-otorga-beneficios-a-contribuyentes","status":"publish","type":"post","link":"https:\/\/www.diarioimagen.net\/?p=343733","title":{"rendered":"Hacienda otorga beneficios a contribuyentes"},"content":{"rendered":"<ul>\n<li><strong><em>En pago del ISR de agosto a diciembre<\/em><\/strong><\/li>\n<\/ul>\n<p>&nbsp;<\/p>\n<div id=\"attachment_343824\" style=\"width: 470px\" class=\"wp-caption aligncenter\"><a href=\"http:\/\/www.diarioimagen.net\/?attachment_id=343824\" rel=\"attachment wp-att-343824\"><img loading=\"lazy\" decoding=\"async\" aria-describedby=\"caption-attachment-343824\" class=\"size-large wp-image-343824\" src=\"http:\/\/www.diarioimagen.net\/wp-content\/uploads\/2017\/09\/FISCO-3205-460x259.jpg\" alt=\"\" width=\"460\" height=\"259\" srcset=\"https:\/\/www.diarioimagen.net\/wp-content\/uploads\/2017\/09\/FISCO-3205-460x259.jpg 460w, https:\/\/www.diarioimagen.net\/wp-content\/uploads\/2017\/09\/FISCO-3205-240x135.jpg 240w, https:\/\/www.diarioimagen.net\/wp-content\/uploads\/2017\/09\/FISCO-3205-235x132.jpg 235w, https:\/\/www.diarioimagen.net\/wp-content\/uploads\/2017\/09\/FISCO-3205-202x114.jpg 202w, https:\/\/www.diarioimagen.net\/wp-content\/uploads\/2017\/09\/FISCO-3205-350x196.jpg 350w, https:\/\/www.diarioimagen.net\/wp-content\/uploads\/2017\/09\/FISCO-3205-220x123.jpg 220w, https:\/\/www.diarioimagen.net\/wp-content\/uploads\/2017\/09\/FISCO-3205-237x132.jpg 237w, https:\/\/www.diarioimagen.net\/wp-content\/uploads\/2017\/09\/FISCO-3205.jpg 480w\" sizes=\"auto, (max-width: 460px) 100vw, 460px\" \/><\/a><p id=\"caption-attachment-343824\" class=\"wp-caption-text\">La SHCP otorgar\u00e1 diversos beneficios fiscales para los contribuyentes afectados por el sismo de la semana pasada.<\/p><\/div>\n<p>&nbsp;<\/p>\n<p>La Secretar\u00eda de Hacienda y Cr\u00e9dito P\u00fablico (SHCP) otorg\u00f3 diversos beneficios fiscales para los contribuyentes afectados por el sismo de 8.2 grados Richter registrado el pasado jueves en los estados de Oaxaca y Chiapas.<\/p>\n<p>En un comunicado, detall\u00f3 que entre ellos se encuentra eximir la obligaci\u00f3n de efectuar pagos provisionales del impuesto sobre la renta correspondiente a los meses de agosto a diciembre de 2017.<\/p>\n<p>Explic\u00f3 que con el objetivo de acelerar la reactivaci\u00f3n econ\u00f3mica en las comunidades afectadas por el reciente sismo registrado en los estados de Chiapas y Oaxaca y preservar las fuentes de empleo en esas zonas, el presidente de la Rep\u00fablica, Enrique Pe\u00f1a Nieto, emiti\u00f3 el decreto.<\/p>\n<p>La dependencia agreg\u00f3 que tambi\u00e9n se difiere de la obligaci\u00f3n a los contribuyentes del R\u00e9gimen de Incorporaci\u00f3n Fiscal de presentar las declaraciones del cuarto a sexto bimestre de 2017.<\/p>\n<p>Adem\u00e1s, deducir de forma inmediata las inversiones efectuadas en bienes nuevos de activo fijo que realicen durante el periodo comprendido entre el 7 de septiembre de 2017 y el 31 de marzo de 2018 en las zonas afectadas.<\/p>\n<p>Asimosmo, enterar las retenciones del Impuesto Sobre laRenta por los trabajadores en tres parcialidades iguales respecto de los pagos por ingresos por salarios y en general por la prestaci\u00f3n de un servicio personal subordinado.<\/p>\n<p>En materia de IVA se\u00f1al\u00f3 que se debe enterar en tres parcialidades iguales el pago definitivo de los impuestos al valor agregado y especial sobre producci\u00f3n y servicios a su cargo correspondiente a los meses de agosto, septiembre, octubre, noviembre y diciembre de 2017.<\/p>\n<p>A\u00f1adi\u00f3 que los contribuyentes que se dediquen exclusivamente a las actividades agr\u00edcolas, ganaderas, pesqueras o silv\u00edcolas, que opten por realizar pagos provisionales semestrales, podr\u00e1n optar por presentar mensualmente las declaraciones del impuesto al valor agregado correspondientes a dicho semestre.<\/p>\n<p>Las solicitudes de devoluci\u00f3n del impuesto al valor agregado presentadas antes del 15 de septiembre de 2017, se tramitar\u00e1n en un plazo m\u00e1ximo de 10 d\u00edas h\u00e1biles, inform\u00f3.<\/p>\n<p>La SHCP dijo que a los contribuyentes que cuenten con autorizaci\u00f3n de pagos provisionales, podr\u00e1n diferir el pago de las parcialidades correspondientes al mes de septiembre de 2017 y subsecuentes que se les haya autorizado, reanudando, en los mismos t\u00e9rminos y condiciones autorizadas, el programa de pagos de dichas parcialidades a partir del mes de enero de 2018.<\/p>\n<p>Manifest\u00f3 que a los patrones y dem\u00e1s sujetos obligados en t\u00e9rminos de la Ley del Seguro Social, se autoriza el pago a plazos, ya sea en forma diferida o hasta en 12 parcialidades, sin que se generen recargos y actualizaciones de las cuotas causadas durante los meses de septiembre a diciembre de 2017, para que \u00e9stas sean cubiertas a partir del mes de enero de 2018.<\/p>\n","protected":false},"excerpt":{"rendered":"<p>La Secretar\u00eda de Hacienda y Cr\u00e9dito P\u00fablico (SHCP) otorg\u00f3 diversos beneficios fiscales para los contribuyentes afectados por el sismo de 8.2 grados Richter registrado el pasado jueves en los estados de Oaxaca y Chiapas.<\/p>\n","protected":false},"author":3,"featured_media":343824,"comment_status":"open","ping_status":"open","sticky":false,"template":"","format":"standard","meta":{"_monsterinsights_skip_tracking":false,"_monsterinsights_sitenote_active":false,"_monsterinsights_sitenote_note":"","_monsterinsights_sitenote_category":0,"footnotes":""},"categories":[8],"tags":[34028,2269,1101,1102],"class_list":["post-343733","post","type-post","status-publish","format-standard","has-post-thumbnail","hentry","category-finanzas","tag-beneficio","tag-chiapas","tag-secretaria-de-hacienda-y-credito-publico","tag-shcp"],"_links":{"self":[{"href":"https:\/\/www.diarioimagen.net\/index.php?rest_route=\/wp\/v2\/posts\/343733","targetHints":{"allow":["GET"]}}],"collection":[{"href":"https:\/\/www.diarioimagen.net\/index.php?rest_route=\/wp\/v2\/posts"}],"about":[{"href":"https:\/\/www.diarioimagen.net\/index.php?rest_route=\/wp\/v2\/types\/post"}],"author":[{"embeddable":true,"href":"https:\/\/www.diarioimagen.net\/index.php?rest_route=\/wp\/v2\/users\/3"}],"replies":[{"embeddable":true,"href":"https:\/\/www.diarioimagen.net\/index.php?rest_route=%2Fwp%2Fv2%2Fcomments&post=343733"}],"version-history":[{"count":0,"href":"https:\/\/www.diarioimagen.net\/index.php?rest_route=\/wp\/v2\/posts\/343733\/revisions"}],"wp:featuredmedia":[{"embeddable":true,"href":"https:\/\/www.diarioimagen.net\/index.php?rest_route=\/wp\/v2\/media\/343824"}],"wp:attachment":[{"href":"https:\/\/www.diarioimagen.net\/index.php?rest_route=%2Fwp%2Fv2%2Fmedia&parent=343733"}],"wp:term":[{"taxonomy":"category","embeddable":true,"href":"https:\/\/www.diarioimagen.net\/index.php?rest_route=%2Fwp%2Fv2%2Fcategories&post=343733"},{"taxonomy":"post_tag","embeddable":true,"href":"https:\/\/www.diarioimagen.net\/index.php?rest_route=%2Fwp%2Fv2%2Ftags&post=343733"}],"curies":[{"name":"wp","href":"https:\/\/api.w.org\/{rel}","templated":true}]}}