{"id":343740,"date":"2017-09-12T00:07:32","date_gmt":"2017-09-12T05:07:32","guid":{"rendered":"http:\/\/www.diarioimagen.net\/?p=343740"},"modified":"2017-09-12T02:59:13","modified_gmt":"2017-09-12T07:59:13","slug":"paquete-economico-de-certeza-ante-elecciones","status":"publish","type":"post","link":"https:\/\/www.diarioimagen.net\/?p=343740","title":{"rendered":"Paquete econ\u00f3mico de certeza ante elecciones"},"content":{"rendered":"<ul>\n<li><strong><em>Afirma Jos\u00e9 Antonio Meade<\/em><\/strong><\/li>\n<\/ul>\n<p>&nbsp;<\/p>\n<div id=\"attachment_343821\" style=\"width: 470px\" class=\"wp-caption aligncenter\"><a href=\"http:\/\/www.diarioimagen.net\/?attachment_id=343821\" rel=\"attachment wp-att-343821\"><img loading=\"lazy\" decoding=\"async\" aria-describedby=\"caption-attachment-343821\" class=\"size-large wp-image-343821\" src=\"http:\/\/www.diarioimagen.net\/wp-content\/uploads\/2017\/09\/meade-3205-460x259.jpg\" alt=\"\" width=\"460\" height=\"259\" srcset=\"https:\/\/www.diarioimagen.net\/wp-content\/uploads\/2017\/09\/meade-3205-460x259.jpg 460w, https:\/\/www.diarioimagen.net\/wp-content\/uploads\/2017\/09\/meade-3205-240x135.jpg 240w, https:\/\/www.diarioimagen.net\/wp-content\/uploads\/2017\/09\/meade-3205-235x132.jpg 235w, https:\/\/www.diarioimagen.net\/wp-content\/uploads\/2017\/09\/meade-3205-202x114.jpg 202w, https:\/\/www.diarioimagen.net\/wp-content\/uploads\/2017\/09\/meade-3205-350x196.jpg 350w, https:\/\/www.diarioimagen.net\/wp-content\/uploads\/2017\/09\/meade-3205-220x123.jpg 220w, https:\/\/www.diarioimagen.net\/wp-content\/uploads\/2017\/09\/meade-3205-237x132.jpg 237w, https:\/\/www.diarioimagen.net\/wp-content\/uploads\/2017\/09\/meade-3205.jpg 480w\" sizes=\"auto, (max-width: 460px) 100vw, 460px\" \/><\/a><p id=\"caption-attachment-343821\" class=\"wp-caption-text\">Jos\u00e9 Antonio Meade dijo que M\u00e9xico seguir\u00e1 mandando se\u00f1ales de corto y largo plazos para dar aliento a los inversionistas.<\/p><\/div>\n<p>&nbsp;<\/p>\n<p>El paquete econ\u00f3mico de 2018 y el mejor entorno de negocios generado por las reformas estructurales son elementos de certeza frente a la incertidumbre que traen consigo las elecciones, destac\u00f3 el secretario de Hacienda, Jos\u00e9 Antonio Meade Kuribre\u00f1a.<\/p>\n<p>Durante su participaci\u00f3n en el Foro Expansi\u00f3n 2017, dijo que M\u00e9xico seguir\u00e1 mandando se\u00f1ales de corto y largo plazos para dar aliento a quien piensa que es un buen pa\u00eds para invertir y \u201capostarle\u201d, m\u00e1s all\u00e1 de la incertidumbre electoral.<\/p>\n<p>\u201cSin duda las elecciones traen consigo incertidumbre, y frente la incertidumbre lo que nosotros hemos tratado de hacer es dar mejores elementos de certeza\u201d, subray\u00f3 el encargado de las finanzas p\u00fablicas del pa\u00eds.<\/p>\n<p>Mencion\u00f3 que uno de los elementos que ayuda a esta certeza es el paquete econ\u00f3mico 2018, cuya propuesta fue entregada al Congreso de la Uni\u00f3n el pasado viernes, pues en este se \u201canclaron\u201d los compromisos hechos por el gobierno federal.<\/p>\n<p>El paquete econ\u00f3mico propuesto para el a\u00f1o pr\u00f3ximo, dijo, plantea lograr el menor nivel de endeudamiento desde 2013, entregar\u00e1 una trayectoria decreciente de deuda respecto al Producto Interno Bruto (PIB), adem\u00e1s se seguir\u00e1n anclando las reformas.<\/p>\n<p>As\u00ed, se busca que en el buen manejo macroecon\u00f3mico, en una pol\u00edtica monetaria aut\u00f3noma y en un mejor entorno de negocios al amparo de las reformas, se siga encontrando a un M\u00e9xico atractivo.<\/p>\n<p>\u201cQue mande se\u00f1ales no solo de corto plazo, sino de largo plazo, que alienten a quien piensa que M\u00e9xico es un buen entorno para invertir y un buen pa\u00eds al que apostarle, m\u00e1s all\u00e1 del espacio y de la incertidumbre electoral\u201d, subray\u00f3.<\/p>\n<p>Meade Kuribre\u00f1a coment\u00f3 adem\u00e1s que ahora las reformas estructurales aprobadas ya est\u00e1n reflejadas en la ley, pues no s\u00f3lo han sido revisadas en su constitucionalidad por la Corte, sino que est\u00e1n ya \u201cempotradas\u201d en la realidad econ\u00f3mica del pa\u00eds.<\/p>\n<p>\u201cPor lo tanto, (las reformas) tienen alguien m\u00e1s que las defienda, distinto del marco legal y eso debiera de ayudarnos a dar un marco de certeza, frente a las incertidumbres propias del contexto electoral\u201d, insisti\u00f3 el secretario de Hacienda.<\/p>\n<p>Por otra parte, afirm\u00f3 que la econom\u00eda mexicana tiene ahora mejores perspectivas que las de apenas hace un a\u00f1o, lo que se refleja en mejores estimaciones de crecimiento por parte de los analistas del sector privado.<\/p>\n<p>Adem\u00e1s, porque tiene fuentes de crecimiento m\u00e1s balanceadas, tiene la oportunidad de actualizar el Tratado de Libre Comercio de Am\u00e9rica del Norte (TLCAN), y hay un mejor entorno y un mayor n\u00famero de sectores en los que se puede invertir.<\/p>\n<p>Explic\u00f3 que mientras al inicio de a\u00f1o se pensaba que la econom\u00eda crecer\u00eda en promedio 1.6 por ciento, ahora se estima que ser\u00e1 de 2.2 por ciento, y para 2018 se esperaba un avance de 2.2 por ciento y actualmente se prev\u00e9 que ser\u00e1 de 2.4 por ciento.<\/p>\n<p>El secretario de Hacienda afirm\u00f3 que en t\u00e9rminos generales \u201cse siente un mejor ambiente\u201d, con fuentes de crecimiento balanceadas, ya que si bien ahora se ve una desaceleraci\u00f3n marginal en el mercado interno, las exportaciones registran ya un crecimiento importante.<\/p>\n<p>\u201cEstamos estacionados con m\u00e1s mercado interno que a principio de la administraci\u00f3n y con m\u00e1s exportaciones que al principio de la administraci\u00f3n. Lo que implica que, desde el punto de vista de la salud del crecimiento hacia adelante, las fuentes est\u00e1n m\u00e1s balanceadas\u201d, abund\u00f3.<\/p>\n","protected":false},"excerpt":{"rendered":"<p>El paquete econ\u00f3mico de 2018 y el mejor entorno de negocios generado por las reformas estructurales son elementos de certeza frente a la incertidumbre que traen consigo las elecciones, destac\u00f3 el secretario de Hacienda, Jos\u00e9 Antonio Meade Kuribre\u00f1a.<\/p>\n","protected":false},"author":3,"featured_media":343821,"comment_status":"open","ping_status":"open","sticky":false,"template":"","format":"standard","meta":{"_monsterinsights_skip_tracking":false,"_monsterinsights_sitenote_active":false,"_monsterinsights_sitenote_note":"","_monsterinsights_sitenote_category":0,"footnotes":""},"categories":[8],"tags":[65447,798,43678,26429],"class_list":["post-343740","post","type-post","status-publish","format-standard","has-post-thumbnail","hentry","category-finanzas","tag-certeza","tag-elecciones","tag-finanzas","tag-jose-antonio-meade-kuribrena"],"_links":{"self":[{"href":"https:\/\/www.diarioimagen.net\/index.php?rest_route=\/wp\/v2\/posts\/343740","targetHints":{"allow":["GET"]}}],"collection":[{"href":"https:\/\/www.diarioimagen.net\/index.php?rest_route=\/wp\/v2\/posts"}],"about":[{"href":"https:\/\/www.diarioimagen.net\/index.php?rest_route=\/wp\/v2\/types\/post"}],"author":[{"embeddable":true,"href":"https:\/\/www.diarioimagen.net\/index.php?rest_route=\/wp\/v2\/users\/3"}],"replies":[{"embeddable":true,"href":"https:\/\/www.diarioimagen.net\/index.php?rest_route=%2Fwp%2Fv2%2Fcomments&post=343740"}],"version-history":[{"count":0,"href":"https:\/\/www.diarioimagen.net\/index.php?rest_route=\/wp\/v2\/posts\/343740\/revisions"}],"wp:featuredmedia":[{"embeddable":true,"href":"https:\/\/www.diarioimagen.net\/index.php?rest_route=\/wp\/v2\/media\/343821"}],"wp:attachment":[{"href":"https:\/\/www.diarioimagen.net\/index.php?rest_route=%2Fwp%2Fv2%2Fmedia&parent=343740"}],"wp:term":[{"taxonomy":"category","embeddable":true,"href":"https:\/\/www.diarioimagen.net\/index.php?rest_route=%2Fwp%2Fv2%2Fcategories&post=343740"},{"taxonomy":"post_tag","embeddable":true,"href":"https:\/\/www.diarioimagen.net\/index.php?rest_route=%2Fwp%2Fv2%2Ftags&post=343740"}],"curies":[{"name":"wp","href":"https:\/\/api.w.org\/{rel}","templated":true}]}}