{"id":343748,"date":"2017-09-12T00:08:31","date_gmt":"2017-09-12T05:08:31","guid":{"rendered":"http:\/\/www.diarioimagen.net\/?p=343748"},"modified":"2017-09-12T02:45:27","modified_gmt":"2017-09-12T07:45:27","slug":"en-naucalpan-reconocen-a-policias-estatales","status":"publish","type":"post","link":"https:\/\/www.diarioimagen.net\/?p=343748","title":{"rendered":"En Naucalpan reconocen a polic\u00edas estatales"},"content":{"rendered":"<p><a href=\"http:\/\/www.diarioimagen.net\/?attachment_id=343808\" rel=\"attachment wp-att-343808\"><img loading=\"lazy\" decoding=\"async\" class=\"aligncenter size-large wp-image-343808\" src=\"http:\/\/www.diarioimagen.net\/wp-content\/uploads\/2017\/09\/NAUCALPAN-3205-460x259.jpg\" alt=\"\" width=\"460\" height=\"259\" srcset=\"https:\/\/www.diarioimagen.net\/wp-content\/uploads\/2017\/09\/NAUCALPAN-3205-460x259.jpg 460w, https:\/\/www.diarioimagen.net\/wp-content\/uploads\/2017\/09\/NAUCALPAN-3205-240x135.jpg 240w, https:\/\/www.diarioimagen.net\/wp-content\/uploads\/2017\/09\/NAUCALPAN-3205-235x132.jpg 235w, https:\/\/www.diarioimagen.net\/wp-content\/uploads\/2017\/09\/NAUCALPAN-3205-202x114.jpg 202w, https:\/\/www.diarioimagen.net\/wp-content\/uploads\/2017\/09\/NAUCALPAN-3205-350x196.jpg 350w, https:\/\/www.diarioimagen.net\/wp-content\/uploads\/2017\/09\/NAUCALPAN-3205-220x123.jpg 220w, https:\/\/www.diarioimagen.net\/wp-content\/uploads\/2017\/09\/NAUCALPAN-3205-237x132.jpg 237w, https:\/\/www.diarioimagen.net\/wp-content\/uploads\/2017\/09\/NAUCALPAN-3205.jpg 480w\" sizes=\"auto, (max-width: 460px) 100vw, 460px\" \/><\/a><\/p>\n<p>&nbsp;<\/p>\n<p><strong>Naucalpan, Estado de M\u00e9xico<\/strong><strong>.- <\/strong>La asociaci\u00f3n civil \u201c Naucalpan es Progreso\u201d, al frente de su presidente, Gustavo Parra S\u00e1nchez, llev\u00f3 a cabo un p\u00fablico reconocimiento\u00a0 a elementos de la Secretar\u00eda\u00a0 de Seguridad Ciudadana del Estado de M\u00e9xico, que integran el Grupo Especial LOMAS VERDES, quienes coordinados con personal de Seguridad P\u00fablica de Naucalpan y otros cuerpos policiacos, est\u00e1n logrando mejores condiciones de seguridad a los naucalpenses. A nombre de los uniformados, el comisario David Alberto Izquierdo, agradeci\u00f3 a NEPACl reconocer\u00a0la labor de la polic\u00eda mexiquense.<\/p>\n","protected":false},"excerpt":{"rendered":"<p>La asociaci\u00f3n civil \u201c Naucalpan es Progreso\u201d, al frente de su presidente, Gustavo Parra S\u00e1nchez, llev\u00f3 a cabo un p\u00fablico reconocimiento  a elementos de la Secretar\u00eda  de Seguridad Ciudadana del Estado de M\u00e9xico, que integran el Grupo Especial LOMAS VERDES, quienes coordinados con personal de Seguridad P\u00fablica de Naucalpan y otros cuerpos policiacos, est\u00e1n logrando mejores condiciones de seguridad a los naucalpenses. A nombre de los uniformados, el comisario David Alberto Izquierdo, agradeci\u00f3 a NEPACl reconocer la labor de la polic\u00eda mexiquense.<\/p>\n","protected":false},"author":3,"featured_media":343808,"comment_status":"open","ping_status":"open","sticky":false,"template":"","format":"standard","meta":{"_monsterinsights_skip_tracking":false,"_monsterinsights_sitenote_active":false,"_monsterinsights_sitenote_note":"","_monsterinsights_sitenote_category":0,"footnotes":""},"categories":[35155],"tags":[43675,970,20744],"class_list":["post-343748","post","type-post","status-publish","format-standard","has-post-thumbnail","hentry","category-estado-de-mexico-estado-de-mexico","tag-estado-de-mexico","tag-naucalpan","tag-secretaria-de-seguridad-ciudadana"],"_links":{"self":[{"href":"https:\/\/www.diarioimagen.net\/index.php?rest_route=\/wp\/v2\/posts\/343748","targetHints":{"allow":["GET"]}}],"collection":[{"href":"https:\/\/www.diarioimagen.net\/index.php?rest_route=\/wp\/v2\/posts"}],"about":[{"href":"https:\/\/www.diarioimagen.net\/index.php?rest_route=\/wp\/v2\/types\/post"}],"author":[{"embeddable":true,"href":"https:\/\/www.diarioimagen.net\/index.php?rest_route=\/wp\/v2\/users\/3"}],"replies":[{"embeddable":true,"href":"https:\/\/www.diarioimagen.net\/index.php?rest_route=%2Fwp%2Fv2%2Fcomments&post=343748"}],"version-history":[{"count":0,"href":"https:\/\/www.diarioimagen.net\/index.php?rest_route=\/wp\/v2\/posts\/343748\/revisions"}],"wp:featuredmedia":[{"embeddable":true,"href":"https:\/\/www.diarioimagen.net\/index.php?rest_route=\/wp\/v2\/media\/343808"}],"wp:attachment":[{"href":"https:\/\/www.diarioimagen.net\/index.php?rest_route=%2Fwp%2Fv2%2Fmedia&parent=343748"}],"wp:term":[{"taxonomy":"category","embeddable":true,"href":"https:\/\/www.diarioimagen.net\/index.php?rest_route=%2Fwp%2Fv2%2Fcategories&post=343748"},{"taxonomy":"post_tag","embeddable":true,"href":"https:\/\/www.diarioimagen.net\/index.php?rest_route=%2Fwp%2Fv2%2Ftags&post=343748"}],"curies":[{"name":"wp","href":"https:\/\/api.w.org\/{rel}","templated":true}]}}