{"id":343756,"date":"2017-09-12T00:07:58","date_gmt":"2017-09-12T05:07:58","guid":{"rendered":"http:\/\/www.diarioimagen.net\/?p=343756"},"modified":"2017-09-12T02:49:17","modified_gmt":"2017-09-12T07:49:17","slug":"cumplen-autoridades-de-metepec-compromiso-con-vecinos-de-la-pila","status":"publish","type":"post","link":"https:\/\/www.diarioimagen.net\/?p=343756","title":{"rendered":"Cumplen autoridades de Metepec compromiso con vecinos de La Pila"},"content":{"rendered":"<ul>\n<li><strong><em>Entregan rehabilitaci\u00f3n de parque<\/em><\/strong><\/li>\n<\/ul>\n<p>&nbsp;<\/p>\n<div id=\"attachment_343814\" style=\"width: 470px\" class=\"wp-caption aligncenter\"><a href=\"http:\/\/www.diarioimagen.net\/?attachment_id=343814\" rel=\"attachment wp-att-343814\"><img loading=\"lazy\" decoding=\"async\" aria-describedby=\"caption-attachment-343814\" class=\"size-large wp-image-343814\" src=\"http:\/\/www.diarioimagen.net\/wp-content\/uploads\/2017\/09\/METEPEC-3205-460x259.jpg\" alt=\"\" width=\"460\" height=\"259\" srcset=\"https:\/\/www.diarioimagen.net\/wp-content\/uploads\/2017\/09\/METEPEC-3205-460x259.jpg 460w, https:\/\/www.diarioimagen.net\/wp-content\/uploads\/2017\/09\/METEPEC-3205-240x135.jpg 240w, https:\/\/www.diarioimagen.net\/wp-content\/uploads\/2017\/09\/METEPEC-3205-235x132.jpg 235w, https:\/\/www.diarioimagen.net\/wp-content\/uploads\/2017\/09\/METEPEC-3205-202x114.jpg 202w, https:\/\/www.diarioimagen.net\/wp-content\/uploads\/2017\/09\/METEPEC-3205-350x196.jpg 350w, https:\/\/www.diarioimagen.net\/wp-content\/uploads\/2017\/09\/METEPEC-3205-220x123.jpg 220w, https:\/\/www.diarioimagen.net\/wp-content\/uploads\/2017\/09\/METEPEC-3205-237x132.jpg 237w, https:\/\/www.diarioimagen.net\/wp-content\/uploads\/2017\/09\/METEPEC-3205.jpg 480w\" sizes=\"auto, (max-width: 460px) 100vw, 460px\" \/><\/a><p id=\"caption-attachment-343814\" class=\"wp-caption-text\">Autoridades entregaron a vecinos de San Jos\u00e9 La Pila m\u00f3dulo de juegos infantiles y la rehabilitaci\u00f3n del parque.<\/p><\/div>\n<p>&nbsp;<\/p>\n<p><strong>Metepec, Estado de M\u00e9xico<\/strong>.-\u00a0Vecinos de la colonia San Jos\u00e9 La Pila, recibieron de autoridades del municipio, m\u00f3dulo de juegos infantiles y la rehabilitaci\u00f3n del parque de la localidad, compromiso cumplido que alienta la convivencia comunitaria en un ambiente seguro.<\/p>\n<p>El alcalde David L\u00f3pez C\u00e1rdenas y el secretario del Ayuntamiento, Alejandro Abad Lara Terr\u00f3n, estuvieron en el lugar para convivir con los vecinos y hacer entrega del equipamiento y la conclusi\u00f3n de labores de mejoramiento de la cancha deportiva, cubriendo de esa forma, sentida solicitud de la poblaci\u00f3n.<\/p>\n<p>Las acciones de rescate del espacio p\u00fablico, forma parte de la permanente tarea que realiza el ayuntamiento para brindar espacios dignos y funcionales para la pr\u00e1ctica de actividades f\u00edsicas, adem\u00e1s de entornos saludables de recreaci\u00f3n dedicadas a todas las personas.<\/p>\n<p>Aplicaci\u00f3n de pintura en el per\u00edmetro de la cancha multiusos, colocaci\u00f3n de malla cicl\u00f3nica, retiro de estructuras de metal que representaban severo riesgo para los menores, instalaci\u00f3n de atractivo m\u00f3dulo de juegos infantiles y limpieza general, fueron algunas de las modificaciones que sufri\u00f3 el parque, que de inmediato tuvo la concurrencia de los habitantes, sobre todo de ni\u00f1as y ni\u00f1os.<\/p>\n<p>Cabe se\u00f1alar que la gesti\u00f3n de la Secretar\u00eda del Ayuntamiento fue fundamental para la concreci\u00f3n del proyecto del gobierno local.<\/p>\n","protected":false},"excerpt":{"rendered":"<p>Vecinos de la colonia San Jos\u00e9 La Pila, recibieron de autoridades del municipio, m\u00f3dulo de juegos infantiles y la rehabilitaci\u00f3n del parque de la localidad, compromiso cumplido que alienta la convivencia comunitaria en un ambiente seguro.<\/p>\n","protected":false},"author":3,"featured_media":343814,"comment_status":"open","ping_status":"open","sticky":false,"template":"","format":"standard","meta":{"_monsterinsights_skip_tracking":false,"_monsterinsights_sitenote_active":false,"_monsterinsights_sitenote_note":"","_monsterinsights_sitenote_category":0,"footnotes":""},"categories":[35155],"tags":[15135,43675,876,65450],"class_list":["post-343756","post","type-post","status-publish","format-standard","has-post-thumbnail","hentry","category-estado-de-mexico-estado-de-mexico","tag-compromiso","tag-estado-de-mexico","tag-metepec","tag-san-jose-la-pila"],"_links":{"self":[{"href":"https:\/\/www.diarioimagen.net\/index.php?rest_route=\/wp\/v2\/posts\/343756","targetHints":{"allow":["GET"]}}],"collection":[{"href":"https:\/\/www.diarioimagen.net\/index.php?rest_route=\/wp\/v2\/posts"}],"about":[{"href":"https:\/\/www.diarioimagen.net\/index.php?rest_route=\/wp\/v2\/types\/post"}],"author":[{"embeddable":true,"href":"https:\/\/www.diarioimagen.net\/index.php?rest_route=\/wp\/v2\/users\/3"}],"replies":[{"embeddable":true,"href":"https:\/\/www.diarioimagen.net\/index.php?rest_route=%2Fwp%2Fv2%2Fcomments&post=343756"}],"version-history":[{"count":0,"href":"https:\/\/www.diarioimagen.net\/index.php?rest_route=\/wp\/v2\/posts\/343756\/revisions"}],"wp:featuredmedia":[{"embeddable":true,"href":"https:\/\/www.diarioimagen.net\/index.php?rest_route=\/wp\/v2\/media\/343814"}],"wp:attachment":[{"href":"https:\/\/www.diarioimagen.net\/index.php?rest_route=%2Fwp%2Fv2%2Fmedia&parent=343756"}],"wp:term":[{"taxonomy":"category","embeddable":true,"href":"https:\/\/www.diarioimagen.net\/index.php?rest_route=%2Fwp%2Fv2%2Fcategories&post=343756"},{"taxonomy":"post_tag","embeddable":true,"href":"https:\/\/www.diarioimagen.net\/index.php?rest_route=%2Fwp%2Fv2%2Ftags&post=343756"}],"curies":[{"name":"wp","href":"https:\/\/api.w.org\/{rel}","templated":true}]}}