{"id":343759,"date":"2017-09-12T00:06:02","date_gmt":"2017-09-12T05:06:02","guid":{"rendered":"http:\/\/www.diarioimagen.net\/?p=343759"},"modified":"2017-09-12T02:55:07","modified_gmt":"2017-09-12T07:55:07","slug":"aseguran-en%e2%80%88ecatepec-a-pareja-por-robo-a-transporte","status":"publish","type":"post","link":"https:\/\/www.diarioimagen.net\/?p=343759","title":{"rendered":"Aseguran en\u2008Ecatepec  a pareja por robo a transporte"},"content":{"rendered":"<p><a href=\"http:\/\/www.diarioimagen.net\/?attachment_id=343817\" rel=\"attachment wp-att-343817\"><img loading=\"lazy\" decoding=\"async\" class=\"aligncenter size-large wp-image-343817\" src=\"http:\/\/www.diarioimagen.net\/wp-content\/uploads\/2017\/09\/ECATEPEC-3205-460x259.jpg\" alt=\"\" width=\"460\" height=\"259\" srcset=\"https:\/\/www.diarioimagen.net\/wp-content\/uploads\/2017\/09\/ECATEPEC-3205-460x259.jpg 460w, https:\/\/www.diarioimagen.net\/wp-content\/uploads\/2017\/09\/ECATEPEC-3205-240x135.jpg 240w, https:\/\/www.diarioimagen.net\/wp-content\/uploads\/2017\/09\/ECATEPEC-3205-235x132.jpg 235w, https:\/\/www.diarioimagen.net\/wp-content\/uploads\/2017\/09\/ECATEPEC-3205-202x114.jpg 202w, https:\/\/www.diarioimagen.net\/wp-content\/uploads\/2017\/09\/ECATEPEC-3205-350x196.jpg 350w, https:\/\/www.diarioimagen.net\/wp-content\/uploads\/2017\/09\/ECATEPEC-3205-220x123.jpg 220w, https:\/\/www.diarioimagen.net\/wp-content\/uploads\/2017\/09\/ECATEPEC-3205-237x132.jpg 237w, https:\/\/www.diarioimagen.net\/wp-content\/uploads\/2017\/09\/ECATEPEC-3205.jpg 480w\" sizes=\"auto, (max-width: 460px) 100vw, 460px\" \/><\/a><\/p>\n<p>&nbsp;<\/p>\n<p><strong>Ecatepec, Estado de M\u00e9xico.-<\/strong> \u00d3scar Omar Garc\u00eda Molina y Gabriela Dominguez Zamudio, fueron asegurados por la polic\u00eda municipal de Ecatepec; se les acusa de asalto con violencia en contra de chofer y pasajeros de un veh\u00edculo del servicio p\u00fablico de la l\u00ednea autotransportes urbanos y sub urbanos, que circulaba por la avenida Palomas, Centro de esta ciudad, inform\u00f3 el comisario Arturo Centeno Cano, quien se encarg\u00f3 de trasladar a la pareja ante el MP a petici\u00f3n de sus v\u00edctimas.<\/p>\n","protected":false},"excerpt":{"rendered":"<p>\u00d3scar Omar Garc\u00eda Molina y Gabriela Dominguez Zamudio, fueron asegurados por la polic\u00eda municipal de Ecatepec; se les acusa de asalto con violencia en contra de chofer y pasajeros de un veh\u00edculo del servicio p\u00fablico de la l\u00ednea autotransportes urbanos y sub urbanos, que circulaba por la avenida Palomas, Centro de esta ciudad, inform\u00f3 el comisario Arturo Centeno Cano, quien se encarg\u00f3 de trasladar a la pareja ante el MP a petici\u00f3n de sus v\u00edctimas.<\/p>\n","protected":false},"author":3,"featured_media":343817,"comment_status":"open","ping_status":"open","sticky":false,"template":"","format":"standard","meta":{"_monsterinsights_skip_tracking":false,"_monsterinsights_sitenote_active":false,"_monsterinsights_sitenote_note":"","_monsterinsights_sitenote_category":0,"footnotes":""},"categories":[35155],"tags":[65451,10206,454,43675],"class_list":["post-343759","post","type-post","status-publish","format-standard","has-post-thumbnail","hentry","category-estado-de-mexico-estado-de-mexico","tag-asegurados","tag-delincuentes","tag-ecatepec","tag-estado-de-mexico"],"_links":{"self":[{"href":"https:\/\/www.diarioimagen.net\/index.php?rest_route=\/wp\/v2\/posts\/343759","targetHints":{"allow":["GET"]}}],"collection":[{"href":"https:\/\/www.diarioimagen.net\/index.php?rest_route=\/wp\/v2\/posts"}],"about":[{"href":"https:\/\/www.diarioimagen.net\/index.php?rest_route=\/wp\/v2\/types\/post"}],"author":[{"embeddable":true,"href":"https:\/\/www.diarioimagen.net\/index.php?rest_route=\/wp\/v2\/users\/3"}],"replies":[{"embeddable":true,"href":"https:\/\/www.diarioimagen.net\/index.php?rest_route=%2Fwp%2Fv2%2Fcomments&post=343759"}],"version-history":[{"count":0,"href":"https:\/\/www.diarioimagen.net\/index.php?rest_route=\/wp\/v2\/posts\/343759\/revisions"}],"wp:featuredmedia":[{"embeddable":true,"href":"https:\/\/www.diarioimagen.net\/index.php?rest_route=\/wp\/v2\/media\/343817"}],"wp:attachment":[{"href":"https:\/\/www.diarioimagen.net\/index.php?rest_route=%2Fwp%2Fv2%2Fmedia&parent=343759"}],"wp:term":[{"taxonomy":"category","embeddable":true,"href":"https:\/\/www.diarioimagen.net\/index.php?rest_route=%2Fwp%2Fv2%2Fcategories&post=343759"},{"taxonomy":"post_tag","embeddable":true,"href":"https:\/\/www.diarioimagen.net\/index.php?rest_route=%2Fwp%2Fv2%2Ftags&post=343759"}],"curies":[{"name":"wp","href":"https:\/\/api.w.org\/{rel}","templated":true}]}}