{"id":343850,"date":"2017-09-13T00:00:38","date_gmt":"2017-09-13T05:00:38","guid":{"rendered":"http:\/\/www.diarioimagen.net\/?p=343850"},"modified":"2017-09-13T23:06:41","modified_gmt":"2017-09-14T04:06:41","slug":"surge-otro-socavon-ahora-en-gustavo-a-madero","status":"publish","type":"post","link":"https:\/\/www.diarioimagen.net\/?p=343850","title":{"rendered":"Surge otro socav\u00f3n, ahora en la Gustavo A. Madero"},"content":{"rendered":"<ul>\n<li><strong><em>Ya van 6 en los \u00faltimos 3 meses<\/em><\/strong><\/li>\n<\/ul>\n<p>&nbsp;<\/p>\n<div id=\"attachment_343851\" style=\"width: 470px\" class=\"wp-caption aligncenter\"><img loading=\"lazy\" decoding=\"async\" aria-describedby=\"caption-attachment-343851\" class=\"wp-image-343851 size-large\" src=\"http:\/\/www.diarioimagen.net\/wp-content\/uploads\/2017\/09\/SOCAVON13-portal-460x268.jpg\" alt=\"\" width=\"460\" height=\"268\" srcset=\"https:\/\/www.diarioimagen.net\/wp-content\/uploads\/2017\/09\/SOCAVON13-portal-460x268.jpg 460w, https:\/\/www.diarioimagen.net\/wp-content\/uploads\/2017\/09\/SOCAVON13-portal-240x140.jpg 240w, https:\/\/www.diarioimagen.net\/wp-content\/uploads\/2017\/09\/SOCAVON13-portal.jpg 480w\" sizes=\"auto, (max-width: 460px) 100vw, 460px\" \/><p id=\"caption-attachment-343851\" class=\"wp-caption-text\">En los \u00faltimos 3 meses se han formado seis socavones en diferentes zonas de la Ciudad de M\u00e9xico.<\/p><\/div>\n<p>&nbsp;<\/p>\n<p>Se form\u00f3 un nuevo socav\u00f3n en la Ciudad de M\u00e9xico, ahora en calles de la delegaci\u00f3n Gustavo A. Madero, por lo que las autoridades capitalinas alertaron a los automovilistas y a la poblaci\u00f3n en general.<\/p>\n<p>El Centro de Informaci\u00f3n Vial de la Secretar\u00eda de Seguridad P\u00fablica local, pidi\u00f3 tener precauci\u00f3n en el cruce de las avenidas 414 y 469, en la colonia San Juan de Arag\u00f3n.<\/p>\n<p>A trav\u00e9s de su cuenta de Twitter @OVIALCDMX, el centro sugiri\u00f3 a los automovilistas utilizar como alternativa la avenida 416.<\/p>\n<p>\u201c#Precauci\u00f3nVial afectada la circulaci\u00f3n en #Av414 a la altura de Av. 469 col. San Juan de Arag\u00f3n. #AlternativaVial Av. 416\u201d.<\/p>\n<p>En tanto, usuarios de esta red social reportaron que el hundimiento tiene una profundidad considerable, de aproximadamente cuatro metros, y que origin\u00f3 la ruptura de una tuber\u00eda. La zona se encuentra acordonada.<\/p>\n<p style=\"text-align: center;\"><strong>Van 20 socavones este a\u00f1o<\/strong><\/p>\n<p>En lo que va del a\u00f1o el Sistema de Aguas de la Ciudad de M\u00e9xico (Sacmex) ha atendido 20 socavones que se han formado a causa de lo viejo de la red de drenaje y agua potable.<\/p>\n<p>El director del Sacmex, Ram\u00f3n Aguirre, admiti\u00f3 que hasta ahora el socav\u00f3n m\u00e1s grave que han atendido es el de Humboldt, en la colonia Ju\u00e1rez.<\/p>\n<p>El socav\u00f3n se form\u00f3 por fallas en el colector semiprofundo central, que est\u00e1 a 13 metros de profundidad y tiene 50 a\u00f1os de antig\u00fcedad.<\/p>\n<p>\u201cNo es un socav\u00f3n normal; en lo que va del a\u00f1o van 20 socavones que resolvemos, pero son socavones que se resuelven en un d\u00eda o una semana.<\/p>\n<p>&nbsp;<\/p>\n<p><strong>Drenaje de 60 a\u00f1os<\/strong><\/p>\n<p>Sobre los socavones, el jefe de gobierno, Miguel \u00c1ngel Mancera, ha declarado que los hundimientos tienen que ver con los 60 a\u00f1os de antig\u00fcedad de la infraestructura hidr\u00e1ulica.<\/p>\n<p>El director Ram\u00f3n Aguirre detall\u00f3 que urge renovar el 30% de la red de drenaje y agua, para lo cual se deben invertir mil 500 millones de pesos anuales en un plazo de 40 a\u00f1os.<\/p>\n<p>La ciudad cuenta con 26 mil kil\u00f3metros de tuber\u00edas, de las que 50% son de agua potable y 46% de drenaje, cuya antig\u00fcedad es de m\u00e1s de 60 a\u00f1os.<\/p>\n<p>De acuerdo con la Universidad Nacional Aut\u00f3noma de M\u00e9xico (UNAM), la capacidad instalada de producci\u00f3n y distribuci\u00f3n de agua potable de la ciudad servir\u00eda para abastecer a la poblaci\u00f3n de Honduras y Guatemala juntas.<\/p>\n<p>La antig\u00fcedad de esta red hace que se pierdan entre el 35 y 40% del agua en fugas, que son una de las causas de la formaci\u00f3n de socavones.<\/p>\n<p>No obstante, grupos vecinales de distintas colonias consideran que estas oquedades son provocadas por los grandes de desarrollos de departamentos, supermercados y plazas comerciales.<\/p>\n<p style=\"text-align: center;\"><strong>Los socavones m\u00e1s recientes<\/strong><\/p>\n<p><strong>&#8211;<\/strong>Eje 8 Sur Popocat\u00e9petl \/ 4 de septiembre (Benito Ju\u00e1rez)<\/p>\n<p><strong>&#8211;<\/strong>Avenida Central \/ 3 de septiembre (\u00c1lvaro Obreg\u00f3n)<\/p>\n<p><strong>&#8211;<\/strong>Humboldt y Cristobal Col\u00f3n \/ 31 de agosto (Cuauht\u00e9moc)<\/p>\n<p><strong>&#8211;<\/strong>Eje 5 San Antonio \/ 15 de agosto (\u00c1lvaro Obreg\u00f3n)<\/p>\n<p><strong>&#8211;<\/strong>Eduardo Molina \/ 15 de julio (Gustavo A. Madero)<\/p>\n","protected":false},"excerpt":{"rendered":"<p>Se form\u00f3 un nuevo socav\u00f3n en la Ciudad de M\u00e9xico, ahora en calles de la delegaci\u00f3n Gustavo A. Madero, por lo que las autoridades capitalinas alertaron a los automovilistas y a la poblaci\u00f3n en general.<\/p>\n","protected":false},"author":5,"featured_media":343851,"comment_status":"open","ping_status":"open","sticky":false,"template":"","format":"standard","meta":{"_monsterinsights_skip_tracking":false,"_monsterinsights_sitenote_active":false,"_monsterinsights_sitenote_note":"","_monsterinsights_sitenote_category":0,"footnotes":""},"categories":[6],"tags":[65459,204,561,65460,65458,2899],"class_list":["post-343850","post","type-post","status-publish","format-standard","has-post-thumbnail","hentry","category-cd-de-mexico","tag-centro-de-informacion-vial","tag-ciudad-de-mexico","tag-gustavo-a-madero","tag-humboldt","tag-otro-socavon","tag-sistema-de-aguas-de-la-ciudad-de-mexico"],"_links":{"self":[{"href":"https:\/\/www.diarioimagen.net\/index.php?rest_route=\/wp\/v2\/posts\/343850","targetHints":{"allow":["GET"]}}],"collection":[{"href":"https:\/\/www.diarioimagen.net\/index.php?rest_route=\/wp\/v2\/posts"}],"about":[{"href":"https:\/\/www.diarioimagen.net\/index.php?rest_route=\/wp\/v2\/types\/post"}],"author":[{"embeddable":true,"href":"https:\/\/www.diarioimagen.net\/index.php?rest_route=\/wp\/v2\/users\/5"}],"replies":[{"embeddable":true,"href":"https:\/\/www.diarioimagen.net\/index.php?rest_route=%2Fwp%2Fv2%2Fcomments&post=343850"}],"version-history":[{"count":0,"href":"https:\/\/www.diarioimagen.net\/index.php?rest_route=\/wp\/v2\/posts\/343850\/revisions"}],"wp:featuredmedia":[{"embeddable":true,"href":"https:\/\/www.diarioimagen.net\/index.php?rest_route=\/wp\/v2\/media\/343851"}],"wp:attachment":[{"href":"https:\/\/www.diarioimagen.net\/index.php?rest_route=%2Fwp%2Fv2%2Fmedia&parent=343850"}],"wp:term":[{"taxonomy":"category","embeddable":true,"href":"https:\/\/www.diarioimagen.net\/index.php?rest_route=%2Fwp%2Fv2%2Fcategories&post=343850"},{"taxonomy":"post_tag","embeddable":true,"href":"https:\/\/www.diarioimagen.net\/index.php?rest_route=%2Fwp%2Fv2%2Ftags&post=343850"}],"curies":[{"name":"wp","href":"https:\/\/api.w.org\/{rel}","templated":true}]}}