{"id":343897,"date":"2017-09-13T00:09:01","date_gmt":"2017-09-13T05:09:01","guid":{"rendered":"http:\/\/www.diarioimagen.net\/?p=343897"},"modified":"2017-09-13T04:54:13","modified_gmt":"2017-09-13T09:54:13","slug":"reconoce-el-presidente-un-gobierno-de-servicio","status":"publish","type":"post","link":"https:\/\/www.diarioimagen.net\/?p=343897","title":{"rendered":"Reconoce el Presidente un gobierno de servicio"},"content":{"rendered":"<h2>Arco Norte<\/h2>\n<h5>Jos\u00e9 Luis Monta\u00f1ez Aguilar<\/h5>\n<p>&nbsp;<\/p>\n<p><a href=\"http:\/\/www.diarioimagen.net\/?attachment_id=343979\" rel=\"attachment wp-att-343979\"><img loading=\"lazy\" decoding=\"async\" class=\"aligncenter size-large wp-image-343979\" src=\"http:\/\/www.diarioimagen.net\/wp-content\/uploads\/2017\/09\/arco-3206-460x259.jpg\" alt=\"\" width=\"460\" height=\"259\" srcset=\"https:\/\/www.diarioimagen.net\/wp-content\/uploads\/2017\/09\/arco-3206-460x259.jpg 460w, https:\/\/www.diarioimagen.net\/wp-content\/uploads\/2017\/09\/arco-3206-240x135.jpg 240w, https:\/\/www.diarioimagen.net\/wp-content\/uploads\/2017\/09\/arco-3206-235x132.jpg 235w, https:\/\/www.diarioimagen.net\/wp-content\/uploads\/2017\/09\/arco-3206-202x114.jpg 202w, https:\/\/www.diarioimagen.net\/wp-content\/uploads\/2017\/09\/arco-3206-350x196.jpg 350w, https:\/\/www.diarioimagen.net\/wp-content\/uploads\/2017\/09\/arco-3206-220x123.jpg 220w, https:\/\/www.diarioimagen.net\/wp-content\/uploads\/2017\/09\/arco-3206-237x132.jpg 237w, https:\/\/www.diarioimagen.net\/wp-content\/uploads\/2017\/09\/arco-3206.jpg 480w\" sizes=\"auto, (max-width: 460px) 100vw, 460px\" \/><\/a><\/p>\n<p>&nbsp;<\/p>\n<p>Enrique Pe\u00f1a reconoci\u00f3 y felicit\u00f3 al gobernador Eruviel \u00c1vila por el destacado trabajo que realiz\u00f3 durante 6 a\u00f1os en el Estado de M\u00e9xico, la entidad m\u00e1s poblada del pa\u00eds; adem\u00e1s lo calific\u00f3 como un gobernante entregado al servicio de los mexiquenses.<\/p>\n<p>Al hacer entrega de la modernizaci\u00f3n de la carretera Ixtlahuaca-Jilotepec y el Distribuidor Alfredo del Mazo en Toluca, Enrique Pe\u00f1a resalt\u00f3 el 6\u00b0 Informe de Resultados del Eruviel \u00c1vila, donde rindi\u00f3 cuentas e inform\u00f3 sobre los grandes logros como el incremento del 30 por ciento en la cobertura de educaci\u00f3n superior, la construcci\u00f3n de 29 nuevas universidades, adem\u00e1s de ampliar la infraestructura en salud y reducir la mortandad materna e infantil, por encima incluso, de la media nacional.<\/p>\n<p>Por su parte, Eruviel \u00c1vila afirm\u00f3 que las obras que hoy benefician a los mexiquenses se lograron gracias al respaldo del gobierno federal y del Presidente de la Rep\u00fablica, quien conoce de las principales necesidades del Estado de M\u00e9xico.<\/p>\n<p>Tambi\u00e9n reconoci\u00f3 a Pe\u00f1a Nieto por su 5\u00ba Informe de Gobierno, en el que se destac\u00f3 los 2 millones de personas que dejaron de vivir en pobreza extrema, de los cuales 284 mil corresponden a la entidad; la generaci\u00f3n de casi 3 millones de empleos, rubro en el que el estado contribuy\u00f3 con m\u00e1s de 360 mil nuevas plazas laborales.<\/p>\n<p style=\"text-align: center;\"><strong>Rescata Grupo Rel\u00e1mpagos a mujer en Ixtapan de la Sal<\/strong><\/p>\n<p>Elementos de la Unidad de Rescate A\u00e9reo Rel\u00e1mpagos realizaron el rescate y traslado de una mujer con fractura en tibia y peron\u00e9 del Ixtapan de la Sal al Centro M\u00e9dico del ISSEMyM Toluca.<\/p>\n<p>La mujer de 34 a\u00f1os de edad, perteneciente a Protecci\u00f3n Civil de Ixtapan de la Sal, sufri\u00f3 una ca\u00edda de 40 metros aproximadamente en la barranca del Puente Nenetzingo de la autopista Tenango-Ixtapan. H\u00e9ctor Vargas, param\u00e9dico rescatista del Grupo Rel\u00e1mpagos, indic\u00f3 que en esta operaci\u00f3n fue necesario utilizar la gr\u00faa de rescate para descender de manera vertical desde el helic\u00f3ptero y realizar las maniobras de extracci\u00f3n de la paciente, quien presentaba fracturas.<\/p>\n<p>Detall\u00f3 que el rescate se realiz\u00f3 a bordo del helic\u00f3ptero de Rescate 1.<\/p>\n<p><em><a href=\"mailto:montanezaguilar@gmail.com\" target=\"_blank\" rel=\"noopener noreferrer\">montanezaguilar@gmail.com<\/a><\/em><\/p>\n<p>&nbsp;<\/p>\n<p>&nbsp;<\/p>\n<p>&nbsp;<\/p>\n<p>&nbsp;<\/p>\n<p>&nbsp;<\/p>\n","protected":false},"excerpt":{"rendered":"<p><span style=\"color: #005497;\">Jos\u00e9 Luis Monta\u00f1ez Aguilar<\/span><br \/>\n<br \/>\nEnrique Pe\u00f1a reconoci\u00f3 y felicit\u00f3 al gobernador Eruviel \u00c1vila por el destacado trabajo que realiz\u00f3 durante 6 a\u00f1os en el Estado de M\u00e9xico, la entidad m\u00e1s poblada del pa\u00eds; adem\u00e1s lo calific\u00f3 como un gobernante entregado al servicio de los mexiquenses.<\/p>\n","protected":false},"author":3,"featured_media":343979,"comment_status":"open","ping_status":"open","sticky":false,"template":"","format":"standard","meta":{"_monsterinsights_skip_tracking":false,"_monsterinsights_sitenote_active":false,"_monsterinsights_sitenote_note":"","_monsterinsights_sitenote_category":0,"footnotes":""},"categories":[35155],"tags":[13284,43704,43674],"class_list":["post-343897","post","type-post","status-publish","format-standard","has-post-thumbnail","hentry","category-estado-de-mexico-estado-de-mexico","tag-arco-norte","tag-jose-luis-montanez-aguilar","tag-opinion"],"_links":{"self":[{"href":"https:\/\/www.diarioimagen.net\/index.php?rest_route=\/wp\/v2\/posts\/343897","targetHints":{"allow":["GET"]}}],"collection":[{"href":"https:\/\/www.diarioimagen.net\/index.php?rest_route=\/wp\/v2\/posts"}],"about":[{"href":"https:\/\/www.diarioimagen.net\/index.php?rest_route=\/wp\/v2\/types\/post"}],"author":[{"embeddable":true,"href":"https:\/\/www.diarioimagen.net\/index.php?rest_route=\/wp\/v2\/users\/3"}],"replies":[{"embeddable":true,"href":"https:\/\/www.diarioimagen.net\/index.php?rest_route=%2Fwp%2Fv2%2Fcomments&post=343897"}],"version-history":[{"count":0,"href":"https:\/\/www.diarioimagen.net\/index.php?rest_route=\/wp\/v2\/posts\/343897\/revisions"}],"wp:featuredmedia":[{"embeddable":true,"href":"https:\/\/www.diarioimagen.net\/index.php?rest_route=\/wp\/v2\/media\/343979"}],"wp:attachment":[{"href":"https:\/\/www.diarioimagen.net\/index.php?rest_route=%2Fwp%2Fv2%2Fmedia&parent=343897"}],"wp:term":[{"taxonomy":"category","embeddable":true,"href":"https:\/\/www.diarioimagen.net\/index.php?rest_route=%2Fwp%2Fv2%2Fcategories&post=343897"},{"taxonomy":"post_tag","embeddable":true,"href":"https:\/\/www.diarioimagen.net\/index.php?rest_route=%2Fwp%2Fv2%2Ftags&post=343897"}],"curies":[{"name":"wp","href":"https:\/\/api.w.org\/{rel}","templated":true}]}}