{"id":343899,"date":"2017-09-13T00:11:47","date_gmt":"2017-09-13T05:11:47","guid":{"rendered":"http:\/\/www.diarioimagen.net\/?p=343899"},"modified":"2017-09-13T04:56:20","modified_gmt":"2017-09-13T09:56:20","slug":"inicia-codhem-colecta-de-viveres-pro-damnificados","status":"publish","type":"post","link":"https:\/\/www.diarioimagen.net\/?p=343899","title":{"rendered":"Inicia Codhem colecta de v\u00edveres pro damnificados"},"content":{"rendered":"<ul>\n<li><strong><em>Instalan un centro de acopio en su sede<\/em><\/strong><\/li>\n<\/ul>\n<p>&nbsp;<\/p>\n<div id=\"attachment_343983\" style=\"width: 470px\" class=\"wp-caption aligncenter\"><a href=\"http:\/\/www.diarioimagen.net\/?attachment_id=343983\" rel=\"attachment wp-att-343983\"><img loading=\"lazy\" decoding=\"async\" aria-describedby=\"caption-attachment-343983\" class=\"size-large wp-image-343983\" src=\"http:\/\/www.diarioimagen.net\/wp-content\/uploads\/2017\/09\/CODHEM-3206-460x306.jpg\" alt=\"\" width=\"460\" height=\"306\" srcset=\"https:\/\/www.diarioimagen.net\/wp-content\/uploads\/2017\/09\/CODHEM-3206-460x306.jpg 460w, https:\/\/www.diarioimagen.net\/wp-content\/uploads\/2017\/09\/CODHEM-3206-240x160.jpg 240w, https:\/\/www.diarioimagen.net\/wp-content\/uploads\/2017\/09\/CODHEM-3206-768x512.jpg 768w, https:\/\/www.diarioimagen.net\/wp-content\/uploads\/2017\/09\/CODHEM-3206.jpg 800w\" sizes=\"auto, (max-width: 460px) 100vw, 460px\" \/><\/a><p id=\"caption-attachment-343983\" class=\"wp-caption-text\">La Codhem instal\u00f3 un centro de acopio de v\u00edveres en Toluca, para enviarlos a la brevedad a la poblaci\u00f3n damnificada en el sur.<\/p><\/div>\n<p>&nbsp;<\/p>\n<p><strong>Toluca, Estado de M\u00e9xico<\/strong>.- La Comisi\u00f3n de Derechos Humanos del Estado de M\u00e9xico (Codhem), se solidariza con los damnificados por los desastres naturales que afectaron a entidades del sur del pa\u00eds, motivo por el cual se instal\u00f3 un centro de acopio de v\u00edveres para enviarlos a la brevedad.<\/p>\n<p>Por instrucciones del ombudsman, Jorge Olvera Garc\u00eda, inici\u00f3 la \u201cColecta de v\u00edveres de la Comisi\u00f3n de Derechos Humanos del Estado de M\u00e9xico\u201d,\u00a0 en la que puede participar la sociedad en general donando art\u00edculos de higiene personal, shampoo, papel higi\u00e9nico, pa\u00f1ales para ni\u00f1os y adultos, jab\u00f3n, gel antibacterial, pasta y cepillo de dientes; material de curaci\u00f3n, as\u00ed como platos y cubiertos desechables.<\/p>\n<p>La invitaci\u00f3n es que tambi\u00e9n pueden colaborar con alimentos no perecederos, enlatados o granos como arroz, lentejas, frijol, az\u00facar, caf\u00e9, sal, at\u00fan, verduras enlatadas abre f\u00e1cil, leche en polvo, agua embotellada, alimento para beb\u00e9; y art\u00edculos de limpieza como escobas, cloro, cubetas, jergas, detergente en polvo, entre otros.<\/p>\n<p>La ayuda ser\u00e1 recibida hasta este jueves en el auditorio \u201cM\u00f3nica Pretelini\u201d en la sede Toluca de la Codhem, con horario de 9:00 a 18:00 horas.<\/p>\n","protected":false},"excerpt":{"rendered":"<p>La Comisi\u00f3n de Derechos Humanos del Estado de M\u00e9xico (Codhem), se solidariza con los damnificados por los desastres naturales que afectaron a entidades del sur del pa\u00eds, motivo por el cual se instal\u00f3 un centro de acopio de v\u00edveres para enviarlos a la brevedad.<\/p>\n","protected":false},"author":3,"featured_media":343983,"comment_status":"open","ping_status":"open","sticky":false,"template":"","format":"standard","meta":{"_monsterinsights_skip_tracking":false,"_monsterinsights_sitenote_active":false,"_monsterinsights_sitenote_note":"","_monsterinsights_sitenote_category":0,"footnotes":""},"categories":[5],"tags":[53774,1401,43675,452],"class_list":["post-343899","post","type-post","status-publish","format-standard","has-post-thumbnail","hentry","category-estado-de-mexico","tag-codhem","tag-comision-de-derechos-humanos-del-estado-de-mexico","tag-estado-de-mexico","tag-toluca"],"_links":{"self":[{"href":"https:\/\/www.diarioimagen.net\/index.php?rest_route=\/wp\/v2\/posts\/343899","targetHints":{"allow":["GET"]}}],"collection":[{"href":"https:\/\/www.diarioimagen.net\/index.php?rest_route=\/wp\/v2\/posts"}],"about":[{"href":"https:\/\/www.diarioimagen.net\/index.php?rest_route=\/wp\/v2\/types\/post"}],"author":[{"embeddable":true,"href":"https:\/\/www.diarioimagen.net\/index.php?rest_route=\/wp\/v2\/users\/3"}],"replies":[{"embeddable":true,"href":"https:\/\/www.diarioimagen.net\/index.php?rest_route=%2Fwp%2Fv2%2Fcomments&post=343899"}],"version-history":[{"count":0,"href":"https:\/\/www.diarioimagen.net\/index.php?rest_route=\/wp\/v2\/posts\/343899\/revisions"}],"wp:featuredmedia":[{"embeddable":true,"href":"https:\/\/www.diarioimagen.net\/index.php?rest_route=\/wp\/v2\/media\/343983"}],"wp:attachment":[{"href":"https:\/\/www.diarioimagen.net\/index.php?rest_route=%2Fwp%2Fv2%2Fmedia&parent=343899"}],"wp:term":[{"taxonomy":"category","embeddable":true,"href":"https:\/\/www.diarioimagen.net\/index.php?rest_route=%2Fwp%2Fv2%2Fcategories&post=343899"},{"taxonomy":"post_tag","embeddable":true,"href":"https:\/\/www.diarioimagen.net\/index.php?rest_route=%2Fwp%2Fv2%2Ftags&post=343899"}],"curies":[{"name":"wp","href":"https:\/\/api.w.org\/{rel}","templated":true}]}}