{"id":343908,"date":"2017-09-13T00:10:47","date_gmt":"2017-09-13T05:10:47","guid":{"rendered":"http:\/\/www.diarioimagen.net\/?p=343908"},"modified":"2017-09-13T08:43:11","modified_gmt":"2017-09-13T13:43:11","slug":"anuncia-mancera-fondo-para-dreamers","status":"publish","type":"post","link":"https:\/\/www.diarioimagen.net\/?p=343908","title":{"rendered":"Anuncia Mancera fondo para \u201cdreamers\u201d"},"content":{"rendered":"<ul>\n<li><strong><em>Ante posible retorno<\/em> <\/strong><\/li>\n<\/ul>\n<p>&nbsp;<\/p>\n<div id=\"attachment_343993\" style=\"width: 470px\" class=\"wp-caption aligncenter\"><a href=\"http:\/\/www.diarioimagen.net\/?attachment_id=343993\" rel=\"attachment wp-att-343993\"><img loading=\"lazy\" decoding=\"async\" aria-describedby=\"caption-attachment-343993\" class=\"size-large wp-image-343993\" src=\"http:\/\/www.diarioimagen.net\/wp-content\/uploads\/2017\/09\/mancera-3206-460x259.jpg\" alt=\"\" width=\"460\" height=\"259\" srcset=\"https:\/\/www.diarioimagen.net\/wp-content\/uploads\/2017\/09\/mancera-3206-460x259.jpg 460w, https:\/\/www.diarioimagen.net\/wp-content\/uploads\/2017\/09\/mancera-3206-240x135.jpg 240w, https:\/\/www.diarioimagen.net\/wp-content\/uploads\/2017\/09\/mancera-3206-235x132.jpg 235w, https:\/\/www.diarioimagen.net\/wp-content\/uploads\/2017\/09\/mancera-3206-202x114.jpg 202w, https:\/\/www.diarioimagen.net\/wp-content\/uploads\/2017\/09\/mancera-3206-350x196.jpg 350w, https:\/\/www.diarioimagen.net\/wp-content\/uploads\/2017\/09\/mancera-3206-220x123.jpg 220w, https:\/\/www.diarioimagen.net\/wp-content\/uploads\/2017\/09\/mancera-3206-237x132.jpg 237w, https:\/\/www.diarioimagen.net\/wp-content\/uploads\/2017\/09\/mancera-3206.jpg 480w\" sizes=\"auto, (max-width: 460px) 100vw, 460px\" \/><\/a><p id=\"caption-attachment-343993\" class=\"wp-caption-text\">Asiste el jefe de Gobierno a la presentaci\u00f3n de la exposici\u00f3n de realidad virtual \u00abCarne y Arena\u201d, de Alejandro Gonz\u00e1lez I\u00f1\u00e1rritu<\/p><\/div>\n<p>&nbsp;<\/p>\n<p>El jefe de gobierno de la Ciudad de M\u00e9xico, Miguel \u00c1ngel Mancera Espinosa, anunci\u00f3 un fondo de 20 millones de pesos para apoyar a los \u201cdreamers\u201d, ante un posible retorno a la capital del pa\u00eds.<\/p>\n<p>Al inaugurar junto con el rector de la UNAM, Enrique Graue, la exposici\u00f3n \u201cCarne y Arena (Virtualmente presente, F\u00edsicamente Invisible)\u201d, de Alejandro Gonz\u00e1lez I\u00f1\u00e1rritu, ambos coincidieron en esta decisi\u00f3n desafortunada que afecta a muchos connacionales.<\/p>\n<p>En el auditorio Alfonso Garc\u00eda Robles, del Centro Cultural Universitario, en Tlatelolco, el rector destac\u00f3 que la frontera de M\u00e9xico y Estados Unidos es el corredor migratorio m\u00e1s transitado del mundo y cada a\u00f1o, m\u00e1s de 13 millones de personas la cruzan.<\/p>\n<p>Refiri\u00f3 que esos migrantes ilegales llegan a Estados Unidos huyendo de un presente sin esperanzas, porque los pa\u00edses de Am\u00e9rica Latina no les han podido ofrecer un futuro mejor.<\/p>\n<p>El anuncio de dar marcha atr\u00e1s al Programa de Acci\u00f3n Diferida para Llegados a la Infancia (DACA por su siglas en ingl\u00e9s) afecta a esos j\u00f3venes, de los cuales 620 mil son de origen mexicano, quienes han luchado por ser parte de la sociedad multicultural de ese pa\u00eds.<\/p>\n<p>Se\u00f1al\u00f3 que a estos \u201cdreamers\u201d, la UNAM los apoyar\u00e1 facilitando los tr\u00e1mites para que se puedan incorporar y continuar sus estudios. \u201cY vamos a hacer mucho m\u00e1s en los meses por venir\u201d, se\u00f1al\u00f3.<\/p>\n<p style=\"text-align: center;\"><strong>CDMX entrega a la <\/strong><strong>Cruz Roja 15.1 millones\u00a0 de pesos por colecta<\/strong><\/p>\n<p>Mancera Espinosa entreg\u00f3 al presidente de la Cruz Roja Mexicana, Fernando Suinaga C\u00e1rdenas, un cheque por 15 millones 100 mil pesos, provenientes de donaci\u00f3n voluntaria, as\u00ed como dos ambulancias, con valor de un mill\u00f3n 900 mil pesos, con lo que la CDMX cumple el compromiso y supera la meta de recaudaci\u00f3n del a\u00f1o pasado.<\/p>\n<p>\u201cEstamos seguros que cada peso y recurso que llega a la Cruz Roja, va a ser aplicado precisamente para salvar una vida\u201d, agreg\u00f3.<\/p>\n<p>En el Antiguo Palacio del Ayuntamiento, el mandatario capitalino destac\u00f3 que este esfuerzo es de trabajadores del gobierno capitalino y de los que laboran en 11 delegaciones pol\u00edticas, quienes a trav\u00e9s de su donaci\u00f3n reflejan el respeto y admiraci\u00f3n al trabajo que realiza dicha instituci\u00f3n.<\/p>\n<p>Reconoci\u00f3 la labor que realizan m\u00e9dicos, enfermeras, param\u00e9dicos y quienes est\u00e1n trabajando en las ambulancias arriesgando su vida d\u00eda a d\u00eda.<\/p>\n","protected":false},"excerpt":{"rendered":"<p>El jefe de gobierno de la Ciudad de M\u00e9xico, Miguel \u00c1ngel Mancera Espinosa, anunci\u00f3 un fondo de 20 millones de pesos para apoyar a los \u201cdreamers\u201d, ante un posible retorno a la capital del pa\u00eds.<\/p>\n","protected":false},"author":3,"featured_media":343993,"comment_status":"open","ping_status":"open","sticky":false,"template":"","format":"standard","meta":{"_monsterinsights_skip_tracking":false,"_monsterinsights_sitenote_active":false,"_monsterinsights_sitenote_note":"","_monsterinsights_sitenote_category":0,"footnotes":""},"categories":[6],"tags":[56435,30623,5314],"class_list":["post-343908","post","type-post","status-publish","format-standard","has-post-thumbnail","hentry","category-cd-de-mexico","tag-dreamers","tag-fondo","tag-miguel-angel-mancera-espinosa"],"_links":{"self":[{"href":"https:\/\/www.diarioimagen.net\/index.php?rest_route=\/wp\/v2\/posts\/343908","targetHints":{"allow":["GET"]}}],"collection":[{"href":"https:\/\/www.diarioimagen.net\/index.php?rest_route=\/wp\/v2\/posts"}],"about":[{"href":"https:\/\/www.diarioimagen.net\/index.php?rest_route=\/wp\/v2\/types\/post"}],"author":[{"embeddable":true,"href":"https:\/\/www.diarioimagen.net\/index.php?rest_route=\/wp\/v2\/users\/3"}],"replies":[{"embeddable":true,"href":"https:\/\/www.diarioimagen.net\/index.php?rest_route=%2Fwp%2Fv2%2Fcomments&post=343908"}],"version-history":[{"count":0,"href":"https:\/\/www.diarioimagen.net\/index.php?rest_route=\/wp\/v2\/posts\/343908\/revisions"}],"wp:featuredmedia":[{"embeddable":true,"href":"https:\/\/www.diarioimagen.net\/index.php?rest_route=\/wp\/v2\/media\/343993"}],"wp:attachment":[{"href":"https:\/\/www.diarioimagen.net\/index.php?rest_route=%2Fwp%2Fv2%2Fmedia&parent=343908"}],"wp:term":[{"taxonomy":"category","embeddable":true,"href":"https:\/\/www.diarioimagen.net\/index.php?rest_route=%2Fwp%2Fv2%2Fcategories&post=343908"},{"taxonomy":"post_tag","embeddable":true,"href":"https:\/\/www.diarioimagen.net\/index.php?rest_route=%2Fwp%2Fv2%2Ftags&post=343908"}],"curies":[{"name":"wp","href":"https:\/\/api.w.org\/{rel}","templated":true}]}}