{"id":343925,"date":"2017-09-13T00:08:51","date_gmt":"2017-09-13T05:08:51","guid":{"rendered":"http:\/\/www.diarioimagen.net\/?p=343925"},"modified":"2017-09-13T05:18:59","modified_gmt":"2017-09-13T10:18:59","slug":"atencion-oportuna-a-los-sectores-vulnerables-en-dif-huixquilucan","status":"publish","type":"post","link":"https:\/\/www.diarioimagen.net\/?p=343925","title":{"rendered":"Atenci\u00f3n oportuna a los sectores vulnerables en DIF Huixquilucan"},"content":{"rendered":"<ul>\n<li><strong><em>Entregan sillas de ruedas a personas marginadas<\/em><\/strong><\/li>\n<\/ul>\n<p>&nbsp;<\/p>\n<div id=\"attachment_344003\" style=\"width: 470px\" class=\"wp-caption aligncenter\"><a href=\"http:\/\/www.diarioimagen.net\/?attachment_id=344003\" rel=\"attachment wp-att-344003\"><img loading=\"lazy\" decoding=\"async\" aria-describedby=\"caption-attachment-344003\" class=\"size-large wp-image-344003\" src=\"http:\/\/www.diarioimagen.net\/wp-content\/uploads\/2017\/09\/HUIXQUILUCAN-3206-460x259.jpg\" alt=\"\" width=\"460\" height=\"259\" srcset=\"https:\/\/www.diarioimagen.net\/wp-content\/uploads\/2017\/09\/HUIXQUILUCAN-3206-460x259.jpg 460w, https:\/\/www.diarioimagen.net\/wp-content\/uploads\/2017\/09\/HUIXQUILUCAN-3206-240x135.jpg 240w, https:\/\/www.diarioimagen.net\/wp-content\/uploads\/2017\/09\/HUIXQUILUCAN-3206-235x132.jpg 235w, https:\/\/www.diarioimagen.net\/wp-content\/uploads\/2017\/09\/HUIXQUILUCAN-3206-202x114.jpg 202w, https:\/\/www.diarioimagen.net\/wp-content\/uploads\/2017\/09\/HUIXQUILUCAN-3206-350x196.jpg 350w, https:\/\/www.diarioimagen.net\/wp-content\/uploads\/2017\/09\/HUIXQUILUCAN-3206-220x123.jpg 220w, https:\/\/www.diarioimagen.net\/wp-content\/uploads\/2017\/09\/HUIXQUILUCAN-3206-237x132.jpg 237w, https:\/\/www.diarioimagen.net\/wp-content\/uploads\/2017\/09\/HUIXQUILUCAN-3206.jpg 480w\" sizes=\"auto, (max-width: 460px) 100vw, 460px\" \/><\/a><p id=\"caption-attachment-344003\" class=\"wp-caption-text\">El alcalde Enrique Vargas del Villar entreg\u00f3 55 sillas de ruedas a personas de escasos recursos.<\/p><\/div>\n<p>&nbsp;<\/p>\n<p><strong>Huixquilucan, Estado de M\u00e9xico<\/strong>.- \u201cGracias al esfuerzo y dedicaci\u00f3n del personal del DIF es que se\u00a0 realizan grandes acciones que cambian la vida de las personas y sus familias\u201d, asegur\u00f3 el presidente municipal, Enrique Vargas del Villar, al entregar 55 sillas de ruedas a personas de escasos recursos.<\/p>\n<p>Ante la titular del Sistema Municipal para el Desarrollo Integral de la Familia (DIF), Romina Contreras Carrasco; la directora de este organismo descentralizado, Teresa Belgodere Hern\u00e1ndez e integrantes del cuerpo edilicio, el alcalde resalt\u00f3 que\u00a0se trabaja para mejorar las condiciones de vida de los que m\u00e1s lo necesitan.<\/p>\n<p>Vargas del Villar destac\u00f3 las consultas que diariamente se dan en el Centro de Rehabilitaci\u00f3n e Integraci\u00f3n Social (CRIS), as\u00ed como la ayuda que se proporciona en el Centro de Rehabilitaci\u00f3n Integral contra las Adicciones (CRIA), labor a la que se sumar\u00e1 la Cruz Roja con las instalaciones pr\u00f3ximas a inaugurar y que ser\u00e1n de gran beneficio para la zona tradicional.<\/p>\n<p>En tanto, la presidenta del DIF Huixquilucan, Romina Contreras Carrasco, enfatiz\u00f3 que con estas sillas de ruedas, las personas tienen un cambio en su vida, ya que sus traslados se hacen con mayor facilidad y les permiten tener mayor autonom\u00eda.<\/p>\n<p>Tras agradecer a las empresas Carl\u00b4s Jr. y Pollos R\u00edo, quienes donaron estas sillas de ruedas, Romina Contreras, destac\u00f3 que la Direcci\u00f3n de Desarrollo Econ\u00f3mico trabaja de la mano con el DIF para ayudar a los grupos vulnerables, y en esta ocasi\u00f3n, cinco de las sillas fueron gestionadas por dicha dependencia.<\/p>\n<p>A nombre de los beneficiados, la peque\u00f1a Joselyn, agradeci\u00f3 a las autoridades municipales el apoyo, adem\u00e1s de que recibir\u00e1 una ayuda econ\u00f3mica para comprar sus medicamentos.<\/p>\n","protected":false},"excerpt":{"rendered":"<p>\u201cGracias al esfuerzo y dedicaci\u00f3n del personal del DIF es que se  realizan grandes acciones que cambian la vida de las personas y sus familias\u201d, asegur\u00f3 el presidente municipal, Enrique Vargas del Villar, al entregar 55 sillas de ruedas a personas de escasos recursos.<\/p>\n","protected":false},"author":3,"featured_media":344003,"comment_status":"open","ping_status":"open","sticky":false,"template":"","format":"standard","meta":{"_monsterinsights_skip_tracking":false,"_monsterinsights_sitenote_active":false,"_monsterinsights_sitenote_note":"","_monsterinsights_sitenote_category":0,"footnotes":""},"categories":[35155],"tags":[43675,1097,65504,22417],"class_list":["post-343925","post","type-post","status-publish","format-standard","has-post-thumbnail","hentry","category-estado-de-mexico-estado-de-mexico","tag-estado-de-mexico","tag-huixquilucan","tag-sectores","tag-vulnerables"],"_links":{"self":[{"href":"https:\/\/www.diarioimagen.net\/index.php?rest_route=\/wp\/v2\/posts\/343925","targetHints":{"allow":["GET"]}}],"collection":[{"href":"https:\/\/www.diarioimagen.net\/index.php?rest_route=\/wp\/v2\/posts"}],"about":[{"href":"https:\/\/www.diarioimagen.net\/index.php?rest_route=\/wp\/v2\/types\/post"}],"author":[{"embeddable":true,"href":"https:\/\/www.diarioimagen.net\/index.php?rest_route=\/wp\/v2\/users\/3"}],"replies":[{"embeddable":true,"href":"https:\/\/www.diarioimagen.net\/index.php?rest_route=%2Fwp%2Fv2%2Fcomments&post=343925"}],"version-history":[{"count":0,"href":"https:\/\/www.diarioimagen.net\/index.php?rest_route=\/wp\/v2\/posts\/343925\/revisions"}],"wp:featuredmedia":[{"embeddable":true,"href":"https:\/\/www.diarioimagen.net\/index.php?rest_route=\/wp\/v2\/media\/344003"}],"wp:attachment":[{"href":"https:\/\/www.diarioimagen.net\/index.php?rest_route=%2Fwp%2Fv2%2Fmedia&parent=343925"}],"wp:term":[{"taxonomy":"category","embeddable":true,"href":"https:\/\/www.diarioimagen.net\/index.php?rest_route=%2Fwp%2Fv2%2Fcategories&post=343925"},{"taxonomy":"post_tag","embeddable":true,"href":"https:\/\/www.diarioimagen.net\/index.php?rest_route=%2Fwp%2Fv2%2Ftags&post=343925"}],"curies":[{"name":"wp","href":"https:\/\/api.w.org\/{rel}","templated":true}]}}