{"id":343927,"date":"2017-09-13T00:07:46","date_gmt":"2017-09-13T05:07:46","guid":{"rendered":"http:\/\/www.diarioimagen.net\/?p=343927"},"modified":"2017-09-13T05:23:37","modified_gmt":"2017-09-13T10:23:37","slug":"recolectan-60-mil-675-kilos-de-materiales-inorganicos-para-el-reciclaje-en-c-izcalli","status":"publish","type":"post","link":"https:\/\/www.diarioimagen.net\/?p=343927","title":{"rendered":"Recolectan 60 mil 675 kilos de materiales inorg\u00e1nicos para el reciclaje en C. Izcalli"},"content":{"rendered":"<ul>\n<li><strong><em>En los primeros 8 meses<\/em><\/strong><\/li>\n<\/ul>\n<p>&nbsp;<\/p>\n<div id=\"attachment_344007\" style=\"width: 470px\" class=\"wp-caption aligncenter\"><a href=\"http:\/\/www.diarioimagen.net\/?attachment_id=344007\" rel=\"attachment wp-att-344007\"><img loading=\"lazy\" decoding=\"async\" aria-describedby=\"caption-attachment-344007\" class=\"size-large wp-image-344007\" src=\"http:\/\/www.diarioimagen.net\/wp-content\/uploads\/2017\/09\/CUAUTITLAN-3206-460x259.jpg\" alt=\"\" width=\"460\" height=\"259\" srcset=\"https:\/\/www.diarioimagen.net\/wp-content\/uploads\/2017\/09\/CUAUTITLAN-3206-460x259.jpg 460w, https:\/\/www.diarioimagen.net\/wp-content\/uploads\/2017\/09\/CUAUTITLAN-3206-240x135.jpg 240w, https:\/\/www.diarioimagen.net\/wp-content\/uploads\/2017\/09\/CUAUTITLAN-3206-235x132.jpg 235w, https:\/\/www.diarioimagen.net\/wp-content\/uploads\/2017\/09\/CUAUTITLAN-3206-202x114.jpg 202w, https:\/\/www.diarioimagen.net\/wp-content\/uploads\/2017\/09\/CUAUTITLAN-3206-350x196.jpg 350w, https:\/\/www.diarioimagen.net\/wp-content\/uploads\/2017\/09\/CUAUTITLAN-3206-220x123.jpg 220w, https:\/\/www.diarioimagen.net\/wp-content\/uploads\/2017\/09\/CUAUTITLAN-3206-237x132.jpg 237w, https:\/\/www.diarioimagen.net\/wp-content\/uploads\/2017\/09\/CUAUTITLAN-3206.jpg 480w\" sizes=\"auto, (max-width: 460px) 100vw, 460px\" \/><\/a><p id=\"caption-attachment-344007\" class=\"wp-caption-text\">Los materiales inorg\u00e1nicos recibidos en centros de acopio son son cart\u00f3n y pet, principalmente, aunque tambi\u00e9n vidrio.<\/p><\/div>\n<p>&nbsp;<\/p>\n<p><strong>Cuautitl\u00e1n Izcalli, Estado de M\u00e9xico<\/strong>.- En los primeros ocho meses del 2017, fueron recolectados 60 mil 675 kilos de materiales inorg\u00e1nicos por los Centros de Acopio de la Direcci\u00f3n de Medio Ambiente de Cuautitl\u00e1n Izcalli, los cuales contar\u00e1n con una disposici\u00f3n final para un adecuado reciclaje.<\/p>\n<p>La titular del \u00e1rea, Mitzi Anda Rubalcava, se\u00f1al\u00f3 que la mayor\u00eda de los materiales recibidos son cart\u00f3n y pet, aunque tambi\u00e9n fueron acogidos vidrio, archivo muerto de oficina, cartuchos para impresora, electr\u00f3nicos, pilas, bater\u00edas de veh\u00edculos, aluminio y tetrapack.<\/p>\n<p>\u201cUna importante cantidad de estos elementos son enviados a una empresa de reciclaje, a fin de que tengan el correcto tratamiento y almacenamiento (provisional) para su reutilizaci\u00f3n. Otra parte se le da uso en las pl\u00e1ticas o talleres de concientizaci\u00f3n sobre el cuidado del medio ambiente que imparte la Direcci\u00f3n en escuelas privadas y p\u00fablicas, comunidades y en el Centro de Educaci\u00f3n y Promoci\u00f3n Ambiental\u201d.<\/p>\n<p>Por ejemplo, dijo, con el programa \u201cEcollantas\u201d mujeres del municipio son capacitadas para fabricar muebles con neum\u00e1ticos usados, con el objetivo de que los vendan y logren una independencia econ\u00f3mica.<\/p>\n<p>Coment\u00f3 que tras la entrega de los desechos s\u00f3lidos en los Centros de Acopio, los vecinos reciben una planta o composta \u2013dependiendo la disponibilidad- como una manera de agradecerles\u00a0 y seguir incentivando su compromiso en el reciclaje de desechos; adem\u00e1s de que due\u00f1os de negocios reciben Constancia de Empresa Comprometida con el Ambiente.<\/p>\n<p>Mitzi Anda se\u00f1al\u00f3 que de enero a agosto del presente a\u00f1o, \u00a0los siete Centros de Acopio atendieron a cerca de 8 mil personas; siendo m\u00e1s frecuentados los ubicados en Aurrera Autopista y Centro, y el de Plaza San Miguel; sin embargo \u00e9ste \u00faltimo, junto con el de Perinorte, ser\u00e1n cerrados o reubicados temporalmente debido a las obras de remodelaci\u00f3n que se realizan en los centros comerciales.<\/p>\n<p>En lo que resta del a\u00f1o, los habitantes pueden acudir a los establecimientos instalados en la plaza de Chedrahui, en la colonia 3 de Mayo; \u00a0Aurrera autopista y centro; Soriana, en la Primero de Mayo, y el de Admicon, en Multiplaza Izcallense.<\/p>\n<p>La atenci\u00f3n al p\u00fablico es de 9 a 18 horas de lunes a viernes, con un cierre de 15 a 16 horas por horario de comida; y s\u00e1bados de 9 a 13 horas.<\/p>\n","protected":false},"excerpt":{"rendered":"<p>En los primeros ocho meses del 2017, fueron recolectados 60 mil 675 kilos de materiales inorg\u00e1nicos por los Centros de Acopio de la Direcci\u00f3n de Medio Ambiente de Cuautitl\u00e1n Izcalli, los cuales contar\u00e1n con una disposici\u00f3n final para un adecuado reciclaje.<\/p>\n","protected":false},"author":3,"featured_media":344007,"comment_status":"open","ping_status":"open","sticky":false,"template":"","format":"standard","meta":{"_monsterinsights_skip_tracking":false,"_monsterinsights_sitenote_active":false,"_monsterinsights_sitenote_note":"","_monsterinsights_sitenote_category":0,"footnotes":""},"categories":[35155],"tags":[971,43675,65506,65505],"class_list":["post-343927","post","type-post","status-publish","format-standard","has-post-thumbnail","hentry","category-estado-de-mexico-estado-de-mexico","tag-cuautitlan-izcalli","tag-estado-de-mexico","tag-inorganicos","tag-materiales"],"_links":{"self":[{"href":"https:\/\/www.diarioimagen.net\/index.php?rest_route=\/wp\/v2\/posts\/343927","targetHints":{"allow":["GET"]}}],"collection":[{"href":"https:\/\/www.diarioimagen.net\/index.php?rest_route=\/wp\/v2\/posts"}],"about":[{"href":"https:\/\/www.diarioimagen.net\/index.php?rest_route=\/wp\/v2\/types\/post"}],"author":[{"embeddable":true,"href":"https:\/\/www.diarioimagen.net\/index.php?rest_route=\/wp\/v2\/users\/3"}],"replies":[{"embeddable":true,"href":"https:\/\/www.diarioimagen.net\/index.php?rest_route=%2Fwp%2Fv2%2Fcomments&post=343927"}],"version-history":[{"count":0,"href":"https:\/\/www.diarioimagen.net\/index.php?rest_route=\/wp\/v2\/posts\/343927\/revisions"}],"wp:featuredmedia":[{"embeddable":true,"href":"https:\/\/www.diarioimagen.net\/index.php?rest_route=\/wp\/v2\/media\/344007"}],"wp:attachment":[{"href":"https:\/\/www.diarioimagen.net\/index.php?rest_route=%2Fwp%2Fv2%2Fmedia&parent=343927"}],"wp:term":[{"taxonomy":"category","embeddable":true,"href":"https:\/\/www.diarioimagen.net\/index.php?rest_route=%2Fwp%2Fv2%2Fcategories&post=343927"},{"taxonomy":"post_tag","embeddable":true,"href":"https:\/\/www.diarioimagen.net\/index.php?rest_route=%2Fwp%2Fv2%2Ftags&post=343927"}],"curies":[{"name":"wp","href":"https:\/\/api.w.org\/{rel}","templated":true}]}}