{"id":343929,"date":"2017-09-13T00:06:22","date_gmt":"2017-09-13T05:06:22","guid":{"rendered":"http:\/\/www.diarioimagen.net\/?p=343929"},"modified":"2017-09-13T05:25:34","modified_gmt":"2017-09-13T10:25:34","slug":"pavimentan-y-rehabilitan-calles-en-las-tres-zonas-de-tultitlan","status":"publish","type":"post","link":"https:\/\/www.diarioimagen.net\/?p=343929","title":{"rendered":"Pavimentan y rehabilitan calles en las tres zonas de Tultitl\u00e1n"},"content":{"rendered":"<div id=\"attachment_344010\" style=\"width: 470px\" class=\"wp-caption aligncenter\"><a href=\"http:\/\/www.diarioimagen.net\/?attachment_id=344010\" rel=\"attachment wp-att-344010\"><img loading=\"lazy\" decoding=\"async\" aria-describedby=\"caption-attachment-344010\" class=\"size-large wp-image-344010\" src=\"http:\/\/www.diarioimagen.net\/wp-content\/uploads\/2017\/09\/TULTITLAN-3206-460x259.jpg\" alt=\"\" width=\"460\" height=\"259\" srcset=\"https:\/\/www.diarioimagen.net\/wp-content\/uploads\/2017\/09\/TULTITLAN-3206-460x259.jpg 460w, https:\/\/www.diarioimagen.net\/wp-content\/uploads\/2017\/09\/TULTITLAN-3206-240x135.jpg 240w, https:\/\/www.diarioimagen.net\/wp-content\/uploads\/2017\/09\/TULTITLAN-3206-235x132.jpg 235w, https:\/\/www.diarioimagen.net\/wp-content\/uploads\/2017\/09\/TULTITLAN-3206-202x114.jpg 202w, https:\/\/www.diarioimagen.net\/wp-content\/uploads\/2017\/09\/TULTITLAN-3206-350x196.jpg 350w, https:\/\/www.diarioimagen.net\/wp-content\/uploads\/2017\/09\/TULTITLAN-3206-220x123.jpg 220w, https:\/\/www.diarioimagen.net\/wp-content\/uploads\/2017\/09\/TULTITLAN-3206-237x132.jpg 237w, https:\/\/www.diarioimagen.net\/wp-content\/uploads\/2017\/09\/TULTITLAN-3206.jpg 480w\" sizes=\"auto, (max-width: 460px) 100vw, 460px\" \/><\/a><p id=\"caption-attachment-344010\" class=\"wp-caption-text\">Los materiales inorg\u00e1nicos recibidos en centros de acopio son cart\u00f3n y pet, principalmente, aunque tambi\u00e9n vidrio.<\/p><\/div>\n<p>&nbsp;<\/p>\n<p><strong>Tultitl\u00e1n, Estado de M\u00e9xico.-<\/strong> Bajo el mandato del presidente municipal, Ad\u00e1n Barr\u00f3n Elizalde, el gobierno local pavimenta y rehabilita calles en las tres zonas de la ciudad y hoy, es ya la administraci\u00f3n municipal que m\u00e1s trabajos a base de concreto hidru\u00e1ulico ha realizado.<\/p>\n<p>Durante el arranque de la obra de las calles Jos\u00e9 Mar\u00eda Pino Su\u00e1rez y Guillermo Vargas Alarc\u00f3n, en San Pablo de las Salinas, el secretario del Ayuntamiento, Marco Antonio Garc\u00eda, en representaci\u00f3n del edil, indic\u00f3 que estas obras que se realizan buscan tener una durabilidad de hasta 30 a\u00f1os.<\/p>\n<p>\u201cEsta es una nueva etapa para Tultitl\u00e1n, vamos a mejorar la imagen urbana, a recuperar los camellones y seguir con la entrega de calles y vialidades que le dar\u00e1n un nuevo rostro a nuestra urbe\u201d.<\/p>\n","protected":false},"excerpt":{"rendered":"<p> Bajo el mandato del presidente municipal, Ad\u00e1n Barr\u00f3n Elizalde, el gobierno local pavimenta y rehabilita calles en las tres zonas de la ciudad y hoy, es ya la administraci\u00f3n municipal que m\u00e1s trabajos a base de concreto hidru\u00e1ulico ha realizado.<\/p>\n","protected":false},"author":3,"featured_media":344010,"comment_status":"open","ping_status":"open","sticky":false,"template":"","format":"standard","meta":{"_monsterinsights_skip_tracking":false,"_monsterinsights_sitenote_active":false,"_monsterinsights_sitenote_note":"","_monsterinsights_sitenote_category":0,"footnotes":""},"categories":[35155],"tags":[43675,47869,578,65507],"class_list":["post-343929","post","type-post","status-publish","format-standard","has-post-thumbnail","hentry","category-estado-de-mexico-estado-de-mexico","tag-estado-de-mexico","tag-rehabilitan","tag-tultitlan","tag-zonas"],"_links":{"self":[{"href":"https:\/\/www.diarioimagen.net\/index.php?rest_route=\/wp\/v2\/posts\/343929","targetHints":{"allow":["GET"]}}],"collection":[{"href":"https:\/\/www.diarioimagen.net\/index.php?rest_route=\/wp\/v2\/posts"}],"about":[{"href":"https:\/\/www.diarioimagen.net\/index.php?rest_route=\/wp\/v2\/types\/post"}],"author":[{"embeddable":true,"href":"https:\/\/www.diarioimagen.net\/index.php?rest_route=\/wp\/v2\/users\/3"}],"replies":[{"embeddable":true,"href":"https:\/\/www.diarioimagen.net\/index.php?rest_route=%2Fwp%2Fv2%2Fcomments&post=343929"}],"version-history":[{"count":0,"href":"https:\/\/www.diarioimagen.net\/index.php?rest_route=\/wp\/v2\/posts\/343929\/revisions"}],"wp:featuredmedia":[{"embeddable":true,"href":"https:\/\/www.diarioimagen.net\/index.php?rest_route=\/wp\/v2\/media\/344010"}],"wp:attachment":[{"href":"https:\/\/www.diarioimagen.net\/index.php?rest_route=%2Fwp%2Fv2%2Fmedia&parent=343929"}],"wp:term":[{"taxonomy":"category","embeddable":true,"href":"https:\/\/www.diarioimagen.net\/index.php?rest_route=%2Fwp%2Fv2%2Fcategories&post=343929"},{"taxonomy":"post_tag","embeddable":true,"href":"https:\/\/www.diarioimagen.net\/index.php?rest_route=%2Fwp%2Fv2%2Ftags&post=343929"}],"curies":[{"name":"wp","href":"https:\/\/api.w.org\/{rel}","templated":true}]}}