{"id":343940,"date":"2017-09-13T00:05:37","date_gmt":"2017-09-13T05:05:37","guid":{"rendered":"http:\/\/www.diarioimagen.net\/?p=343940"},"modified":"2017-09-13T08:15:05","modified_gmt":"2017-09-13T13:15:05","slug":"vigilaran-mas-de-300-efectivos-fiestas-patrias-en-naucalpan","status":"publish","type":"post","link":"https:\/\/www.diarioimagen.net\/?p=343940","title":{"rendered":"Vigilar\u00e1n m\u00e1s de 300 efectivos fiestas patrias en Naucalpan"},"content":{"rendered":"<ul>\n<li><strong><em>El \u201cGrito\u201d ser\u00e1 en la explanada municipal<\/em><\/strong><\/li>\n<\/ul>\n<p>&nbsp;<\/p>\n<div id=\"attachment_344021\" style=\"width: 470px\" class=\"wp-caption aligncenter\"><a href=\"http:\/\/www.diarioimagen.net\/?attachment_id=344021\" rel=\"attachment wp-att-344021\"><img loading=\"lazy\" decoding=\"async\" aria-describedby=\"caption-attachment-344021\" class=\"size-large wp-image-344021\" src=\"http:\/\/www.diarioimagen.net\/wp-content\/uploads\/2017\/09\/Web-NAUCALPAN-3206-460x283.jpg\" alt=\"\" width=\"460\" height=\"283\" srcset=\"https:\/\/www.diarioimagen.net\/wp-content\/uploads\/2017\/09\/Web-NAUCALPAN-3206-460x283.jpg 460w, https:\/\/www.diarioimagen.net\/wp-content\/uploads\/2017\/09\/Web-NAUCALPAN-3206-240x147.jpg 240w, https:\/\/www.diarioimagen.net\/wp-content\/uploads\/2017\/09\/Web-NAUCALPAN-3206.jpg 700w\" sizes=\"auto, (max-width: 460px) 100vw, 460px\" \/><\/a><p id=\"caption-attachment-344021\" class=\"wp-caption-text\">A partir del primer minuto del 15 de septiembre se implementa este operativo, que permanecer\u00e1 vigente hasta las 16:00 horas del s\u00e1bado 16.<\/p><\/div>\n<p>&nbsp;<\/p>\n<p><strong>Naucalpan, Estado de M\u00e9xico<\/strong>.- Con m\u00e1s de 300 elementos de la Direcci\u00f3n General de Seguridad Ciudadana y Tr\u00e1nsito, el gobierno local implementa el operativo Fiestas Patrias 2017 para reforzar la vigilancia en todo el municipio, con el objetivo de procurar el desarrollo de las festividades en un ambiente de paz y tranquilidad.<\/p>\n<p>La administraci\u00f3n municipal inform\u00f3 que elementos adscritos a las diferentes zonas, as\u00ed como el Grupo de Operaciones Especiales, ser\u00e1n los encargados de prevenir el delito y preservar el orden en el tradicional Grito de Independencia. A estas tareas se suman 100 elementos de la Comisi\u00f3n Estatal de Seguridad Ciudadana.<\/p>\n<p>A partir del primer minuto del 15 de septiembre se implementa este operativo, que permanecer\u00e1 vigente hasta las 16:00 horas del s\u00e1bado 16 de septiembre, en el territorio municipal y en especial en las inmediaciones de la explanada del Palacio Municipal, donde se desarrollar\u00e1 la ceremonia del <em>Grito<\/em> de Independencia.<\/p>\n<p>Para esta ceremonia se instalar\u00e1n 5 filtros de seguridad para evitar que al espect\u00e1culo musical se introduzcan armas o alg\u00fan objeto que ponga en riesgo a los ciudadanos, como botellas de vidrio o cualquier instrumento que atente contra la integridad de las personas, asimismo, se instalar\u00e1 un puesto de auxilio con param\u00e9dicos y bomberos de Protecci\u00f3n Civil, para atender cualquier eventualidad.<\/p>\n<p>La Direcci\u00f3n General de Seguridad Ciudadana y Tr\u00e1nsito desplegar\u00e1 agentes de vialidad en las avenidas y calles aleda\u00f1as al Palacio Municipal, a fin de propiciar una movilidad segura tanto para peatones como para automovilistas.<\/p>\n<p>Adem\u00e1s, se realizar\u00e1n cortes a la circulaci\u00f3n en las Avenidas: Gustavo Baz y Ju\u00e1rez, as\u00ed como las calles Valle de Morelos, Valle de M\u00e9xico, 2 de Abril, 18 de Marzo y Jos\u00e9 Becerril. En tanto que para el tradicional Desfile C\u00edvico conmemorativo al Aniversario de la Independencia de M\u00e9xico, los cierres\u00a0 tambi\u00e9n abarcar\u00e1n\u00a0 Primero de Mayo, 16 de Septiembre, Abasolo, 20 de Noviembre y 18 de Marzo.<\/p>\n<p>El gobierno municipal exhorta a la ciudadan\u00eda que asistir\u00e1 a disfrutar los festejos, a no traer\u00a0 bebidas alcoh\u00f3licas, botellas, astas o palos, fuegos artificiales y aerosoles.<\/p>\n","protected":false},"excerpt":{"rendered":"<p>Con m\u00e1s de 300 elementos de la Direcci\u00f3n General de Seguridad Ciudadana y Tr\u00e1nsito, el gobierno local implementa el operativo Fiestas Patrias 2017 para reforzar la vigilancia en todo el municipio, con el objetivo de procurar el desarrollo de las festividades en un ambiente de paz y tranquilidad.<\/p>\n","protected":false},"author":3,"featured_media":344021,"comment_status":"open","ping_status":"open","sticky":false,"template":"","format":"standard","meta":{"_monsterinsights_skip_tracking":false,"_monsterinsights_sitenote_active":false,"_monsterinsights_sitenote_note":"","_monsterinsights_sitenote_category":0,"footnotes":""},"categories":[35155],"tags":[65509,43675,12164,970],"class_list":["post-343940","post","type-post","status-publish","format-standard","has-post-thumbnail","hentry","category-estado-de-mexico-estado-de-mexico","tag-efectivos","tag-estado-de-mexico","tag-fiestas-patrias","tag-naucalpan"],"_links":{"self":[{"href":"https:\/\/www.diarioimagen.net\/index.php?rest_route=\/wp\/v2\/posts\/343940","targetHints":{"allow":["GET"]}}],"collection":[{"href":"https:\/\/www.diarioimagen.net\/index.php?rest_route=\/wp\/v2\/posts"}],"about":[{"href":"https:\/\/www.diarioimagen.net\/index.php?rest_route=\/wp\/v2\/types\/post"}],"author":[{"embeddable":true,"href":"https:\/\/www.diarioimagen.net\/index.php?rest_route=\/wp\/v2\/users\/3"}],"replies":[{"embeddable":true,"href":"https:\/\/www.diarioimagen.net\/index.php?rest_route=%2Fwp%2Fv2%2Fcomments&post=343940"}],"version-history":[{"count":0,"href":"https:\/\/www.diarioimagen.net\/index.php?rest_route=\/wp\/v2\/posts\/343940\/revisions"}],"wp:featuredmedia":[{"embeddable":true,"href":"https:\/\/www.diarioimagen.net\/index.php?rest_route=\/wp\/v2\/media\/344021"}],"wp:attachment":[{"href":"https:\/\/www.diarioimagen.net\/index.php?rest_route=%2Fwp%2Fv2%2Fmedia&parent=343940"}],"wp:term":[{"taxonomy":"category","embeddable":true,"href":"https:\/\/www.diarioimagen.net\/index.php?rest_route=%2Fwp%2Fv2%2Fcategories&post=343940"},{"taxonomy":"post_tag","embeddable":true,"href":"https:\/\/www.diarioimagen.net\/index.php?rest_route=%2Fwp%2Fv2%2Ftags&post=343940"}],"curies":[{"name":"wp","href":"https:\/\/api.w.org\/{rel}","templated":true}]}}