{"id":344057,"date":"2017-09-14T00:05:47","date_gmt":"2017-09-14T05:05:47","guid":{"rendered":"http:\/\/www.diarioimagen.net\/?p=344057"},"modified":"2017-09-18T15:39:05","modified_gmt":"2017-09-18T20:39:05","slug":"chofer-de-cabify-detenido-por-desaparicion-de-jovencita","status":"publish","type":"post","link":"https:\/\/www.diarioimagen.net\/?p=344057","title":{"rendered":"Chofer de Cabify, detenido por desaparici\u00f3n de joven"},"content":{"rendered":"<ul>\n<li><strong><em>La madre afirma que el veh\u00edculo nunca ingres\u00f3 al fraccionamiento<\/em><\/strong><\/li>\n<\/ul>\n<p>&nbsp;<\/p>\n<div id=\"attachment_344058\" style=\"width: 470px\" class=\"wp-caption aligncenter\"><img loading=\"lazy\" decoding=\"async\" aria-describedby=\"caption-attachment-344058\" class=\"wp-image-344058 size-large\" src=\"http:\/\/www.diarioimagen.net\/wp-content\/uploads\/2017\/09\/CABIFY14-portal-460x268.jpg\" alt=\"\" width=\"460\" height=\"268\" srcset=\"https:\/\/www.diarioimagen.net\/wp-content\/uploads\/2017\/09\/CABIFY14-portal-460x268.jpg 460w, https:\/\/www.diarioimagen.net\/wp-content\/uploads\/2017\/09\/CABIFY14-portal-240x140.jpg 240w, https:\/\/www.diarioimagen.net\/wp-content\/uploads\/2017\/09\/CABIFY14-portal.jpg 480w\" sizes=\"auto, (max-width: 460px) 100vw, 460px\" \/><p id=\"caption-attachment-344058\" class=\"wp-caption-text\">Mara Fernanda Castilla Miranda, estudiante de la UPAEP, fue vista por \u00faltima vez el viernes cuando solicit\u00f3 el servicio de taxi.<\/p><\/div>\n<p>&nbsp;<\/p>\n<p>La Fiscal\u00eda General del Estado de Puebla detuvo a uno de los conductores de la empresa Cabify, como presunto responsable de desaparici\u00f3n de Mara Fernanda Castilla Miranda, estudiante de la UPAEP, desaparecida la semana pasada en San Andr\u00e9s Cholula.<\/p>\n<p>Ricardo Alexis \u201cN\u201d, fue detenido por la FGE, con apoyo de la Procuradur\u00eda General de Justicia del Estado de Tlaxcala (PGJET), tan s\u00f3lo a tres d\u00edas de haber rendido su declaraci\u00f3n ante el agente del Ministerio P\u00fablico.<\/p>\n<p>La PGJET, a trav\u00e9s de la Polic\u00eda de Investigaci\u00f3n, colabor\u00f3 y brind\u00f3 las facilidades necesarias para que se concretara la detenci\u00f3n del involucrado en la desaparici\u00f3n de una mujer, refiri\u00f3 la dependencia.<\/p>\n<p>A trav\u00e9s del oficio de colaboraci\u00f3n correspondiente, elementos de la Polic\u00eda de Investigaci\u00f3n de Puebla ingresaron a territorio tlaxcalteca, a fin de dar cumplimiento a una orden de detenci\u00f3n urgente en contra de un hombre por el delito de privaci\u00f3n ilegal de la libertad\u00bb.<\/p>\n<p>Seg\u00fan un comunicado oficial, \u00abde esta manera, los investigadores de Tlaxcala brindaron todas las facilidades operativas para que sus hom\u00f3logos de la entidad vecina desempe\u00f1aran su labor (&#8230;) en el municipio de Terrenate\u00bb.<\/p>\n<p>El implicado fue trasladado a la Fiscal\u00eda de Puebla, donde se continuar\u00e1 con su procedimiento legal\u00bb.<\/p>\n<p style=\"text-align: center;\"><strong>La joven nunca descendi\u00f3 de la unidad<\/strong><\/p>\n<p>La unidad Cabify que abord\u00f3 Mara Fernanda Castilla Miranda s\u00ed se traslad\u00f3 a la calle Mayorazgo, en que se ubica el domicilio de la joven; sin embargo, ella nunca descendi\u00f3 de la unidad, as\u00ed se aprecia en un video captado por c\u00e1maras de seguridad del fraccionamiento.<\/p>\n<p>El material confirma una de las l\u00edneas de investigaci\u00f3n de la Fiscal\u00eda General del Estado (FGE), sobre Ricardo Alexis D, chofer de la unidad Cabify, por privaci\u00f3n ilegal de la libertad. En el video se observa que del veh\u00edculo Sonic de la empresa automotriz Chevrolet no descendi\u00f3 Mara Fernanda.<\/p>\n<p>De acuerdo con informaci\u00f3n dada a conocer por E-Consulta, el chofer habr\u00eda mentido en su declaraci\u00f3n ante las autoridades, debido a que omiti\u00f3 que permaneci\u00f3 alrededor de 30 minutos afuera de la casa de la joven desaparecida, adem\u00e1s de que nunca descendi\u00f3 del auto, menos, metros antes de llegar a la vivienda.<\/p>\n<p style=\"text-align: center;\"><strong>Habla la madre de Mara<\/strong><\/p>\n<p>Por su parte, la madre de la jovencita se\u00f1al\u00f3 que el conductor de Cabify debe aclarar d\u00f3nde dej\u00f3 o qu\u00e9 es lo que hizo con Mara.<\/p>\n<p>\u00abEn las c\u00e1maras se aprecia que (el conductor) hace un sinn\u00famero de maniobras que le llevan alrededor de 32 minutos. Espero que ahora que ya detuvieron a este fulano pueda ampliar su declaraci\u00f3n y esclarecer qu\u00e9 es lo que hizo o d\u00f3nde dej\u00f3 a mi hija\u00bb, dijo en entrevista.<\/p>\n<p>La madre de la joven explic\u00f3 que el veh\u00edculo no ingres\u00f3 al conjunto habitacional donde vive Mara, sino que se qued\u00f3 afuera y despu\u00e9s se fue.<\/p>\n<p>\u00abEs un conjunto de edificios, de torres, ellas (Mara y su hermana) no viv\u00edan en la entrada del conjunto. De la entrada donde est\u00e1 la caseta de vigilancia hay que hacer un recorrido como de 300 metros. Mis hijas me comentan que nunca ped\u00edan que las unidades las dejaran en la caseta de vigilancia, sino que las ingresaran. Este taxi ni siquiera lleg\u00f3 a la caseta de vigilancia\u00bb, afirm\u00f3.<\/p>\n<p>Cont\u00f3 que un d\u00eda despu\u00e9s de la desaparici\u00f3n de Mara recibi\u00f3 una llamada en la que le dijeron que su hija estaba bien y luego colgaron; sin embargo, desconoce si la llamada la hayan hecho las personas que tienen a su hija.<\/p>\n<p>Exhort\u00f3 a la Fiscal\u00eda de Puebla a no dejar libre al chofer hasta que encuentren a su hija, ya que \u00e9l fue la \u00faltima persona con la que tuvo contacto.<\/p>\n<p>\u00abHago el llamado a la Fiscal\u00eda y el gobierno de Puebla, que les imploro que no dejen en libertad a este fulano de Cabify hasta que esto se esclarezca\u00bb, concluy\u00f3.<\/p>\n","protected":false},"excerpt":{"rendered":"<p>La Fiscal\u00eda General del Estado de Puebla detuvo a uno de los conductores de la empresa Cabify, como presunto responsable de desaparici\u00f3n de Mara Fernanda Castilla Miranda, estudiante de la UPAEP, desaparecida la semana pasada en San Andr\u00e9s Cholula.<\/p>\n","protected":false},"author":5,"featured_media":344058,"comment_status":"open","ping_status":"open","sticky":false,"template":"","format":"standard","meta":{"_monsterinsights_skip_tracking":false,"_monsterinsights_sitenote_active":false,"_monsterinsights_sitenote_note":"","_monsterinsights_sitenote_category":0,"footnotes":""},"categories":[7],"tags":[65517,65521,65518,65659,65520,65519,43677],"class_list":["post-344057","post","type-post","status-publish","format-standard","has-post-thumbnail","hentry","category-seguridad","tag-chofer-de-cabify","tag-desaparicion-de-jovencita","tag-mara-fernanda-castilla","tag-mara-fernanda-castilla-miranda","tag-ricardo-alexis-n","tag-san-andres-cholula","tag-seguridad"],"_links":{"self":[{"href":"https:\/\/www.diarioimagen.net\/index.php?rest_route=\/wp\/v2\/posts\/344057","targetHints":{"allow":["GET"]}}],"collection":[{"href":"https:\/\/www.diarioimagen.net\/index.php?rest_route=\/wp\/v2\/posts"}],"about":[{"href":"https:\/\/www.diarioimagen.net\/index.php?rest_route=\/wp\/v2\/types\/post"}],"author":[{"embeddable":true,"href":"https:\/\/www.diarioimagen.net\/index.php?rest_route=\/wp\/v2\/users\/5"}],"replies":[{"embeddable":true,"href":"https:\/\/www.diarioimagen.net\/index.php?rest_route=%2Fwp%2Fv2%2Fcomments&post=344057"}],"version-history":[{"count":0,"href":"https:\/\/www.diarioimagen.net\/index.php?rest_route=\/wp\/v2\/posts\/344057\/revisions"}],"wp:featuredmedia":[{"embeddable":true,"href":"https:\/\/www.diarioimagen.net\/index.php?rest_route=\/wp\/v2\/media\/344058"}],"wp:attachment":[{"href":"https:\/\/www.diarioimagen.net\/index.php?rest_route=%2Fwp%2Fv2%2Fmedia&parent=344057"}],"wp:term":[{"taxonomy":"category","embeddable":true,"href":"https:\/\/www.diarioimagen.net\/index.php?rest_route=%2Fwp%2Fv2%2Fcategories&post=344057"},{"taxonomy":"post_tag","embeddable":true,"href":"https:\/\/www.diarioimagen.net\/index.php?rest_route=%2Fwp%2Fv2%2Ftags&post=344057"}],"curies":[{"name":"wp","href":"https:\/\/api.w.org\/{rel}","templated":true}]}}