{"id":344071,"date":"2017-09-14T00:07:21","date_gmt":"2017-09-14T05:07:21","guid":{"rendered":"http:\/\/www.diarioimagen.net\/?p=344071"},"modified":"2017-09-15T07:02:20","modified_gmt":"2017-09-15T12:02:20","slug":"presenta-eruviel-avila-iniciativa-para-crear-la-plaza-ecumenica","status":"publish","type":"post","link":"https:\/\/www.diarioimagen.net\/?p=344071","title":{"rendered":"Presenta Eruviel \u00c1vila iniciativa para crear la Plaza Ecum\u00e9nica"},"content":{"rendered":"<ul>\n<li><strong><em>Se busca concretar la donaci\u00f3n de dos predios en Huxiquilucan<\/em><\/strong><\/li>\n<\/ul>\n<p>&nbsp;<\/p>\n<div id=\"attachment_344072\" style=\"width: 470px\" class=\"wp-caption aligncenter\"><img loading=\"lazy\" decoding=\"async\" aria-describedby=\"caption-attachment-344072\" class=\"size-large wp-image-344072\" src=\"http:\/\/www.diarioimagen.net\/wp-content\/uploads\/2017\/09\/ERUIEL14-portal-460x268.jpg\" alt=\"\" width=\"460\" height=\"268\" srcset=\"https:\/\/www.diarioimagen.net\/wp-content\/uploads\/2017\/09\/ERUIEL14-portal-460x268.jpg 460w, https:\/\/www.diarioimagen.net\/wp-content\/uploads\/2017\/09\/ERUIEL14-portal-240x140.jpg 240w, https:\/\/www.diarioimagen.net\/wp-content\/uploads\/2017\/09\/ERUIEL14-portal.jpg 480w\" sizes=\"auto, (max-width: 460px) 100vw, 460px\" \/><p id=\"caption-attachment-344072\" class=\"wp-caption-text\">Eruviel \u00c1vila Villegas present\u00f3 una iniciativa de ley ante el Congreso Local del Estado de M\u00e9xico que permitir\u00e1 construir la Plaza Ecum\u00e9nica.<\/p><\/div>\n<p>&nbsp;<\/p>\n<p><strong>Huixquilucan, Estado de M\u00e9xico<\/strong>.- El gobernador Eruviel \u00c1vila Villegas present\u00f3 una iniciativa de ley ante el Congreso del Estado de M\u00e9xico, para concretar la donaci\u00f3n de dos predios en este municipio donde se construir\u00e1 la Plaza Ecum\u00e9nica, espacio en el que convivir\u00e1n la Iglesia cat\u00f3lica y la comunidad jud\u00eda, con instalaciones para el culto y la convivencia social arm\u00f3nica.<\/p>\n<p>\u201cNos reunimos representantes de la comunidad de la iglesia jud\u00eda de M\u00e9xico, del Estado de M\u00e9xico, la Iglesia cat\u00f3lica, para hacer algo juntos, esfuerzos para seguir fortaleciendo el tejido social y hacerle el bien a M\u00e9xico y al Estado de M\u00e9xico, y especialmente a esta comunidad de Huixquilucan\u201d, puntualiz\u00f3.<\/p>\n<p>En compa\u00f1\u00eda del cardenal Carlos Aguiar Retes, arzobispo metropolitano de Tlalnepantla; Mois\u00e9s Romano Jafif, presidente del comit\u00e9 Central de la Comunidad Jud\u00eda de M\u00e9xico; Max El-Mann Arazi, presidente de\u00a0 la Sociedad de Beneficencia Alianza Monte Sina\u00ed, y el presidente municipal de Huixquilucan, Enrique Vargas del Villar, el gobernador mexiquense afirm\u00f3 que la donaci\u00f3n de los inmuebles es un ejemplo claro de trabajo en equipo, en el que participan no solo las autoridades eclesi\u00e1sticas, sino tambi\u00e9n el gobierno municipal y estatal\u00a0 para hacer realidad este evento hist\u00f3rico para el estado y el pa\u00eds, que es la uni\u00f3n de diferentes credos con el objetivo com\u00fan de reforzar los valores.<\/p>\n<p>Detall\u00f3 que los predios ser\u00e1n donados por el Consejo Administrativo de Bosque Real, que es presidido por Marcos Salame Jafif; previamente esta acci\u00f3n fue autorizada por el cabildo municipal, por lo que la parte que le toca al gobierno estatal es presentar la iniciativa ante la Legislatura del estado.<\/p>\n<p>Por su parte, Max El-Mann Arazi, presidente de\u00a0 la Sociedad de Beneficencia Alianza Monte Sina\u00ed, calific\u00f3 este acto como trascendental, ya que las dos religiones m\u00e1s importantes convivir\u00e1n en un mismo espacio, lo que permitir\u00e1 combatir la discriminaci\u00f3n religiosa.<\/p>\n<p>El cardenal Carlos Aguiar Retes, arzobispo metropolitano de Tlalnepantla, afirm\u00f3 que con ello se ve a la religi\u00f3n como un s\u00edmbolo de la unidad, asimismo agradeci\u00f3 el apoyo de los gobiernos para concretar la donaci\u00f3n.<\/p>\n","protected":false},"excerpt":{"rendered":"<p>El gobernador Eruviel \u00c1vila Villegas present\u00f3 una iniciativa de ley ante el Congreso del Estado de M\u00e9xico, para concretar la donaci\u00f3n de dos predios en este municipio donde se construir\u00e1 la Plaza Ecum\u00e9nica, espacio en el que convivir\u00e1n la Iglesia cat\u00f3lica y la comunidad jud\u00eda, con instalaciones para el culto y la convivencia social arm\u00f3nica.<\/p>\n","protected":false},"author":5,"featured_media":344072,"comment_status":"open","ping_status":"open","sticky":false,"template":"","format":"standard","meta":{"_monsterinsights_skip_tracking":false,"_monsterinsights_sitenote_active":false,"_monsterinsights_sitenote_note":"","_monsterinsights_sitenote_category":0,"footnotes":""},"categories":[5],"tags":[47218,43675,1097],"class_list":["post-344071","post","type-post","status-publish","format-standard","has-post-thumbnail","hentry","category-estado-de-mexico","tag-enrique-vargas-del-villar","tag-estado-de-mexico","tag-huixquilucan"],"_links":{"self":[{"href":"https:\/\/www.diarioimagen.net\/index.php?rest_route=\/wp\/v2\/posts\/344071","targetHints":{"allow":["GET"]}}],"collection":[{"href":"https:\/\/www.diarioimagen.net\/index.php?rest_route=\/wp\/v2\/posts"}],"about":[{"href":"https:\/\/www.diarioimagen.net\/index.php?rest_route=\/wp\/v2\/types\/post"}],"author":[{"embeddable":true,"href":"https:\/\/www.diarioimagen.net\/index.php?rest_route=\/wp\/v2\/users\/5"}],"replies":[{"embeddable":true,"href":"https:\/\/www.diarioimagen.net\/index.php?rest_route=%2Fwp%2Fv2%2Fcomments&post=344071"}],"version-history":[{"count":0,"href":"https:\/\/www.diarioimagen.net\/index.php?rest_route=\/wp\/v2\/posts\/344071\/revisions"}],"wp:featuredmedia":[{"embeddable":true,"href":"https:\/\/www.diarioimagen.net\/index.php?rest_route=\/wp\/v2\/media\/344072"}],"wp:attachment":[{"href":"https:\/\/www.diarioimagen.net\/index.php?rest_route=%2Fwp%2Fv2%2Fmedia&parent=344071"}],"wp:term":[{"taxonomy":"category","embeddable":true,"href":"https:\/\/www.diarioimagen.net\/index.php?rest_route=%2Fwp%2Fv2%2Fcategories&post=344071"},{"taxonomy":"post_tag","embeddable":true,"href":"https:\/\/www.diarioimagen.net\/index.php?rest_route=%2Fwp%2Fv2%2Ftags&post=344071"}],"curies":[{"name":"wp","href":"https:\/\/api.w.org\/{rel}","templated":true}]}}