{"id":344074,"date":"2017-09-14T00:05:50","date_gmt":"2017-09-14T05:05:50","guid":{"rendered":"http:\/\/www.diarioimagen.net\/?p=344074"},"modified":"2017-09-14T02:12:57","modified_gmt":"2017-09-14T07:12:57","slug":"reforzaran-pablo-ruiz-e-iran-castillo-el-90s-pop-tour","status":"publish","type":"post","link":"https:\/\/www.diarioimagen.net\/?p=344074","title":{"rendered":"Reforzar\u00e1n Pablo Ruiz e Ir\u00e1n Castillo el <em>90\u00b4s pop tour<\/em>"},"content":{"rendered":"<ul>\n<li><em><strong>Los del fin del milenio<\/strong><\/em><\/li>\n<\/ul>\n<p>&nbsp;<\/p>\n<div id=\"attachment_344089\" style=\"width: 470px\" class=\"wp-caption aligncenter\"><img loading=\"lazy\" decoding=\"async\" aria-describedby=\"caption-attachment-344089\" class=\"size-large wp-image-344089\" src=\"http:\/\/www.diarioimagen.net\/wp-content\/uploads\/2017\/09\/90PopTour-POOORTAL-460x460.jpg\" alt=\"\" width=\"460\" height=\"460\" srcset=\"https:\/\/www.diarioimagen.net\/wp-content\/uploads\/2017\/09\/90PopTour-POOORTAL-460x460.jpg 460w, https:\/\/www.diarioimagen.net\/wp-content\/uploads\/2017\/09\/90PopTour-POOORTAL-150x150.jpg 150w, https:\/\/www.diarioimagen.net\/wp-content\/uploads\/2017\/09\/90PopTour-POOORTAL-240x240.jpg 240w, https:\/\/www.diarioimagen.net\/wp-content\/uploads\/2017\/09\/90PopTour-POOORTAL-50x50.jpg 50w, https:\/\/www.diarioimagen.net\/wp-content\/uploads\/2017\/09\/90PopTour-POOORTAL-75x75.jpg 75w, https:\/\/www.diarioimagen.net\/wp-content\/uploads\/2017\/09\/90PopTour-POOORTAL-70x70.jpg 70w, https:\/\/www.diarioimagen.net\/wp-content\/uploads\/2017\/09\/90PopTour-POOORTAL.jpg 700w\" sizes=\"auto, (max-width: 460px) 100vw, 460px\" \/><p id=\"caption-attachment-344089\" class=\"wp-caption-text\">La producci\u00f3n alcanz\u00f3 Disco de Platino por las altas ventas el 2CD + DVD.<\/p><\/div>\n<p>&nbsp;<\/p>\n<p>Una papeleta que tiene a OV7, Aleks Syntek, Fey, JNS, \u00c9rik Rub\u00edn, Cal\u00f3, Litzy y The Sacados<strong>,<\/strong> viajar\u00e1 placeando durante el resto del a\u00f1o con rumbo al norte del pa\u00eds y luego pasar\u00e1 a Estados Unidos, con el fin de ponderar la generaci\u00f3n de antes de concluir el milenio.<\/p>\n<p>Por ello, los cantantes Ir\u00e1n Castillo y Pablo Ruiz se sienten privilegiados al ser sumados a esta caravana como artistas invitados en la gira que mantendr\u00e1 el \u201cshow\u201d por diversos puntos de la Rep\u00fablica y que despu\u00e9s llegar\u00e1 a EU<strong>.<\/strong><\/p>\n<p>Ambos int\u00e9rpretes estar\u00e1n presentes en varias fechas del concepto musical, que tiene como fin revivir los \u00e9xitos que marcaron una \u00e9poca antes del cambio de milenio y en el que participan OV7, Aleks Syntek, Fey, JNS, \u00c9rik Rub\u00edn, Cal\u00f3, Litzy y The Sacados<strong>.<\/strong><\/p>\n<p>Estamos felices de poder recordar varios de nuestros \u00e9xitos con los fans del <strong>\u201c<\/strong>90\u2019s pop tour<strong>\u2018<\/strong> y hacerlo en este gran escenario y con amigos de tantos a\u00f1os es algo \u00fanico para nosotros\u201d, mencion\u00f3 Ir\u00e1n Castillo en un comunicado de prensa.<\/p>\n<p>Mientras, Pablo Ruiz indic\u00f3: <em>\u201c<\/em>La verdad, no me esperaba la reacci\u00f3n y el recibimiento de la gente, lo bien que se la pasan todos en el escenario, es una gran familia y estamos orgullosos de formar parte de esto, para m\u00ed reencontrarme con el p\u00fablico mexicano ha sido lo m\u00e1ximo<em>\u201c.<\/em><\/p>\n<p>Despu\u00e9s que m\u00e1s de 400 mil personas han disfrutado y certificado como Disco de Platino por las altas ventas el 2CD + DVD, el \u201c90\u2019s pop tour\u201d , quienes intervinieron en esa grabaci\u00f3n visitar\u00e1n Estados Unidos y regresar\u00e1n a la Arena Ciudad de M\u00e9xico el 30 de noviembre pr\u00f3ximo.<\/p>\n","protected":false},"excerpt":{"rendered":"<p>Una papeleta que tiene a OV7, Aleks Syntek, Fey, JNS, \u00c9rik Rub\u00edn, Cal\u00f3, Litzy y The Sacados, viajar\u00e1 placeando durante el resto del a\u00f1o con rumbo al norte del pa\u00eds y luego pasar\u00e1 a Estados Unidos, con el fin de ponderar la generaci\u00f3n de antes de concluir el milenio.<\/p>\n","protected":false},"author":5,"featured_media":344090,"comment_status":"open","ping_status":"open","sticky":false,"template":"","format":"standard","meta":{"_monsterinsights_skip_tracking":false,"_monsterinsights_sitenote_active":false,"_monsterinsights_sitenote_note":"","_monsterinsights_sitenote_category":0,"footnotes":""},"categories":[12],"tags":[56280,1560,51925,11044,43682,10146,3139,55579,65538,9312,65537],"class_list":["post-344074","post","type-post","status-publish","format-standard","has-post-thumbnail","hentry","category-espectaculos","tag-90s-pop-tour","tag-aleks-syntek","tag-calo","tag-erik-rubin","tag-espectaculos","tag-fey","tag-iran-castillo","tag-jns","tag-litzy-y-the-sacados","tag-ov7","tag-pablo-ruiz"],"_links":{"self":[{"href":"https:\/\/www.diarioimagen.net\/index.php?rest_route=\/wp\/v2\/posts\/344074","targetHints":{"allow":["GET"]}}],"collection":[{"href":"https:\/\/www.diarioimagen.net\/index.php?rest_route=\/wp\/v2\/posts"}],"about":[{"href":"https:\/\/www.diarioimagen.net\/index.php?rest_route=\/wp\/v2\/types\/post"}],"author":[{"embeddable":true,"href":"https:\/\/www.diarioimagen.net\/index.php?rest_route=\/wp\/v2\/users\/5"}],"replies":[{"embeddable":true,"href":"https:\/\/www.diarioimagen.net\/index.php?rest_route=%2Fwp%2Fv2%2Fcomments&post=344074"}],"version-history":[{"count":0,"href":"https:\/\/www.diarioimagen.net\/index.php?rest_route=\/wp\/v2\/posts\/344074\/revisions"}],"wp:featuredmedia":[{"embeddable":true,"href":"https:\/\/www.diarioimagen.net\/index.php?rest_route=\/wp\/v2\/media\/344090"}],"wp:attachment":[{"href":"https:\/\/www.diarioimagen.net\/index.php?rest_route=%2Fwp%2Fv2%2Fmedia&parent=344074"}],"wp:term":[{"taxonomy":"category","embeddable":true,"href":"https:\/\/www.diarioimagen.net\/index.php?rest_route=%2Fwp%2Fv2%2Fcategories&post=344074"},{"taxonomy":"post_tag","embeddable":true,"href":"https:\/\/www.diarioimagen.net\/index.php?rest_route=%2Fwp%2Fv2%2Ftags&post=344074"}],"curies":[{"name":"wp","href":"https:\/\/api.w.org\/{rel}","templated":true}]}}