{"id":344099,"date":"2017-09-14T00:06:44","date_gmt":"2017-09-14T05:06:44","guid":{"rendered":"http:\/\/www.diarioimagen.net\/?p=344099"},"modified":"2017-09-14T02:12:16","modified_gmt":"2017-09-14T07:12:16","slug":"isla-calaca-llega-a-salas-de-cine-mexicanas","status":"publish","type":"post","link":"https:\/\/www.diarioimagen.net\/?p=344099","title":{"rendered":"\u201cIsla calaca\u201d llega a salas de cine mexicanas"},"content":{"rendered":"<ul>\n<li><em><strong>Este jueves 14 de septiembre<\/strong><\/em><\/li>\n<\/ul>\n<p>&nbsp;<\/p>\n<div id=\"attachment_344100\" style=\"width: 470px\" class=\"wp-caption aligncenter\"><img loading=\"lazy\" decoding=\"async\" aria-describedby=\"caption-attachment-344100\" class=\"size-large wp-image-344100\" src=\"http:\/\/www.diarioimagen.net\/wp-content\/uploads\/2017\/09\/IslaCalaca-PORTAL-460x268.jpg\" alt=\"\" width=\"460\" height=\"268\" srcset=\"https:\/\/www.diarioimagen.net\/wp-content\/uploads\/2017\/09\/IslaCalaca-PORTAL-460x268.jpg 460w, https:\/\/www.diarioimagen.net\/wp-content\/uploads\/2017\/09\/IslaCalaca-PORTAL-240x140.jpg 240w, https:\/\/www.diarioimagen.net\/wp-content\/uploads\/2017\/09\/IslaCalaca-PORTAL.jpg 480w\" sizes=\"auto, (max-width: 460px) 100vw, 460px\" \/><p id=\"caption-attachment-344100\" class=\"wp-caption-text\">La pel\u00edcula infantil \u201cIsla calaca\u201d, de Leopoldo Aguilar, llegar\u00e1 a las salas comerciales este jueves 14 de septiembre.<\/p><\/div>\n<p>&nbsp;<\/p>\n<p>La cinta de animaci\u00f3n mexicana \u201cIsla calaca\u201d, del director Leopoldo Aguilar, llegar\u00e1 a las salas comerciales este jueves 14 de septiembre, adem\u00e1s de estrenarse en Reino Unido, Corea y China.<\/p>\n<p>La pel\u00edcula infantil, clasificada en el g\u00e9nero de aventuras y hecha en animaci\u00f3n 3D, es el trabajo con el que debut\u00f3 como realizador el mexicano Leopoldo Aguilar, quien colabor\u00f3 al lado del productor Jos\u00e9 Carlos Garc\u00eda de Letona.<\/p>\n<p>\u201cIsla calaca\u201d narra la historia de \u201cLucas\u201d, un adolescente que va en busca de sus or\u00edgenes luego de descubrir que \u00e9l y toda su familia son monstruos, y quien, sin imaginarlo, se convierte en el h\u00e9roe de su lugar natal.<\/p>\n<p>Los personajes no tienen caracter\u00edsticas f\u00edsicas que se engloban en un imaginario colectivo; sin embargo, cuentan con personalidades muy similares a la vida humana con las que el p\u00fablico podr\u00eda identificarse.<\/p>\n<p>A pesar de que el realizador es mexicano, la historia no se ubica en alg\u00fan lugar de M\u00e9xico, ni en ninguno en espec\u00edfico, es pensada para un p\u00fablico global.<\/p>\n<p>El largometraje cuenta con los doblajes de Memo Aponte (\u201cBuscando a Nemo\u201d) como \u201cLucas\u201d; Octavio Rojas (\u201cWaylonSmithers\u201d de \u201cLos Simpson\u201d) en la voz de \u201cNicol\u00e1s\u201d, pap\u00e1 de \u201cLucas\u201d y Pepe To\u00f1o Mac\u00edas (<em>Capit\u00e1n Am\u00e9rica<\/em>) como \u201cNorcutt\u201d.<\/p>\n<p>Es una producci\u00f3n de \u00c1nima Estudios, reconocida por las leyendas animadas de \u201cLa llorona\u201d, \u201cLa nahuala\u201d, \u201cLas momias de Guanajuato\u201d y \u201cEl chupacabras\u201d, y que adem\u00e1s, ya se encuentra en preparativos para lanzar \u201cLa leyenda del Charro Negro\u201d.<\/p>\n<p>La cinta tendr\u00e1 su estreno este jueves 14 de septiembre en las dos franquicias m\u00e1s grandes del cine comercial, incluso ya ha sido comprada para proyectarse en algunos pa\u00edses de Europa y Asia.<\/p>\n","protected":false},"excerpt":{"rendered":"<p>La cinta de animaci\u00f3n mexicana \u201cIsla calaca\u201d, del director Leopoldo Aguilar, llegar\u00e1 a las salas comerciales este jueves 14 de septiembre, adem\u00e1s de estrenarse en Reino Unido, Corea y China.<\/p>\n","protected":false},"author":5,"featured_media":344100,"comment_status":"open","ping_status":"open","sticky":false,"template":"","format":"standard","meta":{"_monsterinsights_skip_tracking":false,"_monsterinsights_sitenote_active":false,"_monsterinsights_sitenote_note":"","_monsterinsights_sitenote_category":0,"footnotes":""},"categories":[460],"tags":[65546,8590,43682,65548,65547,174,65545],"class_list":["post-344099","post","type-post","status-publish","format-standard","has-post-thumbnail","hentry","category-cine","tag-cine-mexicanas","tag-corea","tag-espectaculos","tag-jose-carlos-garcia-de-letona","tag-leopoldo-aguilar","tag-reino-unido","tag-isla-calaca"],"_links":{"self":[{"href":"https:\/\/www.diarioimagen.net\/index.php?rest_route=\/wp\/v2\/posts\/344099","targetHints":{"allow":["GET"]}}],"collection":[{"href":"https:\/\/www.diarioimagen.net\/index.php?rest_route=\/wp\/v2\/posts"}],"about":[{"href":"https:\/\/www.diarioimagen.net\/index.php?rest_route=\/wp\/v2\/types\/post"}],"author":[{"embeddable":true,"href":"https:\/\/www.diarioimagen.net\/index.php?rest_route=\/wp\/v2\/users\/5"}],"replies":[{"embeddable":true,"href":"https:\/\/www.diarioimagen.net\/index.php?rest_route=%2Fwp%2Fv2%2Fcomments&post=344099"}],"version-history":[{"count":0,"href":"https:\/\/www.diarioimagen.net\/index.php?rest_route=\/wp\/v2\/posts\/344099\/revisions"}],"wp:featuredmedia":[{"embeddable":true,"href":"https:\/\/www.diarioimagen.net\/index.php?rest_route=\/wp\/v2\/media\/344100"}],"wp:attachment":[{"href":"https:\/\/www.diarioimagen.net\/index.php?rest_route=%2Fwp%2Fv2%2Fmedia&parent=344099"}],"wp:term":[{"taxonomy":"category","embeddable":true,"href":"https:\/\/www.diarioimagen.net\/index.php?rest_route=%2Fwp%2Fv2%2Fcategories&post=344099"},{"taxonomy":"post_tag","embeddable":true,"href":"https:\/\/www.diarioimagen.net\/index.php?rest_route=%2Fwp%2Fv2%2Ftags&post=344099"}],"curies":[{"name":"wp","href":"https:\/\/api.w.org\/{rel}","templated":true}]}}