{"id":344125,"date":"2017-09-14T00:01:11","date_gmt":"2017-09-14T05:01:11","guid":{"rendered":"http:\/\/www.diarioimagen.net\/?p=344125"},"modified":"2017-09-15T08:10:10","modified_gmt":"2017-09-15T13:10:10","slug":"angeles-gargolas-quetzalcoatl-y-la-energia-participan-en-el-anejamiento-del-vino-en-vinedos-toyan","status":"publish","type":"post","link":"https:\/\/www.diarioimagen.net\/?p=344125","title":{"rendered":"\u00c1ngeles, g\u00e1rgolas, Quetzalc\u00f3atl y la energ\u00eda participan en el a\u00f1ejamiento del vino, en Vi\u00f1edos Toy\u00e1n \u2022 I"},"content":{"rendered":"<h2>De cinco estrellas<\/h2>\n<h5>Victoria Gonz\u00e1lez Prado<\/h5>\n<h6>Fotos: Jaime A. Arroyo y Rebeca Cabrera<\/h6>\n<p>&nbsp;<\/p>\n<h4 style=\"text-align: center;\"><strong>Primera parte<\/strong><\/h4>\n<p>&nbsp;<\/p>\n<div id=\"attachment_344234\" style=\"width: 470px\" class=\"wp-caption aligncenter\"><a href=\"http:\/\/www.diarioimagen.net\/?attachment_id=344234\" rel=\"attachment wp-att-344234\"><img loading=\"lazy\" decoding=\"async\" aria-describedby=\"caption-attachment-344234\" class=\"size-large wp-image-344234\" src=\"http:\/\/www.diarioimagen.net\/wp-content\/uploads\/2017\/09\/turismo-1-3207-460x306.jpg\" alt=\"\" width=\"460\" height=\"306\" srcset=\"https:\/\/www.diarioimagen.net\/wp-content\/uploads\/2017\/09\/turismo-1-3207-460x306.jpg 460w, https:\/\/www.diarioimagen.net\/wp-content\/uploads\/2017\/09\/turismo-1-3207-240x159.jpg 240w, https:\/\/www.diarioimagen.net\/wp-content\/uploads\/2017\/09\/turismo-1-3207.jpg 700w\" sizes=\"auto, (max-width: 460px) 100vw, 460px\" \/><\/a><p id=\"caption-attachment-344234\" class=\"wp-caption-text\">\u00c1rboles tallados.<\/p><\/div>\n<p>&nbsp;<\/p>\n<p><strong>San Miguel de Allende, Guanajuato<\/strong>.- A diez minutos de esta ciudad, est\u00e1 Vi\u00f1edos Toy\u00e1n, donde s\u00f3lo se elabora vino a\u00f1ejado bajo est\u00e1ndares \u2018org\u00e1nicos\u2019, aunque prefieren llamarlos naturales o artesanales.<\/p>\n<p>Al atardecer llegamos al vi\u00f1edo por un camino flanqueado por altos \u00e1rboles, algunos con rostros tallados en el tronco, como si nos dieran la bienvenida, mientras la camioneta pasa lentamente.<\/p>\n<p>El recorrido termin\u00f3 en la explanada vi\u00f1edo, donde nos esperaba <strong>Luc\u00eda L\u00f3pez Olvera<\/strong>, encargada de la administraci\u00f3n.<\/p>\n<div id=\"attachment_344235\" style=\"width: 470px\" class=\"wp-caption aligncenter\"><a href=\"http:\/\/www.diarioimagen.net\/?attachment_id=344235\" rel=\"attachment wp-att-344235\"><img loading=\"lazy\" decoding=\"async\" aria-describedby=\"caption-attachment-344235\" class=\"size-large wp-image-344235\" src=\"http:\/\/www.diarioimagen.net\/wp-content\/uploads\/2017\/09\/turismo-2-3207-460x245.jpg\" alt=\"\" width=\"460\" height=\"245\" srcset=\"https:\/\/www.diarioimagen.net\/wp-content\/uploads\/2017\/09\/turismo-2-3207-460x245.jpg 460w, https:\/\/www.diarioimagen.net\/wp-content\/uploads\/2017\/09\/turismo-2-3207-240x128.jpg 240w, https:\/\/www.diarioimagen.net\/wp-content\/uploads\/2017\/09\/turismo-2-3207.jpg 700w\" sizes=\"auto, (max-width: 460px) 100vw, 460px\" \/><\/a><p id=\"caption-attachment-344235\" class=\"wp-caption-text\">En la cava, la avenida de Los Monjes.<\/p><\/div>\n<p>Luego de darnos las palabras de bienvenida,\u00a0 casi de inmediato nos lleva a la cava y en el trayecto describe qu\u00e9 es Toy\u00e1n.<\/p>\n<p>Toy\u00e1n, nos dice, es el vi\u00f1edo de San Miguel de Allende. \u201cOcupa 68 hect\u00e1reas, en las que tenemos cultivos de diversas especies de vegetales, hortalizas y fruta. S\u00f3lo 10 hect\u00e1reas son propiamente el vi\u00f1edo\u201d.<\/p>\n<p>Es la \u00fanica bodega en M\u00e9xico que se dedica a la producci\u00f3n de vino a\u00f1ejado artesanalmente. Los tintos pasan de dos a seis a\u00f1os en barrica; los blancos, de seis a ocho meses seg\u00fan la variedad de las uvas, y terminan su a\u00f1ejamiento en la botella.<\/p>\n<div id=\"attachment_344236\" style=\"width: 270px\" class=\"wp-caption alignleft\"><a href=\"http:\/\/www.diarioimagen.net\/?attachment_id=344236\" rel=\"attachment wp-att-344236\"><img loading=\"lazy\" decoding=\"async\" aria-describedby=\"caption-attachment-344236\" class=\" wp-image-344236\" src=\"http:\/\/www.diarioimagen.net\/wp-content\/uploads\/2017\/09\/turismo-3-3207-345x460.jpg\" alt=\"\" width=\"260\" height=\"347\" srcset=\"https:\/\/www.diarioimagen.net\/wp-content\/uploads\/2017\/09\/turismo-3-3207-345x460.jpg 345w, https:\/\/www.diarioimagen.net\/wp-content\/uploads\/2017\/09\/turismo-3-3207-180x240.jpg 180w, https:\/\/www.diarioimagen.net\/wp-content\/uploads\/2017\/09\/turismo-3-3207.jpg 525w\" sizes=\"auto, (max-width: 260px) 100vw, 260px\" \/><\/a><p id=\"caption-attachment-344236\" class=\"wp-caption-text\">Los monjes en la cava.<\/p><\/div>\n<p>En Toy\u00e1n se cultivan nueve de las m\u00e1s de diez mil variedades de uva: <em>Chardonnay, Merlot, Cabernet Sauvignon, Sauvignon blanc, Cabernet Franc, Pinot noir y Moscato cannelli,<\/em>.<\/p>\n<p>La etiqueta con que los tintos se comercializan actualmente es un ensamble de <em>Cabernet Sauvignon<\/em> con <em>Merlot<\/em> cosecha 2011. Las cosechas comerciales para vinos de a\u00f1ejamiento son la 2011 y la 2012.<\/p>\n<p>En la puerta para entrar a la cava vemos a Quetzalc\u00f3atl, un \u00e1guila de dos cabezas, pir\u00e1mides de energ\u00eda y caracoles. En todas las culturas prehisp\u00e1nicas el caracol es el s\u00edmbolo del pensamiento o el habla, e indica la transmisi\u00f3n de informaci\u00f3n. Nos explica que el objetivo de poner esas figuras es rescatar todo lo que las culturas originarias hac\u00edan. Es como volver al pasado.<\/p>\n<p>Los due\u00f1os del vi\u00f1edo y creadores del concepto son<strong> Javier G\u00f3mez Gonz\u00e1lez <\/strong>y<strong> Martha Molina Garza<\/strong>, nos dice <strong>Luc\u00eda Olvera<\/strong>. Les gusta respetar la energ\u00eda del universo, el arcano y la cosmogon\u00eda de las culturas ind\u00edgenas. Quiz\u00e1 por todo esto el vi\u00f1edo se llama Toy\u00e1n, palabra n\u00e1huatl que significa \u201cdonde nace el conocimiento\u201d.<\/p>\n<div id=\"attachment_344237\" style=\"width: 470px\" class=\"wp-caption aligncenter\"><a href=\"http:\/\/www.diarioimagen.net\/?attachment_id=344237\" rel=\"attachment wp-att-344237\"><img loading=\"lazy\" decoding=\"async\" aria-describedby=\"caption-attachment-344237\" class=\"size-large wp-image-344237\" src=\"http:\/\/www.diarioimagen.net\/wp-content\/uploads\/2017\/09\/turismo-4-3207-460x333.jpg\" alt=\"\" width=\"460\" height=\"333\" srcset=\"https:\/\/www.diarioimagen.net\/wp-content\/uploads\/2017\/09\/turismo-4-3207-460x333.jpg 460w, https:\/\/www.diarioimagen.net\/wp-content\/uploads\/2017\/09\/turismo-4-3207-240x174.jpg 240w, https:\/\/www.diarioimagen.net\/wp-content\/uploads\/2017\/09\/turismo-4-3207-768x556.jpg 768w, https:\/\/www.diarioimagen.net\/wp-content\/uploads\/2017\/09\/turismo-4-3207-90x65.jpg 90w, https:\/\/www.diarioimagen.net\/wp-content\/uploads\/2017\/09\/turismo-4-3207.jpg 800w\" sizes=\"auto, (max-width: 460px) 100vw, 460px\" \/><\/a><p id=\"caption-attachment-344237\" class=\"wp-caption-text\">\u00c1ngeles, custodios del vi\u00f1edo.<\/p><\/div>\n<p>En la bodega de crianza, precisa <strong>Luc\u00eda<\/strong>, contin\u00faan los s\u00edmbolos del cuidado de la energ\u00eda. Es un santuario. Al pasar de la puerta hay un meteorito al que se le atribuyen cualidades esot\u00e9ricas que ayudan a que haya armon\u00eda entre todas las personas que pasan por ese sitio.<\/p>\n<div id=\"attachment_344238\" style=\"width: 214px\" class=\"wp-caption alignright\"><a href=\"http:\/\/www.diarioimagen.net\/?attachment_id=344238\" rel=\"attachment wp-att-344238\"><img loading=\"lazy\" decoding=\"async\" aria-describedby=\"caption-attachment-344238\" class=\" wp-image-344238\" src=\"http:\/\/www.diarioimagen.net\/wp-content\/uploads\/2017\/09\/turismo-5-3207-345x460.jpg\" alt=\"\" width=\"204\" height=\"272\" srcset=\"https:\/\/www.diarioimagen.net\/wp-content\/uploads\/2017\/09\/turismo-5-3207-345x460.jpg 345w, https:\/\/www.diarioimagen.net\/wp-content\/uploads\/2017\/09\/turismo-5-3207-180x240.jpg 180w, https:\/\/www.diarioimagen.net\/wp-content\/uploads\/2017\/09\/turismo-5-3207.jpg 525w\" sizes=\"auto, (max-width: 204px) 100vw, 204px\" \/><\/a><p id=\"caption-attachment-344238\" class=\"wp-caption-text\">S\u00edmbolos por doquier.<\/p><\/div>\n<p>Nuestra gu\u00eda explica que todo ese simbolismo obedece a que \u201cel vino es un ser vivo y tenemos que estar alineados energ\u00e9ticamente para bajar a este espacio que simula el \u00fatero materno o el centro de la Tierra\u2026\u201d. Es un s\u00edmil del proceso de a\u00f1ejamiento del vino con el milagro de la vida, pues a\u00fan no termina el tiempo necesario para que culmine el a\u00f1ejamiento del vino.<\/p>\n<p>Llegamos a una rampa y bajamos 14 metros para llegar a la avenida de los Monjes. Se llama as\u00ed porque de acuerdo a la historia, ellos fueron los primeros en producir el vino. El clero controlaba la distribuci\u00f3n y la comercializaci\u00f3n.<\/p>\n<p>Y volvemos al simbolismo que rodea a la cava, pues \u00bfqu\u00e9 mejor custodia para el vino? A ambos lados del pasillo hay 24 estatuas de monjes, talladas en cantera blanca unas, y otras en cantera ligeramente oscura, para seguir con la dualidad de la energ\u00eda.<\/p>\n<div id=\"attachment_344239\" style=\"width: 183px\" class=\"wp-caption alignleft\"><a href=\"http:\/\/www.diarioimagen.net\/?attachment_id=344239\" rel=\"attachment wp-att-344239\"><img loading=\"lazy\" decoding=\"async\" aria-describedby=\"caption-attachment-344239\" class=\" wp-image-344239\" src=\"http:\/\/www.diarioimagen.net\/wp-content\/uploads\/2017\/09\/turismo-6-3207-345x460.jpg\" alt=\"\" width=\"173\" height=\"230\" srcset=\"https:\/\/www.diarioimagen.net\/wp-content\/uploads\/2017\/09\/turismo-6-3207-345x460.jpg 345w, https:\/\/www.diarioimagen.net\/wp-content\/uploads\/2017\/09\/turismo-6-3207-180x240.jpg 180w, https:\/\/www.diarioimagen.net\/wp-content\/uploads\/2017\/09\/turismo-6-3207.jpg 525w\" sizes=\"auto, (max-width: 173px) 100vw, 173px\" \/><\/a><p id=\"caption-attachment-344239\" class=\"wp-caption-text\">Las barricas.<\/p><\/div>\n<p>Cada uno de los monjes, que por cierto no tienen rostros muy agradables, es \u00fanico. A los pies de algunos hay piedras energ\u00e9ticas: pirita y cuarzo, y un caracol. Uno de ellos tiene una botella entre sus brazos. La pirita y el cuarzo se encontraron al hacer la excavaci\u00f3n y las dejaron ah\u00ed para que sigan resguardando la energ\u00eda.<\/p>\n<p>\u201cEl trabajo de excavaci\u00f3n tard\u00f3 cuatro a\u00f1os y medio. Fue hecho a pico y pala por ocho se\u00f1ores que trabajaron en el proyecto, y las m\u00e1quinas entraron a este espacio s\u00f3lo a mitad de camino, para ayudar a quitar la tierra y poder llegar a 14 metros de profundidad\u201d, comenta <strong>Luc\u00eda<\/strong>.<\/p>\n<p><em><a href=\"mailto:victoriagprado@gmail.com\" target=\"_blank\" rel=\"noopener noreferrer\">victoriagprado@gmail.com<\/a><\/em><br \/>\n<em> Twitter: <a href=\"https:\/\/twitter.com\/victoriagprado\" target=\"_blank\" rel=\"noopener noreferrer\">@victoriagprado<\/a><\/em><\/p>\n","protected":false},"excerpt":{"rendered":"<p>A diez minutos de esta ciudad, est\u00e1 Vi\u00f1edos Toy\u00e1n, donde s\u00f3lo se elabora vino a\u00f1ejado bajo est\u00e1ndares \u2018org\u00e1nicos\u2019, aunque prefieren llamarlos naturales o artesanales.<\/p>\n","protected":false},"author":3,"featured_media":344234,"comment_status":"open","ping_status":"open","sticky":false,"template":"","format":"standard","meta":{"_monsterinsights_skip_tracking":false,"_monsterinsights_sitenote_active":false,"_monsterinsights_sitenote_note":"","_monsterinsights_sitenote_category":0,"footnotes":""},"categories":[11],"tags":[107,41,43674,2163,43681,106],"class_list":["post-344125","post","type-post","status-publish","format-standard","has-post-thumbnail","hentry","category-turismo","tag-de-cinco-estrellas","tag-guanajuato","tag-opinion","tag-san-miguel-de-allende","tag-turismo","tag-victoria-gonzalez-prado"],"_links":{"self":[{"href":"https:\/\/www.diarioimagen.net\/index.php?rest_route=\/wp\/v2\/posts\/344125","targetHints":{"allow":["GET"]}}],"collection":[{"href":"https:\/\/www.diarioimagen.net\/index.php?rest_route=\/wp\/v2\/posts"}],"about":[{"href":"https:\/\/www.diarioimagen.net\/index.php?rest_route=\/wp\/v2\/types\/post"}],"author":[{"embeddable":true,"href":"https:\/\/www.diarioimagen.net\/index.php?rest_route=\/wp\/v2\/users\/3"}],"replies":[{"embeddable":true,"href":"https:\/\/www.diarioimagen.net\/index.php?rest_route=%2Fwp%2Fv2%2Fcomments&post=344125"}],"version-history":[{"count":0,"href":"https:\/\/www.diarioimagen.net\/index.php?rest_route=\/wp\/v2\/posts\/344125\/revisions"}],"wp:featuredmedia":[{"embeddable":true,"href":"https:\/\/www.diarioimagen.net\/index.php?rest_route=\/wp\/v2\/media\/344234"}],"wp:attachment":[{"href":"https:\/\/www.diarioimagen.net\/index.php?rest_route=%2Fwp%2Fv2%2Fmedia&parent=344125"}],"wp:term":[{"taxonomy":"category","embeddable":true,"href":"https:\/\/www.diarioimagen.net\/index.php?rest_route=%2Fwp%2Fv2%2Fcategories&post=344125"},{"taxonomy":"post_tag","embeddable":true,"href":"https:\/\/www.diarioimagen.net\/index.php?rest_route=%2Fwp%2Fv2%2Ftags&post=344125"}],"curies":[{"name":"wp","href":"https:\/\/api.w.org\/{rel}","templated":true}]}}