{"id":344160,"date":"2017-09-14T00:07:08","date_gmt":"2017-09-14T05:07:08","guid":{"rendered":"http:\/\/www.diarioimagen.net\/?p=344160"},"modified":"2017-09-14T08:39:54","modified_gmt":"2017-09-14T13:39:54","slug":"alcalde-vargas-del-villar-entrego-unidades-nuevas-a-seguridad-publica","status":"publish","type":"post","link":"https:\/\/www.diarioimagen.net\/?p=344160","title":{"rendered":"Alcalde Vargas del Villar entreg\u00f3 unidades nuevas a Seguridad P\u00fablica"},"content":{"rendered":"<ul>\n<li><strong><em>Alcalde Vargas del Villar entreg\u00f3 unidades nuevas a Seguridad P\u00fablica<\/em><\/strong><\/li>\n<\/ul>\n<p>&nbsp;<\/p>\n<div id=\"attachment_344245\" style=\"width: 470px\" class=\"wp-caption aligncenter\"><a href=\"http:\/\/www.diarioimagen.net\/?attachment_id=344245\" rel=\"attachment wp-att-344245\"><img loading=\"lazy\" decoding=\"async\" aria-describedby=\"caption-attachment-344245\" class=\"size-large wp-image-344245\" src=\"http:\/\/www.diarioimagen.net\/wp-content\/uploads\/2017\/09\/HUIXQUILUCAN-3207-460x259.jpg\" alt=\"\" width=\"460\" height=\"259\" srcset=\"https:\/\/www.diarioimagen.net\/wp-content\/uploads\/2017\/09\/HUIXQUILUCAN-3207-460x259.jpg 460w, https:\/\/www.diarioimagen.net\/wp-content\/uploads\/2017\/09\/HUIXQUILUCAN-3207-240x135.jpg 240w, https:\/\/www.diarioimagen.net\/wp-content\/uploads\/2017\/09\/HUIXQUILUCAN-3207-235x132.jpg 235w, https:\/\/www.diarioimagen.net\/wp-content\/uploads\/2017\/09\/HUIXQUILUCAN-3207-202x114.jpg 202w, https:\/\/www.diarioimagen.net\/wp-content\/uploads\/2017\/09\/HUIXQUILUCAN-3207-350x196.jpg 350w, https:\/\/www.diarioimagen.net\/wp-content\/uploads\/2017\/09\/HUIXQUILUCAN-3207-220x123.jpg 220w, https:\/\/www.diarioimagen.net\/wp-content\/uploads\/2017\/09\/HUIXQUILUCAN-3207-237x132.jpg 237w, https:\/\/www.diarioimagen.net\/wp-content\/uploads\/2017\/09\/HUIXQUILUCAN-3207.jpg 480w\" sizes=\"auto, (max-width: 460px) 100vw, 460px\" \/><\/a><p id=\"caption-attachment-344245\" class=\"wp-caption-text\">Enrique Vargas\u00a0del Villar reiter\u00f3 el orgullo que tiene por la polic\u00eda de Huixquilucan que gracias a su constancia y trabajo, se ha logrado reducir en m\u00e1s de un 50 por ciento la incidencia delictiva.<\/p><\/div>\n<p>&nbsp;<\/p>\n<p><strong>Huixquilucan, Estado de M\u00e9xico<\/strong>.- Al conmemorar el CLXX aniversario de la heroica defensa del Castillo de Chapultepec, el presidente municipal, Enrique Vargas del Villar, entreg\u00f3 nueve unidades a la direcci\u00f3n de Seguridad P\u00fablica y destac\u00f3 el trabajo que realizan los polic\u00edas para salvaguardar la integridad de los ciudadanos.<\/p>\n<p>Al rendir homenaje a los Ni\u00f1os H\u00e9roes que murieron en la Batalla de Chapultepec, hace 170 a\u00f1os, el edil reiter\u00f3 que los cadetes dieron su vida por la Patria. \u201cPor eso todos los d\u00edas hay que estar orgullosos de lo que somos, de ser mexicanos, siempre estar orgullosos de nuestro pa\u00eds\u201d.<\/p>\n<p>En la explanada municipal, ante alumnos de diversas escuelas e integrantes del cabildo y gabinete, Vargas\u00a0\u00a0del Villar, reiter\u00f3 el orgullo que tiene por la polic\u00eda de Huixquilucan que gracias a su constancia y trabajo, se ha logrado reducir en m\u00e1s de un 50 por ciento la incidencia delictiva.<\/p>\n<p>Tras felicitar al director de Seguridad P\u00fablica Luis Antonio Alarc\u00f3n y a la corporaci\u00f3n, el alcalde Enrique Vargas del Villar, entreg\u00f3 seis patrullas, una unidad de primer respondiente y dos veh\u00edculos, mismos que servir\u00e1n para reforzar los operativos y vigilancia para atender oportunamente a la ciudadan\u00eda.<\/p>\n<p>\u201cVamos a seguir invirtiendo en la seguridad p\u00fablica porque es una preocupaci\u00f3n de cada uno de los habitantes de Huixquilucan y vamos a seguir trabajando de la mano con nuestros polic\u00edas y bomberos. S\u00e9 que faltan cosas por hacer, pero estamos en el camino de seguir siendo el mejor municipio de todo el estado de M\u00e9xico\u201d, subray\u00f3.<\/p>\n<p>A nombre de los elementos de seguridad p\u00fablica, Irma Serrato, jefa de servicios del segundo sector, agradeci\u00f3 al presidente municipal el apoyo y equipamiento que ha brindado a la corporaci\u00f3n y refrend\u00f3 la lealtad de los uniformados a la m\u00e1xima autoridad de Huixquilucan.<\/p>\n<p>\u201cSe\u00f1or Presidente el legado de los Ni\u00f1os H\u00e9roes nos alienta a trabajar de manera heroica a polic\u00edas y bomberos todos los d\u00edas, para que Huixquilucan siga siendo el municipio m\u00e1s seguro del estado de M\u00e9xico, es invaluable su confianza depositada en nosotros para salvaguardar la integridad y derecho de los huixquiluquenses; por eso en nombre de mis compa\u00f1eros nuestro agradecimiento y reconocimiento por equiparnos, capacitarnos y motivarnos con su liderazgo de todos los d\u00edas\u201d, puntualiz\u00f3.<\/p>\n<p>Despu\u00e9s, el Alcalde y el Cuerpo Edilicio, colocaron una ofrenda floral y montaron una guardia de honor a los Ni\u00f1os H\u00e9roes.<\/p>\n","protected":false},"excerpt":{"rendered":"<p>Al conmemorar el CLXX aniversario de la heroica defensa del Castillo de Chapultepec, el presidente municipal, Enrique Vargas del Villar, entreg\u00f3 nueve unidades a la direcci\u00f3n de Seguridad P\u00fablica y destac\u00f3 el trabajo que realizan los polic\u00edas para salvaguardar la integridad de los ciudadanos.<\/p>\n","protected":false},"author":3,"featured_media":344245,"comment_status":"open","ping_status":"open","sticky":false,"template":"","format":"standard","meta":{"_monsterinsights_skip_tracking":false,"_monsterinsights_sitenote_active":false,"_monsterinsights_sitenote_note":"","_monsterinsights_sitenote_category":0,"footnotes":""},"categories":[35155],"tags":[47218,43675,1097,1088],"class_list":["post-344160","post","type-post","status-publish","format-standard","has-post-thumbnail","hentry","category-estado-de-mexico-estado-de-mexico","tag-enrique-vargas-del-villar","tag-estado-de-mexico","tag-huixquilucan","tag-seguridad-publica"],"_links":{"self":[{"href":"https:\/\/www.diarioimagen.net\/index.php?rest_route=\/wp\/v2\/posts\/344160","targetHints":{"allow":["GET"]}}],"collection":[{"href":"https:\/\/www.diarioimagen.net\/index.php?rest_route=\/wp\/v2\/posts"}],"about":[{"href":"https:\/\/www.diarioimagen.net\/index.php?rest_route=\/wp\/v2\/types\/post"}],"author":[{"embeddable":true,"href":"https:\/\/www.diarioimagen.net\/index.php?rest_route=\/wp\/v2\/users\/3"}],"replies":[{"embeddable":true,"href":"https:\/\/www.diarioimagen.net\/index.php?rest_route=%2Fwp%2Fv2%2Fcomments&post=344160"}],"version-history":[{"count":0,"href":"https:\/\/www.diarioimagen.net\/index.php?rest_route=\/wp\/v2\/posts\/344160\/revisions"}],"wp:featuredmedia":[{"embeddable":true,"href":"https:\/\/www.diarioimagen.net\/index.php?rest_route=\/wp\/v2\/media\/344245"}],"wp:attachment":[{"href":"https:\/\/www.diarioimagen.net\/index.php?rest_route=%2Fwp%2Fv2%2Fmedia&parent=344160"}],"wp:term":[{"taxonomy":"category","embeddable":true,"href":"https:\/\/www.diarioimagen.net\/index.php?rest_route=%2Fwp%2Fv2%2Fcategories&post=344160"},{"taxonomy":"post_tag","embeddable":true,"href":"https:\/\/www.diarioimagen.net\/index.php?rest_route=%2Fwp%2Fv2%2Ftags&post=344160"}],"curies":[{"name":"wp","href":"https:\/\/api.w.org\/{rel}","templated":true}]}}