{"id":344168,"date":"2017-09-14T00:05:27","date_gmt":"2017-09-14T05:05:27","guid":{"rendered":"http:\/\/www.diarioimagen.net\/?p=344168"},"modified":"2017-09-14T08:57:06","modified_gmt":"2017-09-14T13:57:06","slug":"en-cuautitlan-izcalli-listos-para-el-grito","status":"publish","type":"post","link":"https:\/\/www.diarioimagen.net\/?p=344168","title":{"rendered":"En Cuautitl\u00e1n Izcalli, listos para el Grito"},"content":{"rendered":"<ul>\n<li><strong><em>CCVII Aniversario de la Independencia<\/em><\/strong><\/li>\n<\/ul>\n<p>&nbsp;<\/p>\n<div id=\"attachment_344256\" style=\"width: 270px\" class=\"wp-caption alignleft\"><a href=\"http:\/\/www.diarioimagen.net\/?attachment_id=344256\" rel=\"attachment wp-att-344256\"><img loading=\"lazy\" decoding=\"async\" aria-describedby=\"caption-attachment-344256\" class=\" wp-image-344256\" src=\"http:\/\/www.diarioimagen.net\/wp-content\/uploads\/2017\/09\/CUAUTITLAN-3207-375x460.jpg\" alt=\"\" width=\"260\" height=\"319\" srcset=\"https:\/\/www.diarioimagen.net\/wp-content\/uploads\/2017\/09\/CUAUTITLAN-3207-375x460.jpg 375w, https:\/\/www.diarioimagen.net\/wp-content\/uploads\/2017\/09\/CUAUTITLAN-3207-196x240.jpg 196w, https:\/\/www.diarioimagen.net\/wp-content\/uploads\/2017\/09\/CUAUTITLAN-3207.jpg 571w\" sizes=\"auto, (max-width: 260px) 100vw, 260px\" \/><\/a><p id=\"caption-attachment-344256\" class=\"wp-caption-text\">En la explanada municipal de Cuautitl\u00e1n Izcalli se dar\u00e1 el gritop y habr\u00e1 verbena popular.<\/p><\/div>\n<p><strong>Cuautitl\u00e1n Izcalli, Estado de M\u00e9xico<\/strong>.- Para conmemorar el CCVII Aniversario de la Independencia de M\u00e9xico, el gobierno municipal de Cuautitl\u00e1n Izcalli festejar\u00e1 el pr\u00f3ximo 15 de septiembre el tradicional Grito de Dolores en la explanada del Ayuntamiento, donde tendr\u00e1 prioridad la convivencia familiar y que los izcallenses disfruten sanamente de esta festividad nacional.<\/p>\n<p>El objetivo de las distintas actividades para el pr\u00f3ximo viernes 15 de septiembre es que las familias disfruten de un ambiente seguro y sano,\u00a0 por lo cual para esta fecha quedar\u00e1 prohibido el ingreso de bebidas alcoh\u00f3licas a la explanada.<\/p>\n<p>La directora de Desarrollo Humano, Arlene Ram\u00edrez Uresti y el Comisario de Seguridad P\u00fablica y Tr\u00e1nsito, Loth Centeno Lara, dieron a conocer la log\u00edstica que operar\u00e1 durante los festejos del mes patrio en Cuautitl\u00e1n Izcalli.<\/p>\n<p>La directora de Desarrollo Humano destac\u00f3 que un d\u00eda antes del tradicional Grito de Independencia, se comenzar\u00e1 con la verbena popular donde habr\u00e1 m\u00e1s de 30 juegos mec\u00e1nicos y alrededor de 100 puestos de comida tradicional mexicana, en un horario de 17:00 a 23:00 horas.<\/p>\n<p>El protocolo del 15 de septiembre indica que el acceso para la poblaci\u00f3n a la explanada municipal ser\u00e1 a las 19:00 horas. Durante este d\u00eda ser\u00e1n gratuitos los juegos mec\u00e1nicos y como una medida de seguridad, se prohibir\u00e1 el ingreso de bebidas alcoh\u00f3licas.<\/p>\n<p>En el marco de estas festividades, Seguridad P\u00fablica montar\u00e1 un operativo especial, a fin de que la seguridad de los izcallenses que asistan al primer cuadro est\u00e9 garantizada en todo momento. Se contar\u00e1 con 700 elementos de la comisar\u00eda y 92 de Protecci\u00f3n Civil, entre bomberos y param\u00e9dicos.<\/p>\n<p>Cabe resaltar que el d\u00eda 15 de septiembre se decomisar\u00e1n los palos de bandera para evitar accidentes, as\u00ed como objetos que pudieran considerarse de riesgo, armas de fuego o blancas, sustancias t\u00f3xicas y artefactos explosivos.<\/p>\n<p>De igual forma se inform\u00f3 que el s\u00e1bado 16 de septiembre, a las 9:00 horas, en la explanada municipal, habr\u00e1 un concurso de bandas de guerra que representar\u00e1n a diferentes colegios de la localidad.<\/p>\n","protected":false},"excerpt":{"rendered":"<p>Para conmemorar el CCVII Aniversario de la Independencia de M\u00e9xico, el gobierno municipal de Cuautitl\u00e1n Izcalli festejar\u00e1 el pr\u00f3ximo 15 de septiembre el tradicional Grito de Dolores en la explanada del Ayuntamiento, donde tendr\u00e1 prioridad la convivencia familiar y que los izcallenses disfruten sanamente de esta festividad nacional.<\/p>\n","protected":false},"author":3,"featured_media":344257,"comment_status":"open","ping_status":"open","sticky":false,"template":"","format":"standard","meta":{"_monsterinsights_skip_tracking":false,"_monsterinsights_sitenote_active":false,"_monsterinsights_sitenote_note":"","_monsterinsights_sitenote_category":0,"footnotes":""},"categories":[35155],"tags":[971,43675,12200],"class_list":["post-344168","post","type-post","status-publish","format-standard","has-post-thumbnail","hentry","category-estado-de-mexico-estado-de-mexico","tag-cuautitlan-izcalli","tag-estado-de-mexico","tag-grito-de-independencia"],"_links":{"self":[{"href":"https:\/\/www.diarioimagen.net\/index.php?rest_route=\/wp\/v2\/posts\/344168","targetHints":{"allow":["GET"]}}],"collection":[{"href":"https:\/\/www.diarioimagen.net\/index.php?rest_route=\/wp\/v2\/posts"}],"about":[{"href":"https:\/\/www.diarioimagen.net\/index.php?rest_route=\/wp\/v2\/types\/post"}],"author":[{"embeddable":true,"href":"https:\/\/www.diarioimagen.net\/index.php?rest_route=\/wp\/v2\/users\/3"}],"replies":[{"embeddable":true,"href":"https:\/\/www.diarioimagen.net\/index.php?rest_route=%2Fwp%2Fv2%2Fcomments&post=344168"}],"version-history":[{"count":0,"href":"https:\/\/www.diarioimagen.net\/index.php?rest_route=\/wp\/v2\/posts\/344168\/revisions"}],"wp:featuredmedia":[{"embeddable":true,"href":"https:\/\/www.diarioimagen.net\/index.php?rest_route=\/wp\/v2\/media\/344257"}],"wp:attachment":[{"href":"https:\/\/www.diarioimagen.net\/index.php?rest_route=%2Fwp%2Fv2%2Fmedia&parent=344168"}],"wp:term":[{"taxonomy":"category","embeddable":true,"href":"https:\/\/www.diarioimagen.net\/index.php?rest_route=%2Fwp%2Fv2%2Fcategories&post=344168"},{"taxonomy":"post_tag","embeddable":true,"href":"https:\/\/www.diarioimagen.net\/index.php?rest_route=%2Fwp%2Fv2%2Ftags&post=344168"}],"curies":[{"name":"wp","href":"https:\/\/api.w.org\/{rel}","templated":true}]}}