{"id":344170,"date":"2017-09-14T00:04:37","date_gmt":"2017-09-14T05:04:37","guid":{"rendered":"http:\/\/www.diarioimagen.net\/?p=344170"},"modified":"2017-09-14T08:59:16","modified_gmt":"2017-09-14T13:59:16","slug":"preven-llegada-de-mas-inversion-a-naucalpan-para-generar-empleo","status":"publish","type":"post","link":"https:\/\/www.diarioimagen.net\/?p=344170","title":{"rendered":"Prev\u00e9n llegada de m\u00e1s inversi\u00f3n a Naucalpan para generar empleo"},"content":{"rendered":"<ul>\n<li><strong><em>Aprueba Cabildo proyecto<\/em><\/strong><\/li>\n<\/ul>\n<p>&nbsp;<\/p>\n<div id=\"attachment_344260\" style=\"width: 470px\" class=\"wp-caption aligncenter\"><a href=\"http:\/\/www.diarioimagen.net\/?attachment_id=344260\" rel=\"attachment wp-att-344260\"><img loading=\"lazy\" decoding=\"async\" aria-describedby=\"caption-attachment-344260\" class=\"size-large wp-image-344260\" src=\"http:\/\/www.diarioimagen.net\/wp-content\/uploads\/2017\/09\/NAUCALPAN-3207-1-460x259.jpg\" alt=\"\" width=\"460\" height=\"259\" srcset=\"https:\/\/www.diarioimagen.net\/wp-content\/uploads\/2017\/09\/NAUCALPAN-3207-1-460x259.jpg 460w, https:\/\/www.diarioimagen.net\/wp-content\/uploads\/2017\/09\/NAUCALPAN-3207-1-240x135.jpg 240w, https:\/\/www.diarioimagen.net\/wp-content\/uploads\/2017\/09\/NAUCALPAN-3207-1-235x132.jpg 235w, https:\/\/www.diarioimagen.net\/wp-content\/uploads\/2017\/09\/NAUCALPAN-3207-1-202x114.jpg 202w, https:\/\/www.diarioimagen.net\/wp-content\/uploads\/2017\/09\/NAUCALPAN-3207-1-350x196.jpg 350w, https:\/\/www.diarioimagen.net\/wp-content\/uploads\/2017\/09\/NAUCALPAN-3207-1-220x123.jpg 220w, https:\/\/www.diarioimagen.net\/wp-content\/uploads\/2017\/09\/NAUCALPAN-3207-1-237x132.jpg 237w, https:\/\/www.diarioimagen.net\/wp-content\/uploads\/2017\/09\/NAUCALPAN-3207-1.jpg 480w\" sizes=\"auto, (max-width: 460px) 100vw, 460px\" \/><\/a><p id=\"caption-attachment-344260\" class=\"wp-caption-text\">Fue autorizado el proyecto de un \u201cCentro Tecnol\u00f3gico de Investigaci\u00f3n y Desarrollo para la Industria Automotriz\u201d,\u00a0 que generar\u00e1 miles de empleos.<\/p><\/div>\n<p>&nbsp;<\/p>\n<p><strong>Naucalpan, Estado de M\u00e9xico<\/strong>.- El Cabildo autoriz\u00f3 el proyecto de un \u201cCentro Tecnol\u00f3gico de Investigaci\u00f3n y Desarrollo para la Industria Automotriz\u201d,\u00a0 que generar\u00e1 m\u00e1s de 5 mil empleos directos e indirectos y marca el repunte de la inversi\u00f3n, crecimiento y desarrollo ordenado en este municipio.<\/p>\n<p>En sesi\u00f3n extraordinaria de Cabildo, el cuerpo edilicio resalt\u00f3 la importancia de llevar a cabo este tipo de proyectos, toda vez que confluye la investigaci\u00f3n y desarrollo tecnol\u00f3gico para la industria automotriz con innovaci\u00f3n y desarrollo,\u00a0 generar\u00e1 3 mil 200 empleos directos y aproximadamente 2 mil indirectos, tanto en su etapa de construcci\u00f3n como en su proceso de mantenimiento y operaci\u00f3n del mismo.<\/p>\n<p>El centro de investigaci\u00f3n y desarrollo para la industria automotriz, abrir\u00e1 espacios para especialistas en diversas \u00e1reas como electr\u00f3nica, rob\u00f3tica y mecatr\u00f3nica que dise\u00f1ar\u00e1n prototipos de veh\u00edculo inteligentes y capacitaci\u00f3n de personal en materia de ingenieras.<\/p>\n<p>Se explic\u00f3 que es un proyecto totalmente sustentable que contar\u00e1 con certificaci\u00f3n LEED, adem\u00e1s construir\u00e1 pozos propios y plantas de tratamiento de agua que ser\u00e1n donadas al Organismo de Agua Potable, Alcantarillado y Saneamiento (OAPAS); asimismo, marcar\u00e1 el repunte\u00a0 a la\u00a0 atracci\u00f3n de inversiones, crecimiento y desarrollo para el municipio de Naucalpan.<\/p>\n<p>En esta sesi\u00f3n, el octavo regidor,\u00a0 Pablo Rodr\u00edguez Becerril,\u00a0 resalt\u00f3 la importancia de generar las condiciones para que Naucalpan vuelva a ser\u00a0 un municipio que impulsa la inversi\u00f3n y un motor para generar mejores condiciones para el crecimiento, la formaci\u00f3n y el progreso.<\/p>\n<p>Por su parte, el cuarto regidor, Carlos Alberto Trujillo Anell, reconoci\u00f3 el liderazgo del presidente municipal, Edgar Olvera,\u00a0 para atraer importantes inversiones\u00a0 que son codiciadas por otros estados e incluso por diversos pa\u00edses.<\/p>\n<p>En esta sesi\u00f3n de Cabildo, tambi\u00e9n se aprob\u00f3 la creaci\u00f3n de un Centro de Servicios para la Atenci\u00f3n Geri\u00e1trica, el cual es un proyecto vanguardista que se\u00a0 desarrollar\u00e1 en Naucalpan, que permitir\u00e1 innovar en este rubro,\u00a0 toda vez que a nivel nacional no hay pol\u00edticas p\u00fablicas para brindar la atenci\u00f3n adecuada a personas adultas mayores.<\/p>\n<p>Este\u00a0 centro contar\u00e1 con \u00e1rea de conservaci\u00f3n ecol\u00f3gica, ser\u00e1 autosustentable con servicios y atenci\u00f3n digna para este sector.<\/p>\n<p>Asimismo, se autoriz\u00f3 el Plan Parcial Intraurbano \u201cLas Margaritas\u201d que promueve la regularizaci\u00f3n de asentamiento establecidos de forma irregular, tanto habitacionales como de equipamiento educativo. Este desarrollo permitir\u00e1 el perfeccionamiento del uso de suelo en el predio denominado Las Margaritas, el cual cuenta con licencia desde 1987, se prev\u00e9 que dotar\u00e1 de equipamiento Municipal a la zona a trav\u00e9s de las obligaciones establecidas\u00a0 por\u00a0 la autorizaci\u00f3n de gobierno del estado de M\u00e9xico.<\/p>\n","protected":false},"excerpt":{"rendered":"<p>El Cabildo autoriz\u00f3 el proyecto de un \u201cCentro Tecnol\u00f3gico de Investigaci\u00f3n y Desarrollo para la Industria Automotriz\u201d,  que generar\u00e1 m\u00e1s de 5 mil empleos directos e indirectos y marca el repunte de la inversi\u00f3n, crecimiento y desarrollo ordenado en este municipio.<\/p>\n","protected":false},"author":3,"featured_media":344260,"comment_status":"open","ping_status":"open","sticky":false,"template":"","format":"standard","meta":{"_monsterinsights_skip_tracking":false,"_monsterinsights_sitenote_active":false,"_monsterinsights_sitenote_note":"","_monsterinsights_sitenote_category":0,"footnotes":""},"categories":[35155],"tags":[481,43675,65585,5247,970],"class_list":["post-344170","post","type-post","status-publish","format-standard","has-post-thumbnail","hentry","category-estado-de-mexico-estado-de-mexico","tag-empleo","tag-estado-de-mexico","tag-generar","tag-inversion","tag-naucalpan"],"_links":{"self":[{"href":"https:\/\/www.diarioimagen.net\/index.php?rest_route=\/wp\/v2\/posts\/344170","targetHints":{"allow":["GET"]}}],"collection":[{"href":"https:\/\/www.diarioimagen.net\/index.php?rest_route=\/wp\/v2\/posts"}],"about":[{"href":"https:\/\/www.diarioimagen.net\/index.php?rest_route=\/wp\/v2\/types\/post"}],"author":[{"embeddable":true,"href":"https:\/\/www.diarioimagen.net\/index.php?rest_route=\/wp\/v2\/users\/3"}],"replies":[{"embeddable":true,"href":"https:\/\/www.diarioimagen.net\/index.php?rest_route=%2Fwp%2Fv2%2Fcomments&post=344170"}],"version-history":[{"count":0,"href":"https:\/\/www.diarioimagen.net\/index.php?rest_route=\/wp\/v2\/posts\/344170\/revisions"}],"wp:featuredmedia":[{"embeddable":true,"href":"https:\/\/www.diarioimagen.net\/index.php?rest_route=\/wp\/v2\/media\/344260"}],"wp:attachment":[{"href":"https:\/\/www.diarioimagen.net\/index.php?rest_route=%2Fwp%2Fv2%2Fmedia&parent=344170"}],"wp:term":[{"taxonomy":"category","embeddable":true,"href":"https:\/\/www.diarioimagen.net\/index.php?rest_route=%2Fwp%2Fv2%2Fcategories&post=344170"},{"taxonomy":"post_tag","embeddable":true,"href":"https:\/\/www.diarioimagen.net\/index.php?rest_route=%2Fwp%2Fv2%2Ftags&post=344170"}],"curies":[{"name":"wp","href":"https:\/\/api.w.org\/{rel}","templated":true}]}}