{"id":344314,"date":"2017-09-15T00:11:14","date_gmt":"2017-09-15T05:11:14","guid":{"rendered":"http:\/\/www.diarioimagen.net\/?p=344314"},"modified":"2017-09-27T06:34:49","modified_gmt":"2017-09-27T11:34:49","slug":"repunta-empleo-formal-en-agosto-84369-plazas","status":"publish","type":"post","link":"https:\/\/www.diarioimagen.net\/?p=344314","title":{"rendered":"Repunta empleo formal en agosto: 84,369 plazas"},"content":{"rendered":"<p>La cifra m\u00e1s alta desde 1997<\/p>\n<p>&nbsp;<\/p>\n<div id=\"attachment_344341\" style=\"width: 470px\" class=\"wp-caption aligncenter\"><a href=\"http:\/\/www.diarioimagen.net\/?attachment_id=344341\" rel=\"attachment wp-att-344341\"><img loading=\"lazy\" decoding=\"async\" aria-describedby=\"caption-attachment-344341\" class=\"size-large wp-image-344341\" src=\"http:\/\/www.diarioimagen.net\/wp-content\/uploads\/2017\/09\/EMPLEO-3208-460x259.jpg\" alt=\"\" width=\"460\" height=\"259\" srcset=\"https:\/\/www.diarioimagen.net\/wp-content\/uploads\/2017\/09\/EMPLEO-3208-460x259.jpg 460w, https:\/\/www.diarioimagen.net\/wp-content\/uploads\/2017\/09\/EMPLEO-3208-240x135.jpg 240w, https:\/\/www.diarioimagen.net\/wp-content\/uploads\/2017\/09\/EMPLEO-3208-235x132.jpg 235w, https:\/\/www.diarioimagen.net\/wp-content\/uploads\/2017\/09\/EMPLEO-3208-202x114.jpg 202w, https:\/\/www.diarioimagen.net\/wp-content\/uploads\/2017\/09\/EMPLEO-3208-350x196.jpg 350w, https:\/\/www.diarioimagen.net\/wp-content\/uploads\/2017\/09\/EMPLEO-3208-220x123.jpg 220w, https:\/\/www.diarioimagen.net\/wp-content\/uploads\/2017\/09\/EMPLEO-3208-237x132.jpg 237w, https:\/\/www.diarioimagen.net\/wp-content\/uploads\/2017\/09\/EMPLEO-3208.jpg 480w\" sizes=\"auto, (max-width: 460px) 100vw, 460px\" \/><\/a><p id=\"caption-attachment-344341\" class=\"wp-caption-text\">El IMSS registr\u00f3 84 mil 369 nuevas plazas laborales, para llegar a un acumulado de 19 millones 292 mil 865 en este sexenio.<\/p><\/div>\n<p>&nbsp;<\/p>\n<p>De acuerdo con cifras desestacionalizadas, que permiten la comparaci\u00f3n entre cualquier periodo al eliminar efectos estacionales a lo largo del a\u00f1o, las lecturas en los meses de enero, marzo, junio y agosto superaron las 80 mil unidades, lo que permiti\u00f3 que en lo que va del a\u00f1o se acumulen 579 mil 706 plazas, la cifra m\u00e1s alta para el mismo periodo desde que inici\u00f3 la recopilaci\u00f3n de datos en 1997.<\/p>\n<p>La modalidad de empleos permanentes aument\u00f3 en 91 mil 691 plazas durante el octavo mes, mientras que las temporales disminuyeron en 7 mil 322 puestos, su primer descenso en los \u00faltimos cinco meses.<\/p>\n<p>En los \u00faltimos 12 meses, la din\u00e1mica alcista del sector laboral arroj\u00f3 un total de 826 mil 384 trabajos nuevos, cantidad que super\u00f3 a lo generado en el mismo periodo de 2016 de 673 mil 265.<\/p>\n<p>De acuerdo con cifras originales del IMSS, hasta la fecha tiene registrados 19 millones 292 mil 865 beneficiarios laborales, de los cuales 86 por ciento corresponden a empleos permanentes y 14 por ciento a temporales.<\/p>\n<p>Las entidades federativas con los mayores incrementos en el \u00faltimo a\u00f1o son Quintana Roo, Baja California Sur y Quer\u00e9taro, con aumentos de 11.2, 9.5 y 8.6 por ciento, respectivamente.<\/p>\n<p>En tanto que Tabasco, Campeche y Chiapas son las entidades con variaciones a la baja, de 3.6, 2.7 y 1.0 por ciento, cada una.<\/p>\n<p>Por ramas de actividad la de transportes, agropecuario y de transformaci\u00f3n fueron las que m\u00e1s incorporaron fuerza laboral con aumentos de 63.5, 6.5 y 5.6 por ciento, respecto a agosto de 2016.<\/p>\n","protected":false},"excerpt":{"rendered":"<p>De acuerdo con cifras desestacionalizadas, que permiten la comparaci\u00f3n entre cualquier periodo al eliminar efectos estacionales a lo largo del a\u00f1o, las lecturas en los meses de enero, marzo, junio y agosto superaron las 80 mil unidades, lo que permiti\u00f3 que en lo que va del a\u00f1o se acumulen 579 mil 706 plazas, la cifra m\u00e1s alta para el mismo periodo desde que inici\u00f3 la recopilaci\u00f3n de datos en 1997.<\/p>\n","protected":false},"author":3,"featured_media":344341,"comment_status":"open","ping_status":"open","sticky":false,"template":"","format":"standard","meta":{"_monsterinsights_skip_tracking":false,"_monsterinsights_sitenote_active":false,"_monsterinsights_sitenote_note":"","_monsterinsights_sitenote_category":0,"footnotes":""},"categories":[8],"tags":[2021,481,43678,65593],"class_list":["post-344314","post","type-post","status-publish","format-standard","has-post-thumbnail","hentry","category-finanzas","tag-crecimiento","tag-empleo","tag-finanzas","tag-formal"],"_links":{"self":[{"href":"https:\/\/www.diarioimagen.net\/index.php?rest_route=\/wp\/v2\/posts\/344314","targetHints":{"allow":["GET"]}}],"collection":[{"href":"https:\/\/www.diarioimagen.net\/index.php?rest_route=\/wp\/v2\/posts"}],"about":[{"href":"https:\/\/www.diarioimagen.net\/index.php?rest_route=\/wp\/v2\/types\/post"}],"author":[{"embeddable":true,"href":"https:\/\/www.diarioimagen.net\/index.php?rest_route=\/wp\/v2\/users\/3"}],"replies":[{"embeddable":true,"href":"https:\/\/www.diarioimagen.net\/index.php?rest_route=%2Fwp%2Fv2%2Fcomments&post=344314"}],"version-history":[{"count":0,"href":"https:\/\/www.diarioimagen.net\/index.php?rest_route=\/wp\/v2\/posts\/344314\/revisions"}],"wp:featuredmedia":[{"embeddable":true,"href":"https:\/\/www.diarioimagen.net\/index.php?rest_route=\/wp\/v2\/media\/344341"}],"wp:attachment":[{"href":"https:\/\/www.diarioimagen.net\/index.php?rest_route=%2Fwp%2Fv2%2Fmedia&parent=344314"}],"wp:term":[{"taxonomy":"category","embeddable":true,"href":"https:\/\/www.diarioimagen.net\/index.php?rest_route=%2Fwp%2Fv2%2Fcategories&post=344314"},{"taxonomy":"post_tag","embeddable":true,"href":"https:\/\/www.diarioimagen.net\/index.php?rest_route=%2Fwp%2Fv2%2Ftags&post=344314"}],"curies":[{"name":"wp","href":"https:\/\/api.w.org\/{rel}","templated":true}]}}