{"id":344452,"date":"2017-09-18T00:09:21","date_gmt":"2017-09-18T05:09:21","guid":{"rendered":"http:\/\/www.diarioimagen.net\/?p=344452"},"modified":"2017-09-17T23:04:02","modified_gmt":"2017-09-18T04:04:02","slug":"tiroteo-en-teloloapan-guerrero-deja-9-muertos","status":"publish","type":"post","link":"https:\/\/www.diarioimagen.net\/?p=344452","title":{"rendered":"Enfrentamiento en Teloloapan, Guerrero, deja 9 muertos"},"content":{"rendered":"<ul>\n<li><strong><em>En la comunidad de Pachivia<\/em><\/strong><\/li>\n<\/ul>\n<p>&nbsp;<\/p>\n<div id=\"attachment_344453\" style=\"width: 470px\" class=\"wp-caption aligncenter\"><img loading=\"lazy\" decoding=\"async\" aria-describedby=\"caption-attachment-344453\" class=\"size-large wp-image-344453\" src=\"http:\/\/www.diarioimagen.net\/wp-content\/uploads\/2017\/09\/GUERRERO18ok-portal-460x268.jpg\" alt=\"\" width=\"460\" height=\"268\" srcset=\"https:\/\/www.diarioimagen.net\/wp-content\/uploads\/2017\/09\/GUERRERO18ok-portal-460x268.jpg 460w, https:\/\/www.diarioimagen.net\/wp-content\/uploads\/2017\/09\/GUERRERO18ok-portal-240x140.jpg 240w, https:\/\/www.diarioimagen.net\/wp-content\/uploads\/2017\/09\/GUERRERO18ok-portal.jpg 480w\" sizes=\"auto, (max-width: 460px) 100vw, 460px\" \/><p id=\"caption-attachment-344453\" class=\"wp-caption-text\">Un grupo armado se enfrent\u00f3 a militares en el municipio de Teloloapan, Guerrero, con un sado de ocho sicarios y un soldado muertos.<\/p><\/div>\n<p>&nbsp;<\/p>\n<p>Un enfrentamiento entre elementos del Ej\u00e9rcito y un grupo armado dej\u00f3 ocho delincuentes y un soldado muertos en las inmediaciones de la comunidad de Pachivia, en el municipio de Teloloapan.<\/p>\n<p>La confrontaci\u00f3n se produjo luego que los presuntos delincuentes atacaron a tiros al convoy de militares que realizaba un recorrido por esa zona poco despu\u00e9s de las 23:00 horas del s\u00e1bado, inform\u00f3 el vocero del Grupo de Coordinaci\u00f3n Guerrero, Roberto \u00c1lvarez Heredia,<\/p>\n<p>En la balacera result\u00f3 herido un soldado, quien falleci\u00f3 posteriormente cuando era atendido en el hospital.<\/p>\n<p>Tras el hecho violento, los militares decomisaron armamento diverso, as\u00ed como las camionetas clonadas donde viajaban los hombres armados que fueron vinculados con La Familia Michoacana.<\/p>\n<p>Este hecho se registr\u00f3 luego de la difusi\u00f3n de un video donde sujetos vestidos con uniformes tipo militar ejecutaron a un hombre que presuntamente forma parte de la guardia comunitaria de Teloloapan, denominada La Tecampanera y vinculada con los Guerreros Unidos.<\/p>\n<p>En esta \u00e1rea de la regi\u00f3n norte de Guerrero operan los grupos delictivos de <em>La Familia Michoacana, Guerreros Unidos<\/em> y <em>Los Rojos<\/em>, cuya confrontaci\u00f3n ha derivado en cientos de muertos y desaparecidos.<\/p>\n<p>Esta regi\u00f3n, al igual que la de Tierra Caliente, Centro, Costa Grande y Acapulco, es de las m\u00e1s inseguras del estado de Guerrero.<\/p>\n<p><strong>###<br \/>\n<\/strong><\/p>\n<p><strong>Un grupo armado se enfrent\u00f3<\/strong> a militares en el municipio de Teloloapan, Guerrero, con un saldo de ocho sicarios y un soldado muertos.<\/p>\n<p>&nbsp;<\/p>\n","protected":false},"excerpt":{"rendered":"<p>Un enfrentamiento entre elementos del Ej\u00e9rcito y un grupo armado dej\u00f3 ocho delincuentes y un soldado muertos en las inmediaciones de la comunidad de Pachivia, en el municipio de Teloloapan.<\/p>\n","protected":false},"author":5,"featured_media":344453,"comment_status":"open","ping_status":"open","sticky":false,"template":"","format":"standard","meta":{"_monsterinsights_skip_tracking":false,"_monsterinsights_sitenote_active":false,"_monsterinsights_sitenote_note":"","_monsterinsights_sitenote_category":0,"footnotes":""},"categories":[7],"tags":[65599,3244,2135,65600,43677,65598],"class_list":["post-344452","post","type-post","status-publish","format-standard","has-post-thumbnail","hentry","category-seguridad","tag-9-muertos","tag-guerrero","tag-muertos","tag-pachivia","tag-seguridad","tag-tiroteo-en-teloloapan"],"_links":{"self":[{"href":"https:\/\/www.diarioimagen.net\/index.php?rest_route=\/wp\/v2\/posts\/344452","targetHints":{"allow":["GET"]}}],"collection":[{"href":"https:\/\/www.diarioimagen.net\/index.php?rest_route=\/wp\/v2\/posts"}],"about":[{"href":"https:\/\/www.diarioimagen.net\/index.php?rest_route=\/wp\/v2\/types\/post"}],"author":[{"embeddable":true,"href":"https:\/\/www.diarioimagen.net\/index.php?rest_route=\/wp\/v2\/users\/5"}],"replies":[{"embeddable":true,"href":"https:\/\/www.diarioimagen.net\/index.php?rest_route=%2Fwp%2Fv2%2Fcomments&post=344452"}],"version-history":[{"count":0,"href":"https:\/\/www.diarioimagen.net\/index.php?rest_route=\/wp\/v2\/posts\/344452\/revisions"}],"wp:featuredmedia":[{"embeddable":true,"href":"https:\/\/www.diarioimagen.net\/index.php?rest_route=\/wp\/v2\/media\/344453"}],"wp:attachment":[{"href":"https:\/\/www.diarioimagen.net\/index.php?rest_route=%2Fwp%2Fv2%2Fmedia&parent=344452"}],"wp:term":[{"taxonomy":"category","embeddable":true,"href":"https:\/\/www.diarioimagen.net\/index.php?rest_route=%2Fwp%2Fv2%2Fcategories&post=344452"},{"taxonomy":"post_tag","embeddable":true,"href":"https:\/\/www.diarioimagen.net\/index.php?rest_route=%2Fwp%2Fv2%2Ftags&post=344452"}],"curies":[{"name":"wp","href":"https:\/\/api.w.org\/{rel}","templated":true}]}}