{"id":344641,"date":"2017-09-19T00:10:31","date_gmt":"2017-09-19T05:10:31","guid":{"rendered":"http:\/\/www.diarioimagen.net\/?p=344641"},"modified":"2017-09-19T01:15:16","modified_gmt":"2017-09-19T06:15:16","slug":"presentan-a-policias-de-ecatepec-ante-el-mp-por-faltante-de-armamento","status":"publish","type":"post","link":"https:\/\/www.diarioimagen.net\/?p=344641","title":{"rendered":"Polic\u00edas de Ecatepec, ante el MP por faltante de armamento"},"content":{"rendered":"<ul>\n<li><strong><em>Para deslindar responsabilidades<\/em><\/strong><\/li>\n<\/ul>\n<p>&nbsp;<\/p>\n<div id=\"attachment_344642\" style=\"width: 470px\" class=\"wp-caption aligncenter\"><img loading=\"lazy\" decoding=\"async\" aria-describedby=\"caption-attachment-344642\" class=\"size-large wp-image-344642\" src=\"http:\/\/www.diarioimagen.net\/wp-content\/uploads\/2017\/09\/POLICIAS19-portal-460x268.jpg\" alt=\"\" width=\"460\" height=\"268\" srcset=\"https:\/\/www.diarioimagen.net\/wp-content\/uploads\/2017\/09\/POLICIAS19-portal-460x268.jpg 460w, https:\/\/www.diarioimagen.net\/wp-content\/uploads\/2017\/09\/POLICIAS19-portal-240x140.jpg 240w, https:\/\/www.diarioimagen.net\/wp-content\/uploads\/2017\/09\/POLICIAS19-portal.jpg 480w\" sizes=\"auto, (max-width: 460px) 100vw, 460px\" \/><p id=\"caption-attachment-344642\" class=\"wp-caption-text\">El armamento estaba resguardado en un m\u00f3dulo de la colonia Urbana, bajo la custodia del sector Xalostoc.<\/p><\/div>\n<p>&nbsp;<\/p>\n<p><strong>Ecatepec, Estado de M\u00e9xico<\/strong>.- El gobierno de Ecatepec informa que seis elementos de la Direcci\u00f3n de Seguridad Ciudadana y Vial fueron presentados ante el Ministerio P\u00fablico para deslindar responsabilidades por un faltante de armamento perteneciente a la corporaci\u00f3n, el cual estaba resguardado en un m\u00f3dulo de la colonia Urbana, bajo la custodia del sector Xalostoc.<\/p>\n<p>La noche del pasado domingo la autoridad municipal tom\u00f3 conocimiento del hecho, as\u00ed que inform\u00f3 a la Fiscal\u00eda General de Justicia del Estado de M\u00e9xico (FGJEM), la cual realiza las investigaciones correspondientes.<\/p>\n<p>En tanto, el gobierno municipal trabaja coordinadamente con las autoridades estatales, para aportar los elementos necesarios que ayuden al avance de las indagatorias correspondientes.<\/p>\n","protected":false},"excerpt":{"rendered":"<p>El gobierno de Ecatepec informa que seis elementos de la Direcci\u00f3n de Seguridad Ciudadana y Vial fueron presentados ante el Ministerio P\u00fablico para deslindar responsabilidades por un faltante de armamento perteneciente a la corporaci\u00f3n, el cual estaba resguardado en un m\u00f3dulo de la colonia Urbana, bajo la custodia del sector Xalostoc.<\/p>\n","protected":false},"author":5,"featured_media":344642,"comment_status":"open","ping_status":"open","sticky":false,"template":"","format":"standard","meta":{"_monsterinsights_skip_tracking":false,"_monsterinsights_sitenote_active":false,"_monsterinsights_sitenote_note":"","_monsterinsights_sitenote_category":0,"footnotes":""},"categories":[5],"tags":[454,43675,65667,56576,65666,65668],"class_list":["post-344641","post","type-post","status-publish","format-standard","has-post-thumbnail","hentry","category-estado-de-mexico","tag-ecatepec","tag-estado-de-mexico","tag-faltante-de-armamento","tag-fiscalia-general-de-justicia-del-estado-de-mexico","tag-policias-de-ecatepec","tag-sector-xalostoc"],"_links":{"self":[{"href":"https:\/\/www.diarioimagen.net\/index.php?rest_route=\/wp\/v2\/posts\/344641","targetHints":{"allow":["GET"]}}],"collection":[{"href":"https:\/\/www.diarioimagen.net\/index.php?rest_route=\/wp\/v2\/posts"}],"about":[{"href":"https:\/\/www.diarioimagen.net\/index.php?rest_route=\/wp\/v2\/types\/post"}],"author":[{"embeddable":true,"href":"https:\/\/www.diarioimagen.net\/index.php?rest_route=\/wp\/v2\/users\/5"}],"replies":[{"embeddable":true,"href":"https:\/\/www.diarioimagen.net\/index.php?rest_route=%2Fwp%2Fv2%2Fcomments&post=344641"}],"version-history":[{"count":0,"href":"https:\/\/www.diarioimagen.net\/index.php?rest_route=\/wp\/v2\/posts\/344641\/revisions"}],"wp:featuredmedia":[{"embeddable":true,"href":"https:\/\/www.diarioimagen.net\/index.php?rest_route=\/wp\/v2\/media\/344642"}],"wp:attachment":[{"href":"https:\/\/www.diarioimagen.net\/index.php?rest_route=%2Fwp%2Fv2%2Fmedia&parent=344641"}],"wp:term":[{"taxonomy":"category","embeddable":true,"href":"https:\/\/www.diarioimagen.net\/index.php?rest_route=%2Fwp%2Fv2%2Fcategories&post=344641"},{"taxonomy":"post_tag","embeddable":true,"href":"https:\/\/www.diarioimagen.net\/index.php?rest_route=%2Fwp%2Fv2%2Ftags&post=344641"}],"curies":[{"name":"wp","href":"https:\/\/api.w.org\/{rel}","templated":true}]}}