{"id":344903,"date":"2017-09-20T00:08:28","date_gmt":"2017-09-20T05:08:28","guid":{"rendered":"http:\/\/www.diarioimagen.net\/?p=344903"},"modified":"2017-09-20T04:43:40","modified_gmt":"2017-09-20T09:43:40","slug":"los-pillos","status":"publish","type":"post","link":"https:\/\/www.diarioimagen.net\/?p=344903","title":{"rendered":"Los pillos"},"content":{"rendered":"<h2>Punto por punto<\/h2>\n<h5>Augusto Corro<\/h5>\n<p>&nbsp;<\/p>\n<div id=\"attachment_344963\" style=\"width: 470px\" class=\"wp-caption aligncenter\"><a href=\"http:\/\/www.diarioimagen.net\/?attachment_id=344963\" rel=\"attachment wp-att-344963\"><img loading=\"lazy\" decoding=\"async\" aria-describedby=\"caption-attachment-344963\" class=\"size-large wp-image-344963\" src=\"http:\/\/www.diarioimagen.net\/wp-content\/uploads\/2017\/09\/otro-socavon-LUIS-XAVIER-3211-460x349.jpg\" alt=\"\" width=\"460\" height=\"349\" srcset=\"https:\/\/www.diarioimagen.net\/wp-content\/uploads\/2017\/09\/otro-socavon-LUIS-XAVIER-3211-460x349.jpg 460w, https:\/\/www.diarioimagen.net\/wp-content\/uploads\/2017\/09\/otro-socavon-LUIS-XAVIER-3211-240x182.jpg 240w, https:\/\/www.diarioimagen.net\/wp-content\/uploads\/2017\/09\/otro-socavon-LUIS-XAVIER-3211-768x582.jpg 768w, https:\/\/www.diarioimagen.net\/wp-content\/uploads\/2017\/09\/otro-socavon-LUIS-XAVIER-3211.jpg 1200w\" sizes=\"auto, (max-width: 460px) 100vw, 460px\" \/><\/a><p id=\"caption-attachment-344963\" class=\"wp-caption-text\">Otro socav\u00f3n&#8230; | Luis Xavier<\/p><\/div>\n<p>&nbsp;<\/p>\n<p>No hace mucho tiempo era una noticia impactante el saber que alg\u00fan gobernador estaba acusado de ratero.<\/p>\n<p>Ahora, los mexicanos poco a poco nos acostumbramos a leer y escuchar ese tipo de informaci\u00f3n. Ya nada negativo de los pol\u00edticos nos sorprende.<\/p>\n<p>Los mandatarios estatales, no todos, claro, se volvieron c\u00ednicos, insensibles y ya no les import\u00f3 cuidar su imagen de personas honorables, honestas. Y empez\u00f3 el <em>show<\/em> de los pillos, de aquellos que sin escr\u00fapulos decidieron saquear el tesoro p\u00fablico.<\/p>\n<p>Se llevaron todo lo que quisieron del erario. Las arcas p\u00fablicas no fueron suficientes para satisfacer sus ambiciones de enriquecimiento il\u00edcito.<\/p>\n<p>No se trat\u00f3 s\u00f3lo de robar el dinero p\u00fablico, sino que algunos de esos gobernadores se relacionaron con el crimen organizado.<\/p>\n<p>En esa lista de delincuentes est\u00e1n los yarrington, duartes, granieres, garc\u00edas, medinas, etc. La mayor\u00eda de ellos en la c\u00e1rcel, en espera de la aplicaci\u00f3n de una justicia blanda, amable y tard\u00eda.<\/p>\n<p>De los \u00faltimos esc\u00e1ndalos por el saqueo de las arcas p\u00fablicas dos ex mandatarios ya se encuentran en la c\u00e1rcel. Javier Duarte, de Veracruz, y Roberto Borge Angulo, de Quintana Roo.<\/p>\n<p>Falta el ex mandatario de Chihuahua, C\u00e9sar Duarte, quien se encuentra en Estados Unidos, en espera de convertirse en ciudadano estadounidense.<\/p>\n<p>El tema viene a cuento, porque\u00a0 el gobierno de Panam\u00e1 acept\u00f3 la extradici\u00f3n del ex gobernador Borge Angulo, seg\u00fan se inform\u00f3.<\/p>\n<p>No pasar\u00e1n muchos d\u00edas para que tengamos al quintanarroense en alguna prisi\u00f3n de la Ciudad de M\u00e9xico.<\/p>\n<p>Borge Angulo hu\u00eda. Fue detenido el 5 de junio en el Aeropuerto Internacional de Tocum\u00e9n, cuando se dispon\u00eda a partir a Europa.<\/p>\n<p>El ex funcionario se encuentra acusado de al menos seis delitos cometidos durante su administraci\u00f3n, entre otros el de peculado por miles de millones de pesos y la venta de 9 mil 500 hect\u00e1reas de la reserva de Quintana Roo.<\/p>\n<p>Para sus fechor\u00edas us\u00f3 decenas de prestanombres de familiares y amigos. El estrafalario pol\u00edtico siempre era acompa\u00f1ado de m\u00e1s de 200 escoltas. Todo un rey.<\/p>\n<p>De los tres saqueadores, los Duarte y Borge Angulo, es C\u00e9sar quien \u201cya ahora es un pr\u00f3fugo de la justicia y se encuentra en El Paso, Texas\u201d, inform\u00f3 el gobernador de Chihuahua, Javier Corral. \u201cHacemos votos para que (C\u00e9sar Duarte) sea expulsado bajo la cl\u00e1usula de repatriaci\u00f3n por pernicioso e indeseable\u201d, a\u00f1adi\u00f3 el mandatario.<\/p>\n<p>Sin mayores expectativas ser\u00e1 la llegada de Borge a M\u00e9xico, porque no llama tanto la atenci\u00f3n la captura y proceso penal\u00a0 de un ex mandatario estatal.<\/p>\n<p style=\"text-align: center;\"><strong>LA COMPRA DEL VOTO<\/strong><\/p>\n<p>La Fiscal\u00eda Especializada para la Atenci\u00f3n de Delitos Electorales (Fepade) registr\u00f3 un aumento en el delito de compra del voto.<\/p>\n<p>Esa pr\u00e1ctica denigrante continuar\u00e1 porque son las mismas autoridades quienes la propician o promueven.<\/p>\n<p>Aquellos delincuentes electorales no son castigados. \u00bfO s\u00ed? Desafortunadamente, a toro pasado, como se dice coloquialmente, es cuando se conoce en su totalidad el tama\u00f1o del delito electoral.<\/p>\n<p>Y resulta que \u00e9l o los culpables ya ganaron las elecciones y el castigo que se les aplica lo resuelven con el pago de las multas respectivas.<\/p>\n<p>Cuando los comicios se judicializan, es decir, que llevan el problema ante un juez, se sabe que el problema no crecer\u00e1, pues los partidos pol\u00edticos que delinquen tienen las artima\u00f1as suficientes para sortear el problema.<\/p>\n<p>La compra de votos tiene que analizarse a fondo y buscar que la ley se aplique sin tardanza. Se necesita que las autoridades electorales se dediquen, en serio, a cuidar que ese delito electoral desaparezca por completo.<\/p>\n<p>Se trata de una verdadera ofensa a la pr\u00e1ctica de la democracia.<\/p>\n<p>En las elecciones recientes, se vio la mano negra de la compra del voto de diferentes maneras. En algunos casos se reparti\u00f3 dinero en efectivo, en otros con tarjetas bancarias y tambi\u00e9n se efectu\u00f3 la distribuci\u00f3n de todo g\u00e9nero de art\u00edculos y productos.<\/p>\n<p>La democracia a la mexicana tiene un sinn\u00famero de errores que aceptan, con gusto, los pol\u00edticos corruptos que se empe\u00f1an en ganar las elecciones sin importarles el precio de las mismas.<\/p>\n<p>El pr\u00f3ximo a\u00f1o habr\u00e1 elecciones presidenciales, las m\u00e1s importantes en la vida pol\u00edtica de M\u00e9xico. Las autoridades electorales tienen la obligaci\u00f3n de vigilar que se realicen sin compra de votos y otras transas. El cumplimiento de la ley en este rengl\u00f3n es importante para dejar atr\u00e1s la cuestionada democracia a la mexicana, de la que obtienen beneficios \u00fanicamente los vivales. \u00bfUsted qu\u00e9 opina?<\/p>\n<p><em><a href=\"mailto:aco2742@hotmail.com\" target=\"_blank\" rel=\"noopener noreferrer\">aco2742@hotmail.com<\/a><\/em><\/p>\n","protected":false},"excerpt":{"rendered":"<p><span style=\"color: #005497;\"><strong>Augusto Corro<\/strong><\/span><br \/>\n<br \/>\nNo hace mucho tiempo era una noticia impactante el saber que alg\u00fan gobernador estaba acusado de ratero.<\/p>\n","protected":false},"author":3,"featured_media":344963,"comment_status":"open","ping_status":"open","sticky":false,"template":"","format":"standard","meta":{"_monsterinsights_skip_tracking":false,"_monsterinsights_sitenote_active":false,"_monsterinsights_sitenote_note":"","_monsterinsights_sitenote_category":0,"footnotes":""},"categories":[157],"tags":[43686,43674,11515],"class_list":["post-344903","post","type-post","status-publish","format-standard","has-post-thumbnail","hentry","category-augusto-corro","tag-augusto-corro","tag-opinion","tag-punto-por-punto"],"_links":{"self":[{"href":"https:\/\/www.diarioimagen.net\/index.php?rest_route=\/wp\/v2\/posts\/344903","targetHints":{"allow":["GET"]}}],"collection":[{"href":"https:\/\/www.diarioimagen.net\/index.php?rest_route=\/wp\/v2\/posts"}],"about":[{"href":"https:\/\/www.diarioimagen.net\/index.php?rest_route=\/wp\/v2\/types\/post"}],"author":[{"embeddable":true,"href":"https:\/\/www.diarioimagen.net\/index.php?rest_route=\/wp\/v2\/users\/3"}],"replies":[{"embeddable":true,"href":"https:\/\/www.diarioimagen.net\/index.php?rest_route=%2Fwp%2Fv2%2Fcomments&post=344903"}],"version-history":[{"count":0,"href":"https:\/\/www.diarioimagen.net\/index.php?rest_route=\/wp\/v2\/posts\/344903\/revisions"}],"wp:featuredmedia":[{"embeddable":true,"href":"https:\/\/www.diarioimagen.net\/index.php?rest_route=\/wp\/v2\/media\/344963"}],"wp:attachment":[{"href":"https:\/\/www.diarioimagen.net\/index.php?rest_route=%2Fwp%2Fv2%2Fmedia&parent=344903"}],"wp:term":[{"taxonomy":"category","embeddable":true,"href":"https:\/\/www.diarioimagen.net\/index.php?rest_route=%2Fwp%2Fv2%2Fcategories&post=344903"},{"taxonomy":"post_tag","embeddable":true,"href":"https:\/\/www.diarioimagen.net\/index.php?rest_route=%2Fwp%2Fv2%2Ftags&post=344903"}],"curies":[{"name":"wp","href":"https:\/\/api.w.org\/{rel}","templated":true}]}}