{"id":344907,"date":"2017-09-20T00:09:02","date_gmt":"2017-09-20T05:09:02","guid":{"rendered":"http:\/\/www.diarioimagen.net\/?p=344907"},"modified":"2017-09-20T04:40:51","modified_gmt":"2017-09-20T09:40:51","slug":"los-simuladores","status":"publish","type":"post","link":"https:\/\/www.diarioimagen.net\/?p=344907","title":{"rendered":"Los simuladores"},"content":{"rendered":"<h2>De frente y de perfil<\/h2>\n<h5>Ram\u00f3n Zurita Sahag\u00fan<\/h5>\n<p>&nbsp;<\/p>\n<div id=\"attachment_343027\" style=\"width: 470px\" class=\"wp-caption aligncenter\"><a href=\"http:\/\/www.diarioimagen.net\/?attachment_id=343027\" rel=\"attachment wp-att-343027\"><img loading=\"lazy\" decoding=\"async\" aria-describedby=\"caption-attachment-343027\" class=\"size-large wp-image-343027\" src=\"http:\/\/www.diarioimagen.net\/wp-content\/uploads\/2017\/09\/ZURITA-3201-460x259.jpg\" alt=\"\" width=\"460\" height=\"259\" srcset=\"https:\/\/www.diarioimagen.net\/wp-content\/uploads\/2017\/09\/ZURITA-3201-460x259.jpg 460w, https:\/\/www.diarioimagen.net\/wp-content\/uploads\/2017\/09\/ZURITA-3201-240x135.jpg 240w, https:\/\/www.diarioimagen.net\/wp-content\/uploads\/2017\/09\/ZURITA-3201-235x132.jpg 235w, https:\/\/www.diarioimagen.net\/wp-content\/uploads\/2017\/09\/ZURITA-3201-202x114.jpg 202w, https:\/\/www.diarioimagen.net\/wp-content\/uploads\/2017\/09\/ZURITA-3201-350x196.jpg 350w, https:\/\/www.diarioimagen.net\/wp-content\/uploads\/2017\/09\/ZURITA-3201-220x123.jpg 220w, https:\/\/www.diarioimagen.net\/wp-content\/uploads\/2017\/09\/ZURITA-3201-237x132.jpg 237w, https:\/\/www.diarioimagen.net\/wp-content\/uploads\/2017\/09\/ZURITA-3201.jpg 480w\" sizes=\"auto, (max-width: 460px) 100vw, 460px\" \/><\/a><p id=\"caption-attachment-343027\" class=\"wp-caption-text\">El coordinador de la bancada pri\u00edsta en la C\u00e1mara de Diputados, C\u00e9sar Camacho, acus\u00f3 a los panistas de secuestrar a la C\u00e1mara baja y generar una crisis constitucional.<\/p><\/div>\n<p>&nbsp;<\/p>\n<p>Qu\u00e9 autoridad moral tienen algunos pol\u00edticos para lanzar acusaciones al por mayor y desgarrase las vestiduras, ante todo tipo de situaciones que no les son favorables.<\/p>\n<p>Hay pol\u00edticos que son unos z\u00e1nganos, vividores del sistema, que lucran con los cargos p\u00fablicos, al ser beneficiarios de los grupos en el poder.<\/p>\n<p>Son personajes incapaces de ganar un cargo de elecci\u00f3n popular, por lo que se cobijan bajo los mantos protectores de la legislaci\u00f3n mexicana y ocupan espacios de privilegio.<\/p>\n<p>Lanzan proclamas amenazantes de grandes crisis, cuando en realidad no pasa nada alarmante ni que se ubique dentro de los riesgos de un sistema democr\u00e1tico, como el que, supuestamente, se vive en M\u00e9xico.<\/p>\n<p>Uno de esos personajes, lejanos del carisma que requieren los pol\u00edticos es C\u00e9sar Camacho, hoy coordinador de la bancada priista en la C\u00e1mara de Diputados, quien acus\u00f3 a los panistas de secuestrar a la C\u00e1mara de Diputados y generar una crisis constitucional.<\/p>\n<p>En su papel de pastor pri\u00cdsta y de proponer a su compa\u00f1ero de bancada Jorge Carlos Ram\u00edrez Mar\u00edn como presidente de la C\u00e1mara de Diputados, Camacho expone situaciones lejanas de presentarse.<\/p>\n<p>Y es que los pri\u00edstas siempre magnifican los efectos de la situaci\u00f3n, para tratar de impresionar y usan la segunda ronda de conversaciones sobre el TLC para chantajear sobre la imagen que ofrecen al exterior.<\/p>\n<p>Lo que sucede en el Congreso es parte de lo que cotidianamente se presenta, donde los participantes usan todos los recursos posibles y las trampas y salidas que contienen los reglamentos.<\/p>\n<p>Una de las m\u00e1s frecuentes es la del reloj legislativo, el que simplemente se usa a destajo y las sesiones pueden durar los d\u00edas que les sean necesarios, con los recesos que requieran.<\/p>\n<p>Se recuerda como en el a\u00f1o 2000, al perder el PRI la Presidencia de la Rep\u00fablica fue uno de los grandes recursos, ante la imposibilidad de aprobar el presupuesto y llegar al t\u00e9rmino legal del per\u00edodo ordinario de sesiones.<\/p>\n<p>Fue la primera ocasi\u00f3n en que asombrados los ciudadanos vieron a diputados y senadores trabajar en pleno a\u00f1o nuevo, por lo que se recurri\u00f3 a nuevas disposiciones, donde el presupuesto se presenta antes y debe aprobarse a mediados de noviembre,<\/p>\n<p>Tambi\u00e9n se decidi\u00f3 aprobar dos per\u00edodos ordinarios de sesiones, ya que quedaba un gran vac\u00edo de ochos meses sin ellos.<\/p>\n<p>Se crey\u00f3 que con esas modificaciones no se requerir\u00eda de los trucos usados con antelaci\u00f3n, aunque los l\u00edmites de la imaginaci\u00f3n y los resquicios legales abundan.<\/p>\n<p>De ah\u00ed que unos y otros se lancen acusaciones al por mayor, ante cualquier contingencia y hablen de los grandes peligros de una democracia que no consigue consolidarse.<\/p>\n<p>El pri\u00edsta C\u00e9sar Camacho es de esos pol\u00edticos dram\u00e1ticos que atendiendo los dictados de sus jefes pol\u00edticos intentan atemorizar a unos ciudadanos ya hartos de esos aspavientos y que requieren que sus pol\u00edticos encuentren soluciones a los problemas y no se dediquen a lanzarse lodo unos a otros.<\/p>\n<p>Camacho es de eso personajes que se arrimaron a buen \u00e1rbol y que hace casi tres d\u00e9cadas disfruta de los mejores cargos p\u00fablicos, sin ganar ninguno de ellos en las urnas.<\/p>\n<p>Cobijado por el inexistente Grupo Atlacomulco, su mayor triunfo es conquistar el voto ciudadano en los tiempos del invencible PRI y gobernar con esos colores el ayuntamiento de Metepec.<\/p>\n<p>Despu\u00e9s todo ha sido ganancia, detentado una serie de cargos de elecci\u00f3n popular, sin que mediara el voto directo de los electores para ello.<\/p>\n<p>Ni siquiera termin\u00f3 con su gesti\u00f3n como alcalde, ya que se sum\u00f3 a la campa\u00f1a a gobernador de su principal protector, Emilio Chuayffet Chemor, quien venci\u00f3 en las urnas en 1993.<\/p>\n<p>Fue designado secretario general del gobierno estatal y por lo que su siguiente paso no fue nada dif\u00edcil.<\/p>\n<p>Pol\u00edtico de todas las confianzas del gobernador Chuayffet Chemor, asumi\u00f3 el gobierno interino, al ser transferido Emilio a la secretar\u00eda de Gobernaci\u00f3n.<\/p>\n<p>Ah\u00ed no import\u00f3 que Chuayffet Chemor no hubiese cumplido dos a\u00f1os de gobierno, ya que se usaron recursos jur\u00eddicos que ubicaron a Camacho Quiroz como gobernador interino, primero y sustituto despu\u00e9s, por lo que a los 35 a\u00f1os de edad asumi\u00f3 el gobierno estatal de la principal entidad del pa\u00eds.<\/p>\n<p>C\u00e9sar Camacho termin\u00f3 distanciado de Chuayffet Chemor, pero se ali\u00f3 con otro de los pol\u00edticos dominantes de la entidad, Alfredo del Mazo Gonz\u00e1lez, t\u00edo del Presidente Pe\u00f1a Nieto, \u00a0primo de Arturo Montiel Rojas y padre del gobernador electo Alfredo del Mazo Maza.<\/p>\n<p>Al t\u00e9rmino de su gesti\u00f3n se le ubic\u00f3 como candidato al Senado de la Rep\u00fablica, donde no fue respaldado por la ciudadan\u00eda, siendo derrotado en las urnas, pero teniendo derecho a una representaci\u00f3n, como primera minor\u00eda.<\/p>\n<p>Famoso por su colecci\u00f3n de costosos relojes, Camacho Quiroz salt\u00f3 de un esca\u00f1o a una curul, por el principio de representaci\u00f3n proporcional, al que r\u00e1pidamente se acostumbr\u00f3.<\/p>\n<p>El ex gobernador interino del Estado de M\u00e9xico aprovech\u00f3 su estancia en el Senado de la Rep\u00fablica para hacer equipo con Emilio Gamboa Patr\u00f3n, otro de los usufructuarios de los cargos de elecci\u00f3n popular por la v\u00eda plurinominal.<\/p>\n<p>Por eso en la LX legislatura fue uno de sus principales operadores, en la bancada m\u00e1s chica (104) tenida por el PRI en la C\u00e1mara de Diputados.<\/p>\n<p>Ahora nuevamente es diputado federal, por la v\u00eda que m\u00e1s le gusta la de no ensuciarse los zapatos haciendo campa\u00f1a, sino llegar con la ley del menor esfuerzo a la C\u00e1mara de Diputados, donde se ubic\u00f3 como el pastor del reba\u00f1o priista.<\/p>\n<p>Considerado como uno de los paladines del sistema democr\u00e1tico mexicano, Camacho Quiroz pronto pasar\u00e1 factura por sacar al pa\u00eds de una probable crisis constitucional, as\u00ed son estos personajes.<\/p>\n<p><em><a href=\"mailto:ramonzurita44@hotmail.com\" target=\"_blank\" rel=\"noopener noreferrer\">ramonzurita44@hotmail.com<\/a><\/em><\/p>\n","protected":false},"excerpt":{"rendered":"<p><span style=\"color: #005497;\"><strong>Ram\u00f3n Zurita Sahag\u00fan<\/strong><\/span><br \/>\n<br \/>\nQu\u00e9 autoridad moral tienen algunos pol\u00edticos para lanzar acusaciones al por mayor y desgarrase las vestiduras, ante todo tipo de situaciones que no les son favorables.<\/p>\n","protected":false},"author":3,"featured_media":343027,"comment_status":"open","ping_status":"open","sticky":false,"template":"","format":"standard","meta":{"_monsterinsights_skip_tracking":false,"_monsterinsights_sitenote_active":false,"_monsterinsights_sitenote_note":"","_monsterinsights_sitenote_category":0,"footnotes":""},"categories":[234],"tags":[304,43674,43687],"class_list":["post-344907","post","type-post","status-publish","format-standard","has-post-thumbnail","hentry","category-ramon-zurita-sahagun","tag-de-frente-y-de-perfil","tag-opinion","tag-ramon-zurita-sahagun"],"_links":{"self":[{"href":"https:\/\/www.diarioimagen.net\/index.php?rest_route=\/wp\/v2\/posts\/344907","targetHints":{"allow":["GET"]}}],"collection":[{"href":"https:\/\/www.diarioimagen.net\/index.php?rest_route=\/wp\/v2\/posts"}],"about":[{"href":"https:\/\/www.diarioimagen.net\/index.php?rest_route=\/wp\/v2\/types\/post"}],"author":[{"embeddable":true,"href":"https:\/\/www.diarioimagen.net\/index.php?rest_route=\/wp\/v2\/users\/3"}],"replies":[{"embeddable":true,"href":"https:\/\/www.diarioimagen.net\/index.php?rest_route=%2Fwp%2Fv2%2Fcomments&post=344907"}],"version-history":[{"count":0,"href":"https:\/\/www.diarioimagen.net\/index.php?rest_route=\/wp\/v2\/posts\/344907\/revisions"}],"wp:featuredmedia":[{"embeddable":true,"href":"https:\/\/www.diarioimagen.net\/index.php?rest_route=\/wp\/v2\/media\/343027"}],"wp:attachment":[{"href":"https:\/\/www.diarioimagen.net\/index.php?rest_route=%2Fwp%2Fv2%2Fmedia&parent=344907"}],"wp:term":[{"taxonomy":"category","embeddable":true,"href":"https:\/\/www.diarioimagen.net\/index.php?rest_route=%2Fwp%2Fv2%2Fcategories&post=344907"},{"taxonomy":"post_tag","embeddable":true,"href":"https:\/\/www.diarioimagen.net\/index.php?rest_route=%2Fwp%2Fv2%2Ftags&post=344907"}],"curies":[{"name":"wp","href":"https:\/\/api.w.org\/{rel}","templated":true}]}}