{"id":345022,"date":"2017-09-21T00:08:00","date_gmt":"2017-09-21T05:08:00","guid":{"rendered":"http:\/\/www.diarioimagen.net\/?p=345022"},"modified":"2017-09-21T05:50:25","modified_gmt":"2017-09-21T10:50:25","slug":"amecameca-parece-zona-de-guerra","status":"publish","type":"post","link":"https:\/\/www.diarioimagen.net\/?p=345022","title":{"rendered":"Amecameca parece zona de guerra"},"content":{"rendered":"<p><a href=\"http:\/\/www.diarioimagen.net\/?attachment_id=345142\" rel=\"attachment wp-att-345142\"><img loading=\"lazy\" decoding=\"async\" class=\"aligncenter size-large wp-image-345142\" src=\"http:\/\/www.diarioimagen.net\/wp-content\/uploads\/2017\/09\/AMECAMECA-3212-460x307.jpg\" alt=\"\" width=\"460\" height=\"307\" srcset=\"https:\/\/www.diarioimagen.net\/wp-content\/uploads\/2017\/09\/AMECAMECA-3212-460x307.jpg 460w, https:\/\/www.diarioimagen.net\/wp-content\/uploads\/2017\/09\/AMECAMECA-3212-240x160.jpg 240w, https:\/\/www.diarioimagen.net\/wp-content\/uploads\/2017\/09\/AMECAMECA-3212.jpg 700w\" sizes=\"auto, (max-width: 460px) 100vw, 460px\" \/><\/a><\/p>\n<p>&nbsp;<\/p>\n<p>Vecinos de la cabecera municipal de Amecameca, Estado de M\u00e9xico, viven desolaci\u00f3n, luego del desplome de 40 casas, mientras que 40 m\u00e1s presentan da\u00f1os.<\/p>\n<p>Los desplomes y afectaciones ocurrieron debido a que la mayor\u00eda de las viviendas en el primer cuadro son de adobe y muy antiguas, lo que aunado al movimiento tel\u00farico provocaron severos da\u00f1os en las viviendas de los mexiquenses.<\/p>\n","protected":false},"excerpt":{"rendered":"<p>Vecinos de la cabecera municipal de Amecameca, Estado de M\u00e9xico, viven desolaci\u00f3n, luego del desplome de 40 casas, mientras que 40 m\u00e1s presentan da\u00f1os.<\/p>\n","protected":false},"author":3,"featured_media":345142,"comment_status":"open","ping_status":"open","sticky":false,"template":"","format":"standard","meta":{"_monsterinsights_skip_tracking":false,"_monsterinsights_sitenote_active":false,"_monsterinsights_sitenote_note":"","_monsterinsights_sitenote_category":0,"footnotes":""},"categories":[5],"tags":[5055,65739],"class_list":["post-345022","post","type-post","status-publish","format-standard","has-post-thumbnail","hentry","category-estado-de-mexico","tag-amecameca","tag-zona-de-guerra"],"_links":{"self":[{"href":"https:\/\/www.diarioimagen.net\/index.php?rest_route=\/wp\/v2\/posts\/345022","targetHints":{"allow":["GET"]}}],"collection":[{"href":"https:\/\/www.diarioimagen.net\/index.php?rest_route=\/wp\/v2\/posts"}],"about":[{"href":"https:\/\/www.diarioimagen.net\/index.php?rest_route=\/wp\/v2\/types\/post"}],"author":[{"embeddable":true,"href":"https:\/\/www.diarioimagen.net\/index.php?rest_route=\/wp\/v2\/users\/3"}],"replies":[{"embeddable":true,"href":"https:\/\/www.diarioimagen.net\/index.php?rest_route=%2Fwp%2Fv2%2Fcomments&post=345022"}],"version-history":[{"count":0,"href":"https:\/\/www.diarioimagen.net\/index.php?rest_route=\/wp\/v2\/posts\/345022\/revisions"}],"wp:featuredmedia":[{"embeddable":true,"href":"https:\/\/www.diarioimagen.net\/index.php?rest_route=\/wp\/v2\/media\/345142"}],"wp:attachment":[{"href":"https:\/\/www.diarioimagen.net\/index.php?rest_route=%2Fwp%2Fv2%2Fmedia&parent=345022"}],"wp:term":[{"taxonomy":"category","embeddable":true,"href":"https:\/\/www.diarioimagen.net\/index.php?rest_route=%2Fwp%2Fv2%2Fcategories&post=345022"},{"taxonomy":"post_tag","embeddable":true,"href":"https:\/\/www.diarioimagen.net\/index.php?rest_route=%2Fwp%2Fv2%2Ftags&post=345022"}],"curies":[{"name":"wp","href":"https:\/\/api.w.org\/{rel}","templated":true}]}}