{"id":345026,"date":"2017-09-21T00:09:22","date_gmt":"2017-09-21T05:09:22","guid":{"rendered":"http:\/\/www.diarioimagen.net\/?p=345026"},"modified":"2017-09-21T06:01:15","modified_gmt":"2017-09-21T11:01:15","slug":"sube-a-13-cifra-de-muertos-en-edomex","status":"publish","type":"post","link":"https:\/\/www.diarioimagen.net\/?p=345026","title":{"rendered":"Sube a 13, cifra de muertos en Edomex"},"content":{"rendered":"<p><a href=\"http:\/\/www.diarioimagen.net\/?attachment_id=345150\" rel=\"attachment wp-att-345150\"><img loading=\"lazy\" decoding=\"async\" class=\"aligncenter size-large wp-image-345150\" src=\"http:\/\/www.diarioimagen.net\/wp-content\/uploads\/2017\/09\/AMECAMECA-3212-1-460x307.jpg\" alt=\"\" width=\"460\" height=\"307\" srcset=\"https:\/\/www.diarioimagen.net\/wp-content\/uploads\/2017\/09\/AMECAMECA-3212-1-460x307.jpg 460w, https:\/\/www.diarioimagen.net\/wp-content\/uploads\/2017\/09\/AMECAMECA-3212-1-240x160.jpg 240w, https:\/\/www.diarioimagen.net\/wp-content\/uploads\/2017\/09\/AMECAMECA-3212-1.jpg 700w\" sizes=\"auto, (max-width: 460px) 100vw, 460px\" \/><\/a><\/p>\n<p>&nbsp;<\/p>\n<p>El n\u00famero de muertos en el Estado de M\u00e9xico por el sismo de magnitud 7.1 grados, hasta ayer, aument\u00f3 a 13, inform\u00f3 el gobernador Alfredo Del Mazo Maza.<\/p>\n<p>Se trata de una mujer de 44 a\u00f1os, la cual fue trasladada de Morelos a un hospital de Toluca.<\/p>\n<p>En tanto, en la entidad se inici\u00f3 un censo para determinar cu\u00e1ntos inmuebles resultaron afectados y poder ayudar a los damnificados.<\/p>\n<p>Del Mazo, en un recorrido por Joquicingo, indic\u00f3 que en las pr\u00f3ximas horas se podr\u00edan dar a conocer los resultados de la evaluaci\u00f3n.<\/p>\n<p>\u201cEstamos haciendo un levantamiento de la informaci\u00f3n de la infraestructura educativa, de guarder\u00edas, de casas, de iglesias. Vamos a identificar cu\u00e1les son los inmuebles que no pueden estar ocupados, en donde no puede ingresar la poblaci\u00f3n y, segundo, empezar con el trabajo de reconstrucci\u00f3n\u201d, explic\u00f3.<\/p>\n<p>&nbsp;<\/p>\n<p><a href=\"http:\/\/www.diarioimagen.net\/?attachment_id=345151\" rel=\"attachment wp-att-345151\"><img loading=\"lazy\" decoding=\"async\" class=\"aligncenter size-large wp-image-345151\" src=\"http:\/\/www.diarioimagen.net\/wp-content\/uploads\/2017\/09\/AMECAMECA-3212-3-460x307.jpg\" alt=\"\" width=\"460\" height=\"307\" srcset=\"https:\/\/www.diarioimagen.net\/wp-content\/uploads\/2017\/09\/AMECAMECA-3212-3-460x307.jpg 460w, https:\/\/www.diarioimagen.net\/wp-content\/uploads\/2017\/09\/AMECAMECA-3212-3-240x160.jpg 240w, https:\/\/www.diarioimagen.net\/wp-content\/uploads\/2017\/09\/AMECAMECA-3212-3.jpg 700w\" sizes=\"auto, (max-width: 460px) 100vw, 460px\" \/><\/a><\/p>\n","protected":false},"excerpt":{"rendered":"<p>El n\u00famero de muertos en el Estado de M\u00e9xico por el sismo de magnitud 7.1 grados, hasta ayer, aument\u00f3 a 13, inform\u00f3 el gobernador Alfredo Del Mazo Maza.<\/p>\n","protected":false},"author":3,"featured_media":345150,"comment_status":"open","ping_status":"open","sticky":false,"template":"","format":"standard","meta":{"_monsterinsights_skip_tracking":false,"_monsterinsights_sitenote_active":false,"_monsterinsights_sitenote_note":"","_monsterinsights_sitenote_category":0,"footnotes":""},"categories":[5],"tags":[2505,43675,2135],"class_list":["post-345026","post","type-post","status-publish","format-standard","has-post-thumbnail","hentry","category-estado-de-mexico","tag-alfredo-del-mazo-maza","tag-estado-de-mexico","tag-muertos"],"_links":{"self":[{"href":"https:\/\/www.diarioimagen.net\/index.php?rest_route=\/wp\/v2\/posts\/345026","targetHints":{"allow":["GET"]}}],"collection":[{"href":"https:\/\/www.diarioimagen.net\/index.php?rest_route=\/wp\/v2\/posts"}],"about":[{"href":"https:\/\/www.diarioimagen.net\/index.php?rest_route=\/wp\/v2\/types\/post"}],"author":[{"embeddable":true,"href":"https:\/\/www.diarioimagen.net\/index.php?rest_route=\/wp\/v2\/users\/3"}],"replies":[{"embeddable":true,"href":"https:\/\/www.diarioimagen.net\/index.php?rest_route=%2Fwp%2Fv2%2Fcomments&post=345026"}],"version-history":[{"count":0,"href":"https:\/\/www.diarioimagen.net\/index.php?rest_route=\/wp\/v2\/posts\/345026\/revisions"}],"wp:featuredmedia":[{"embeddable":true,"href":"https:\/\/www.diarioimagen.net\/index.php?rest_route=\/wp\/v2\/media\/345150"}],"wp:attachment":[{"href":"https:\/\/www.diarioimagen.net\/index.php?rest_route=%2Fwp%2Fv2%2Fmedia&parent=345026"}],"wp:term":[{"taxonomy":"category","embeddable":true,"href":"https:\/\/www.diarioimagen.net\/index.php?rest_route=%2Fwp%2Fv2%2Fcategories&post=345026"},{"taxonomy":"post_tag","embeddable":true,"href":"https:\/\/www.diarioimagen.net\/index.php?rest_route=%2Fwp%2Fv2%2Ftags&post=345026"}],"curies":[{"name":"wp","href":"https:\/\/api.w.org\/{rel}","templated":true}]}}