{"id":345179,"date":"2017-09-22T00:04:49","date_gmt":"2017-09-22T05:04:49","guid":{"rendered":"http:\/\/www.diarioimagen.net\/?p=345179"},"modified":"2017-09-24T23:36:13","modified_gmt":"2017-09-25T04:36:13","slug":"mas-centros-de-acopio-para-apoyar-a-mexiquenses","status":"publish","type":"post","link":"https:\/\/www.diarioimagen.net\/?p=345179","title":{"rendered":"M\u00e1s centros de acopio para apoyar a mexiquenses"},"content":{"rendered":"<p><a href=\"http:\/\/www.diarioimagen.net\/?attachment_id=345288\" rel=\"attachment wp-att-345288\"><img loading=\"lazy\" decoding=\"async\" class=\"aligncenter size-large wp-image-345288\" src=\"http:\/\/www.diarioimagen.net\/wp-content\/uploads\/2017\/09\/CENTROS-DE-ACOPIO-3213-460x259.jpg\" alt=\"\" width=\"460\" height=\"259\" srcset=\"https:\/\/www.diarioimagen.net\/wp-content\/uploads\/2017\/09\/CENTROS-DE-ACOPIO-3213-460x259.jpg 460w, https:\/\/www.diarioimagen.net\/wp-content\/uploads\/2017\/09\/CENTROS-DE-ACOPIO-3213-240x135.jpg 240w, https:\/\/www.diarioimagen.net\/wp-content\/uploads\/2017\/09\/CENTROS-DE-ACOPIO-3213-235x132.jpg 235w, https:\/\/www.diarioimagen.net\/wp-content\/uploads\/2017\/09\/CENTROS-DE-ACOPIO-3213-202x114.jpg 202w, https:\/\/www.diarioimagen.net\/wp-content\/uploads\/2017\/09\/CENTROS-DE-ACOPIO-3213-350x196.jpg 350w, https:\/\/www.diarioimagen.net\/wp-content\/uploads\/2017\/09\/CENTROS-DE-ACOPIO-3213-220x123.jpg 220w, https:\/\/www.diarioimagen.net\/wp-content\/uploads\/2017\/09\/CENTROS-DE-ACOPIO-3213-237x132.jpg 237w, https:\/\/www.diarioimagen.net\/wp-content\/uploads\/2017\/09\/CENTROS-DE-ACOPIO-3213.jpg 480w\" sizes=\"auto, (max-width: 460px) 100vw, 460px\" \/><\/a><\/p>\n<p>&nbsp;<\/p>\n<p>El Poder Legislativo del Estado de M\u00e9xico instal\u00f3, frente a su sede ubicada en la ciudad de Toluca, un centro de acopio de alimentos no perecederos y enlatados, productos de higiene y limpieza, as\u00ed como material m\u00e9dico y medicamentos para apoyar a los mexiquenses afectados por el sismo.<\/p>\n<p>&nbsp;<\/p>\n<p><a href=\"http:\/\/www.diarioimagen.net\/?attachment_id=345289\" rel=\"attachment wp-att-345289\"><img loading=\"lazy\" decoding=\"async\" class=\"aligncenter size-large wp-image-345289\" src=\"http:\/\/www.diarioimagen.net\/wp-content\/uploads\/2017\/09\/EDOMEX-3213-460x259.jpg\" alt=\"\" width=\"460\" height=\"259\" srcset=\"https:\/\/www.diarioimagen.net\/wp-content\/uploads\/2017\/09\/EDOMEX-3213-460x259.jpg 460w, https:\/\/www.diarioimagen.net\/wp-content\/uploads\/2017\/09\/EDOMEX-3213-240x135.jpg 240w, https:\/\/www.diarioimagen.net\/wp-content\/uploads\/2017\/09\/EDOMEX-3213-235x132.jpg 235w, https:\/\/www.diarioimagen.net\/wp-content\/uploads\/2017\/09\/EDOMEX-3213-202x114.jpg 202w, https:\/\/www.diarioimagen.net\/wp-content\/uploads\/2017\/09\/EDOMEX-3213-350x196.jpg 350w, https:\/\/www.diarioimagen.net\/wp-content\/uploads\/2017\/09\/EDOMEX-3213-220x123.jpg 220w, https:\/\/www.diarioimagen.net\/wp-content\/uploads\/2017\/09\/EDOMEX-3213-237x132.jpg 237w, https:\/\/www.diarioimagen.net\/wp-content\/uploads\/2017\/09\/EDOMEX-3213.jpg 480w\" sizes=\"auto, (max-width: 460px) 100vw, 460px\" \/><\/a><\/p>\n<p>Este centro de acopio, abierto con apoyo de su Unidad de Asistencia Social, est\u00e1 ubicado frente al Palacio Legislativo, sobre la Plaza de los M\u00e1rtires de la capital del Estado de M\u00e9xico, y en \u00e9l reciben latas de at\u00fan, verduras, frijoles, chiles y sardinas, as\u00ed como leche en polvo, agua embotellada, caf\u00e9 soluble, arroz, lentejas, az\u00facar, sopa de pasta, caf\u00e9 soluble, chocolate, galletas saladas y mayonesa, entre otros.<\/p>\n","protected":false},"excerpt":{"rendered":"<p>El Poder Legislativo del Estado de M\u00e9xico instal\u00f3, frente a su sede ubicada en la ciudad de Toluca, un centro de acopio de alimentos no perecederos y enlatados, productos de higiene y limpieza, as\u00ed como material m\u00e9dico y medicamentos para apoyar a los mexiquenses afectados por el sismo.<\/p>\n","protected":false},"author":3,"featured_media":345288,"comment_status":"open","ping_status":"open","sticky":false,"template":"","format":"standard","meta":{"_monsterinsights_skip_tracking":false,"_monsterinsights_sitenote_active":false,"_monsterinsights_sitenote_note":"","_monsterinsights_sitenote_category":0,"footnotes":""},"categories":[5],"tags":[55855,65761,65760,277],"class_list":["post-345179","post","type-post","status-publish","format-standard","has-post-thumbnail","hentry","category-estado-de-mexico","tag-acopio","tag-centros","tag-m-apoya","tag-mexiquense"],"_links":{"self":[{"href":"https:\/\/www.diarioimagen.net\/index.php?rest_route=\/wp\/v2\/posts\/345179","targetHints":{"allow":["GET"]}}],"collection":[{"href":"https:\/\/www.diarioimagen.net\/index.php?rest_route=\/wp\/v2\/posts"}],"about":[{"href":"https:\/\/www.diarioimagen.net\/index.php?rest_route=\/wp\/v2\/types\/post"}],"author":[{"embeddable":true,"href":"https:\/\/www.diarioimagen.net\/index.php?rest_route=\/wp\/v2\/users\/3"}],"replies":[{"embeddable":true,"href":"https:\/\/www.diarioimagen.net\/index.php?rest_route=%2Fwp%2Fv2%2Fcomments&post=345179"}],"version-history":[{"count":0,"href":"https:\/\/www.diarioimagen.net\/index.php?rest_route=\/wp\/v2\/posts\/345179\/revisions"}],"wp:featuredmedia":[{"embeddable":true,"href":"https:\/\/www.diarioimagen.net\/index.php?rest_route=\/wp\/v2\/media\/345288"}],"wp:attachment":[{"href":"https:\/\/www.diarioimagen.net\/index.php?rest_route=%2Fwp%2Fv2%2Fmedia&parent=345179"}],"wp:term":[{"taxonomy":"category","embeddable":true,"href":"https:\/\/www.diarioimagen.net\/index.php?rest_route=%2Fwp%2Fv2%2Fcategories&post=345179"},{"taxonomy":"post_tag","embeddable":true,"href":"https:\/\/www.diarioimagen.net\/index.php?rest_route=%2Fwp%2Fv2%2Ftags&post=345179"}],"curies":[{"name":"wp","href":"https:\/\/api.w.org\/{rel}","templated":true}]}}