{"id":345230,"date":"2017-09-22T00:10:27","date_gmt":"2017-09-22T05:10:27","guid":{"rendered":"http:\/\/www.diarioimagen.net\/?p=345230"},"modified":"2017-09-22T06:51:34","modified_gmt":"2017-09-22T11:51:34","slug":"la-formula-para-salir-de-pobres-ignorada-por-epn","status":"publish","type":"post","link":"https:\/\/www.diarioimagen.net\/?p=345230","title":{"rendered":"La f\u00f3rmula para salir de pobres, ignorada por EPN"},"content":{"rendered":"<h2>\u00cdndice pol\u00edtico<\/h2>\n<h5>Francisco Rodr\u00edguez<\/h5>\n<p>&nbsp;<\/p>\n<div id=\"attachment_345322\" style=\"width: 470px\" class=\"wp-caption aligncenter\"><a href=\"http:\/\/www.diarioimagen.net\/?attachment_id=345322\" rel=\"attachment wp-att-345322\"><img loading=\"lazy\" decoding=\"async\" aria-describedby=\"caption-attachment-345322\" class=\"size-large wp-image-345322\" src=\"http:\/\/www.diarioimagen.net\/wp-content\/uploads\/2017\/09\/la-pelea-del-socavon-LUIS-XAVIER-3213-460x351.jpg\" alt=\"\" width=\"460\" height=\"351\" srcset=\"https:\/\/www.diarioimagen.net\/wp-content\/uploads\/2017\/09\/la-pelea-del-socavon-LUIS-XAVIER-3213-460x351.jpg 460w, https:\/\/www.diarioimagen.net\/wp-content\/uploads\/2017\/09\/la-pelea-del-socavon-LUIS-XAVIER-3213-240x183.jpg 240w, https:\/\/www.diarioimagen.net\/wp-content\/uploads\/2017\/09\/la-pelea-del-socavon-LUIS-XAVIER-3213-768x586.jpg 768w, https:\/\/www.diarioimagen.net\/wp-content\/uploads\/2017\/09\/la-pelea-del-socavon-LUIS-XAVIER-3213.jpg 1200w\" sizes=\"auto, (max-width: 460px) 100vw, 460px\" \/><\/a><p id=\"caption-attachment-345322\" class=\"wp-caption-text\">La pelea del socav\u00f3n&#8230; | Luis Xavier<\/p><\/div>\n<p>&nbsp;<\/p>\n<p>A veces, la independencia, aunque est\u00e9 tan lejos de los ambientes y de las voluntades de los que mandan, es un motivo para repensar en una visi\u00f3n de Estado saludable, recia, social y popular. No s\u00f3lo de gritos desaforados al viento, de arengas y proclamas que justifican a los usufructuarios del poder, sino de pensamientos que ayuden a refrescar la memoria del colectivo. Menos a\u00fan de apariciones en cadena nacional, para lucir el palmito e informar de lo que la sociedad hace en el rescate de los cuerpos \u2014algunos con vida\u2014 de las v\u00edctimas del sismo.<\/p>\n<p>Y aunque no trate del tema hist\u00f3rico de la Independencia del Imperio espa\u00f1ol, cualquier asunto que se relacione con la sobrevivencia de M\u00e9xico como pa\u00eds viene a cuento, porque en estos momentos en que los patrones gabachos han denostado a un \u201cnarcoestado fallido\u201d, debemos rememorar cuestiones que nos han revitalizado c\u00f3mo naci\u00f3n, aspectos de nuestro legado hist\u00f3rico que son realmente incomparables.<\/p>\n<p>Cuando en 1910 se juntaron Antonio Caso, Alfonso Reyes, Pedro Henr\u00edquez Ure\u00f1a, Carlos Gonz\u00e1lez Pe\u00f1a, Jos\u00e9 Vasconcelos, Mart\u00edn Luis Guzm\u00e1n y Jos\u00e9 Escofet, alrededor del Ateneo de la Juventud, postularon una nueva filosof\u00eda y renovaron el ambiente intelectual mexicano: destruyeron las bases del programa positivista cient\u00edfico, el sost\u00e9n de la dictadura.<\/p>\n<p>La aparici\u00f3n de la obra de Antonio Caso\u00a0<em>La existencia como econom\u00eda, como desinter\u00e9s y como caridad<\/em>, dinamit\u00f3 la estructura de autocontemplaci\u00f3n medieval que hab\u00edan construido los porfiristas \u201ccient\u00edficos\u201d para maquillar la realidad nacional que Andr\u00e9s Molina Enr\u00edquez hab\u00eda revelado en\u00a0<em>M\u00e9xico: los grandes problemas nacionales<\/em>.<\/p>\n<p><em>Per se<\/em>, el progreso f\u00edsico no existe, progresamos realmente si lo hacemos en los siguientes \u00f3rdenes: el f\u00edsico, el moral, el intelectual y el est\u00e9tico. El principio de la solidaridad es brindar el m\u00e1ximo esfuerzo, a veces con el m\u00ednimo provecho. El desinter\u00e9s, la caridad y el sacrificio son irreductibles a la econom\u00eda de la naturaleza, dijo Caso, y desbanc\u00f3 toda la construcci\u00f3n te\u00f3rica de Augusto Comte al servicio de los \u201ccient\u00edficos\u201d del porfiriato.<\/p>\n<p>Como se observa, ning\u00fan planteamiento estridente, ni revolucionario ortodoxo, tampoco un llamado a las armas, sino un an\u00e1lisis serio y paciente, salido de las clases medias, absorbido por toda la clase pensante de principios del siglo XX, hizo posible que se recogiera el planteamiento en una de las frases del art\u00edculo 27 de la nueva Constituci\u00f3n, gracias al empuje revolucionario de los constituyentes obregonistas: \u201cLa naci\u00f3n tendr\u00e1 en todo tiempo el derecho de imponer a la propiedad privada las modalidades que dicte el inter\u00e9s p\u00fablico, as\u00ed como el de regular el aprovechamiento de los elementos naturales susceptibles de apropiaci\u00f3n para hacer una distribuci\u00f3n equitativa de la riqueza p\u00fablica y cuidar de su conservaci\u00f3n\u201d. Nada m\u00e1s. Desde entonces ah\u00ed est\u00e1 la f\u00f3rmula secreta. Pero duerme el sue\u00f1o de los justos.<\/p>\n<p>Porfirio D\u00edaz no hab\u00eda encontrado dificultad para conciliar los intereses de los grandes hacendados, \u00a0de la Iglesia, la casta militar, los burgueses y los profesionales de las clases medias. Entre ellos distribuy\u00f3 privilegios, concesiones, prebendas, protecci\u00f3n, puestos p\u00fablicos y toda una serie de canonj\u00edas sin cuento.<\/p>\n<p>A cambio de todo eso, s\u00f3lo exig\u00eda sumisi\u00f3n a su autoridad paternal. Si alg\u00fan miembro de esas clases o del pueblo raso se rebelaba contra esa sumisi\u00f3n era castigado severamente \u200eo eliminado, como ocurr\u00eda a menudo, sobre todo trat\u00e1ndose del pueblo llano.<\/p>\n<p>El pueblo no entraba en esa conciliaci\u00f3n de clases, pero la soportaba, es decir, se hac\u00eda a su costa y cargo, ya que el auge y la prosperidad nacionales de las que tanto se enorgullec\u00edan D\u00edaz y sus partidarios no eran m\u00e1s que transitorios y artificiales, pues era imposible que se explotara al pueblo a perpetuidad extrayendo riquezas de su trabajo; en la miseria no se puede fundar ning\u00fan proyecto perdurable.<\/p>\n<p>El pueblo s\u00f3lo constitu\u00eda el mercado, el elemento que deb\u00eda absorber los productos agr\u00edcolas, manufactureros e industriales, pero dentro del c\u00edrculo de un mercado exhausto, sin alg\u00fan poder adquisitivo, que no pod\u00eda soportar todo el peso de un proceso de industrializaci\u00f3n, menos de un sistema feudal agr\u00edcola.<\/p>\n<p>Por ello, el capital circulante, por el que hab\u00edan luchado tanto los liberales de la Reforma no aparec\u00eda por ning\u00fan lado. La propiedad agr\u00edcola, casi la \u00fanica riqueza existente, estaba nuevamente en manos muertas. Para iniciar la industrializaci\u00f3n, el desarrollo de la banca y la explotaci\u00f3n de los recursos naturales, se tuvo que acudir a los empr\u00e9stitos del extranjero.<\/p>\n<p>Y frente a la influencia econ\u00f3mica del Norte, Porfirio D\u00edaz intent\u00f3 un equilibrio, dando entrada al capital europeo. El resultado no fue balancearlos, sino el que nuestra propia burgues\u00eda, por el hecho de que no dispon\u00eda de capital propio, acab\u00f3 constituy\u00e9ndose en ap\u00e9ndice de la burgues\u00eda internacional, de la cual algunos de los m\u00e1s importantes fruncionarios recib\u00edan jugosos sueldos por desempe\u00f1ar el papel de agentes, vulgo\u00a0<em>coyotes<\/em>.<\/p>\n<p>En uno de los editoriales m\u00e1s l\u00facidos del manifiesto del Partido Liberal, Ricardo Flores Mag\u00f3n apunta: \u00bfC\u00f3mo no ha de ser raqu\u00edtica la producci\u00f3n donde el consumo es peque\u00f1o? \u00bfQu\u00e9 impulso han de recibir las industrias donde sus productos s\u00f3lo encuentran un reducido n\u00famero de compradores, porque la mayor\u00eda de la poblaci\u00f3n se compone de hambrientos?<\/p>\n<p>Alentado por el canto de las sirenas del grupo \u201ccient\u00edfico\u201d, el dictador continuaba masacrando a sus adversarios. Manuel Romero Rubio los enterraba en el pante\u00f3n de San Fernando y oficiaba Francisco Bulnes, reclamando brillantes y macabras oraciones f\u00fanebres.<\/p>\n<p>A cien a\u00f1os de esos acontecimientos es riesgoso que todo siga igual. El mercado interno, inexistente, fugas monstruosas de capitales al exterior, endeudamiento insoportable, 3 millones de migrantes deportados, estrangulaciones diarias de circulante monetario, el entreguismo total a los intereses yanquis&#8230;<\/p>\n<p>&#8230; la falta absoluta de empleo, el abandono del campo nuevamente en manos muertas, la elevaci\u00f3n de los impuestos, una estanflaci\u00f3n escalofriante, la carest\u00eda, la ausencia de alimentos, mientras la Iglesia y los capitostes se ponen en pie de guerra para defender sus propios intereses, son signos alarmantes que no pueden pasarse por alto.<\/p>\n<p>Casi se concluye que los verdaderos neoliberales fueron los cient\u00edficos positivistas del porfiriato, los que hoy se llaman as\u00ed, neoliberales, son unos badulaques ab\u00falicos e ignorantes. Un pueblo nunca ser\u00e1 m\u00e1s que su historia pol\u00edtica. Urge hacer algo en lo que resta del d\u00eda, antes de que el destino arrase de nuevo con la patria.<\/p>\n<p>La f\u00f3rmula secreta sigue estando ah\u00ed, en el derecho irrenunciable del pueblo a imponer a la propiedad privada las modalidades que dicte la opini\u00f3n p\u00fablica. No se trata de expropiaciones, de hachas de guerra, de actos estridentes, de\u00a0<em>masiosares<\/em>\u00a0o llamados a las armas. Se trata en la mejor tradici\u00f3n de la pol\u00edtica de aplicar eso, las modalidades a la propiedad privada, nacional o extranjera. Modalidades. Las que se requieran, en el grado y la proporci\u00f3n que el modelo indique.<\/p>\n<p>Pero la gente en la calle se pregunta si los funcionarios sabr\u00e1n lo que es eso, a pesar de que tiene cien a\u00f1os que existe. \u00bfC\u00f3mo van a pensar en imponer modalidades a la propiedad privada quienes se han sometido a los caprichos de los mandarines anaranjados, quienes han negociado complicidades con el narcotr\u00e1fico, quienes rinden culto a los due\u00f1os del dinero?<\/p>\n<p>No pueden pensar en eso quienes est\u00e1n atenidos a que al dejar el poder deber\u00e1n ser contratados por los due\u00f1os de las firmas energ\u00e9ticas, de infraestructura, comerciales e industriales del exterior a quienes han colmado de privilegios durante seis a\u00f1os en el pandero. Creen que si han lamido esa coyunda, del mismo cuero tendr\u00e1n que salir las correas.<\/p>\n<p>Han deturpado a todo un pueblo someti\u00e9ndolo a un juicio execrable de \u201cnarco estado fallido\u201d. Si nadie quiere insistir en ese tema, sus razones deber\u00e1 tener, todas ellas de antemano da\u00f1inas y peligrosas para el pueblo y la memoria mexicana. Que con su pan se lo coman.<\/p>\n<p>Ning\u00fan mexicano con dos dedos de frente debe pasar por alto esa afrenta que revela las actitudes de un pu\u00f1o de descastados, y que constituye un insulto en grado extremo contra la diplomacia, la pol\u00edtica y la dignidad de los mexicanos bien nacidos.<\/p>\n<p>La f\u00f3rmula secreta del 27 constitucional seguir\u00e1 existiendo y se\u00f1alando la falta de arrojo y decoro que ellos tienen para con el pa\u00eds. \u00bfUsted qu\u00e9 har\u00eda?.<\/p>\n<p><strong><em>\u00cdndice Flam\u00edgero<\/em><\/strong>: \u201cSuiza ofreci\u00f3 a M\u00e9xico enviar un grupo de ings. para apoyar en la detecci\u00f3n de edificios da\u00f1ados. M\u00e9xico declin\u00f3 agradeciendo la oferta.\u00a0#FuerzaMexico\u201d, dec\u00eda un tweet de la embajada de la antigua Helvetia, un d\u00eda despu\u00e9s del terremoto. Horas despu\u00e9s el gobierno recul\u00f3 y s\u00ed acept\u00f3 la generosa oferta del gobierno de Doris Leuthard. Caracter\u00edstico de quienes creen que todo lo pueden solos. O que el pastel nada m\u00e1s es de ellos. + + +\u00a0<em>Contrario sensu<\/em>, el jefe de gobierno de la CDMX, Miguel \u00c1ngel Mancera, inform\u00f3 que la capital nacional ha recibido el apoyo internacional de equipos de b\u00fasqueda y rescate urbano de pa\u00edses como Israel, El Salvador, Panam\u00e1 y Espa\u00f1a, y de la ciudad de Los \u00c1ngeles, California. Un total de 75 elementos del ej\u00e9rcito de Israel, entre ingenieros, especialistas en rescate, personal m\u00e9dico y t\u00e9cnico, arribaron el mi\u00e9rcoles y desde ayer se encuentran trabajando en \u00c1lvaro Obreg\u00f3n 286, en la colonia Roma. Tambi\u00e9n a primera hora de ayer llegaron los primeros siete integrantes de una comitiva de 52 personas de la Unidad Militar de Emergencias de Espa\u00f1a, quienes se presentaron en las instalaciones del Centro de Comando, Control, C\u00f3mputo, Comunicaciones y Contacto Ciudadano (C5) para recibir indicaciones a fin de sumarse a las labores de rescate. El resto del equipo lleg\u00f3 en el transcurso del d\u00eda. La embajadora de Estados Unidos en M\u00e9xico, Roberta Jacobson, se\u00f1al\u00f3 que un equipo de expertos y toneladas de equipamiento de Los \u00c1ngeles, California, aterriz\u00f3 en la CDMX. Hasta el momento, la ayuda internacional que estar\u00e1 en la capital del pa\u00eds es de: El Salvador, 25 personas; Panam\u00e1, 322; Israel, 75; EU, 60; Jap\u00f3n, 72; Honduras, 39; Colombia, 42; Guatemala, 49, y Espa\u00f1a, 52. Se espera tambi\u00e9n el apoyo de Sud\u00e1frica, Ecuador y Per\u00fa. + + + \u201cOaxaca 2006-CDMX 2017\u201d, titula a su comentario don Rub\u00e9n M\u00fajica V\u00e9lez: \u201cAnte la insensibilidad p\u00e9trea del PRI-PAN y partidos \u2018morralla\u2019, y ante la suntuosa cena de los cena-dores pri\u00edstas, mientras centenares de seres humanos yac\u00edan aplastados por el concreto, evocamos que ac\u00e1 ante la sevicia del criminal Ulises\u00a0<em>Ruiz<\/em>, el grito popular fue \u2018\u00a1nos vemos en el 2010!\u2019. La \u2018venganza\u2019 popular se cumpli\u00f3, llevando al gobierno al aborto Cu\u00e9. Ni modo. Pero ahora en la CDMX escuchamos \u2018\u00a1Nos vemos en el 2018!\u2019 Humanidad en AMLO, desd\u00e9n en los bur\u00f3cratas corruptos federales y estatales de ahora. \u00bfPor qui\u00e9n doblan las campanas?\u201d + + + Faltan 435 d\u00edas para que termine este sexenio. + + + ATENTO AVISO: \u00cdndice Pol\u00edtico\u00a0dejar\u00e1 de publicarse la pr\u00f3xima semana. Con su venia, nos reencontraremos aqu\u00ed el lunes 2 de octubre. Gracias.<\/p>\n<p><em><a href=\"http:\/\/www.indicepolitico.com\/\" target=\"_blank\" rel=\"noopener noreferrer\">www.indicepolitico.com<\/a><\/em><br \/>\n<em><a href=\"mailto:pacorodriguez@journalist.com\" target=\"_blank\" rel=\"noopener noreferrer\">pacorodriguez@journalist.com<\/a><\/em><br \/>\n<em><a href=\"https:\/\/twitter.com\/pacorodriguez\" target=\"_blank\" rel=\"noopener noreferrer\">@pacorodriguez<\/a><\/em><\/p>\n","protected":false},"excerpt":{"rendered":"<p><span style=\"color: #005497;\"><strong>Francisco Rodr\u00edguez<\/strong><\/span><br \/>\n<br \/>\nA veces, la independencia, aunque est\u00e9 tan lejos de los ambientes y de las voluntades de los que mandan, es un motivo para repensar en una visi\u00f3n de Estado saludable, recia, social y popular.<\/p>\n","protected":false},"author":3,"featured_media":345322,"comment_status":"open","ping_status":"open","sticky":false,"template":"","format":"standard","meta":{"_monsterinsights_skip_tracking":false,"_monsterinsights_sitenote_active":false,"_monsterinsights_sitenote_note":"","_monsterinsights_sitenote_category":0,"footnotes":""},"categories":[549],"tags":[43689,550,43674],"class_list":["post-345230","post","type-post","status-publish","format-standard","has-post-thumbnail","hentry","category-francisco-rodriguez","tag-francisco-rodriguez","tag-indice-politico","tag-opinion"],"_links":{"self":[{"href":"https:\/\/www.diarioimagen.net\/index.php?rest_route=\/wp\/v2\/posts\/345230","targetHints":{"allow":["GET"]}}],"collection":[{"href":"https:\/\/www.diarioimagen.net\/index.php?rest_route=\/wp\/v2\/posts"}],"about":[{"href":"https:\/\/www.diarioimagen.net\/index.php?rest_route=\/wp\/v2\/types\/post"}],"author":[{"embeddable":true,"href":"https:\/\/www.diarioimagen.net\/index.php?rest_route=\/wp\/v2\/users\/3"}],"replies":[{"embeddable":true,"href":"https:\/\/www.diarioimagen.net\/index.php?rest_route=%2Fwp%2Fv2%2Fcomments&post=345230"}],"version-history":[{"count":0,"href":"https:\/\/www.diarioimagen.net\/index.php?rest_route=\/wp\/v2\/posts\/345230\/revisions"}],"wp:featuredmedia":[{"embeddable":true,"href":"https:\/\/www.diarioimagen.net\/index.php?rest_route=\/wp\/v2\/media\/345322"}],"wp:attachment":[{"href":"https:\/\/www.diarioimagen.net\/index.php?rest_route=%2Fwp%2Fv2%2Fmedia&parent=345230"}],"wp:term":[{"taxonomy":"category","embeddable":true,"href":"https:\/\/www.diarioimagen.net\/index.php?rest_route=%2Fwp%2Fv2%2Fcategories&post=345230"},{"taxonomy":"post_tag","embeddable":true,"href":"https:\/\/www.diarioimagen.net\/index.php?rest_route=%2Fwp%2Fv2%2Ftags&post=345230"}],"curies":[{"name":"wp","href":"https:\/\/api.w.org\/{rel}","templated":true}]}}