{"id":345338,"date":"2017-09-25T00:11:17","date_gmt":"2017-09-25T05:11:17","guid":{"rendered":"http:\/\/www.diarioimagen.net\/?p=345338"},"modified":"2017-09-25T08:37:32","modified_gmt":"2017-09-25T13:37:32","slug":"apoyo-permanente-en-municipios-afectados-por-el-sismo-alfredo-del-mazo","status":"publish","type":"post","link":"https:\/\/www.diarioimagen.net\/?p=345338","title":{"rendered":"Apoyo permanente en municipios afectados por sismo en\u2008Edomex"},"content":{"rendered":"<ul>\n<li><em><strong>Instalan centros de distribuci\u00f3n de v\u00edveres<\/strong><\/em><\/li>\n<\/ul>\n<p>&nbsp;<\/p>\n<div id=\"attachment_345339\" style=\"width: 470px\" class=\"wp-caption aligncenter\"><img loading=\"lazy\" decoding=\"async\" aria-describedby=\"caption-attachment-345339\" class=\"size-large wp-image-345339\" src=\"http:\/\/www.diarioimagen.net\/wp-content\/uploads\/2017\/09\/DEL-MAZO25-portal-460x268.jpg\" alt=\"\" width=\"460\" height=\"268\" srcset=\"https:\/\/www.diarioimagen.net\/wp-content\/uploads\/2017\/09\/DEL-MAZO25-portal-460x268.jpg 460w, https:\/\/www.diarioimagen.net\/wp-content\/uploads\/2017\/09\/DEL-MAZO25-portal-240x140.jpg 240w, https:\/\/www.diarioimagen.net\/wp-content\/uploads\/2017\/09\/DEL-MAZO25-portal.jpg 480w\" sizes=\"auto, (max-width: 460px) 100vw, 460px\" \/><p id=\"caption-attachment-345339\" class=\"wp-caption-text\">Alfredo Del Mazo Maza manifest\u00f3 que ya comenzaron los trabajos de limpieza de escombros de los espacios y casas da\u00f1adas.<\/p><\/div>\n<p>&nbsp;<\/p>\n<p><strong>Villa Guerrero, Estado de M\u00e9xico<\/strong>.- Durante un recorrido por el sur del Estado de M\u00e9xico, en las zonas afectadas de Villa Guerrero y Zumpahuac\u00e1n, el gobernador Alfredo Del Mazo Maza reiter\u00f3 el apoyo del gobierno del Estado de M\u00e9xico a todos los municipios y, en particular, a las familias mexiquenses cuyas viviendas fueron afectadas por el sismo del 19 de septiembre.<\/p>\n<p>Asimismo, el mandatario mexiquense indic\u00f3 que se instalar\u00e1n centros de distribuci\u00f3n de v\u00edveres en estas dos demarcaciones, por lo que visit\u00f3 viviendas de la cabecera municipal de Villa Guerrero, as\u00ed como la escuela primaria \u201cAlfredo Del Mazo\u201d da\u00f1adas por el temblor.<\/p>\n<p>En Zumpahuac\u00e1n, tambi\u00e9n acudi\u00f3 con familias, cuyas casas resultaron afectadas, a quienes les asegur\u00f3 que ser\u00e1n apoyadas para recuperar su hogar lo m\u00e1s pronto posible; tambi\u00e9n exhort\u00f3 a las personas a evitar ingresar en inmuebles que tienen da\u00f1os estructurales e invit\u00f3 a la poblaci\u00f3n a acercarse con las autoridades para que sus solicitudes relacionadas con este hecho, sean resueltas.<\/p>\n<p>Por otra parte, Del Mazo Maza manifest\u00f3 que ya comenzaron los trabajos de limpieza de escombros de los espacios y casas da\u00f1adas, e hizo un llamado para que juntos gobierno, sociedad civil y ciudadan\u00eda trabajen en esta tarea.<\/p>\n","protected":false},"excerpt":{"rendered":"<p>Durante un recorrido por el sur del Estado de M\u00e9xico, en las zonas afectadas de Villa Guerrero y Zumpahuac\u00e1n, el gobernador Alfredo Del Mazo Maza reiter\u00f3 el apoyo del gobierno del Estado de M\u00e9xico a todos<\/p>\n","protected":false},"author":5,"featured_media":345339,"comment_status":"open","ping_status":"open","sticky":false,"template":"","format":"standard","meta":{"_monsterinsights_skip_tracking":false,"_monsterinsights_sitenote_active":false,"_monsterinsights_sitenote_note":"","_monsterinsights_sitenote_category":0,"footnotes":""},"categories":[5],"tags":[1965,43675,65777,65778,677,18043,14859,4112],"class_list":["post-345338","post","type-post","status-publish","format-standard","has-post-thumbnail","hentry","category-estado-de-mexico","tag-afectados","tag-estado-de-mexico","tag-municipios-afectados","tag-nacional-de-antropologia-e-historia","tag-sismo","tag-sismos","tag-tenancingo","tag-villa-guerrero"],"_links":{"self":[{"href":"https:\/\/www.diarioimagen.net\/index.php?rest_route=\/wp\/v2\/posts\/345338","targetHints":{"allow":["GET"]}}],"collection":[{"href":"https:\/\/www.diarioimagen.net\/index.php?rest_route=\/wp\/v2\/posts"}],"about":[{"href":"https:\/\/www.diarioimagen.net\/index.php?rest_route=\/wp\/v2\/types\/post"}],"author":[{"embeddable":true,"href":"https:\/\/www.diarioimagen.net\/index.php?rest_route=\/wp\/v2\/users\/5"}],"replies":[{"embeddable":true,"href":"https:\/\/www.diarioimagen.net\/index.php?rest_route=%2Fwp%2Fv2%2Fcomments&post=345338"}],"version-history":[{"count":0,"href":"https:\/\/www.diarioimagen.net\/index.php?rest_route=\/wp\/v2\/posts\/345338\/revisions"}],"wp:featuredmedia":[{"embeddable":true,"href":"https:\/\/www.diarioimagen.net\/index.php?rest_route=\/wp\/v2\/media\/345339"}],"wp:attachment":[{"href":"https:\/\/www.diarioimagen.net\/index.php?rest_route=%2Fwp%2Fv2%2Fmedia&parent=345338"}],"wp:term":[{"taxonomy":"category","embeddable":true,"href":"https:\/\/www.diarioimagen.net\/index.php?rest_route=%2Fwp%2Fv2%2Fcategories&post=345338"},{"taxonomy":"post_tag","embeddable":true,"href":"https:\/\/www.diarioimagen.net\/index.php?rest_route=%2Fwp%2Fv2%2Ftags&post=345338"}],"curies":[{"name":"wp","href":"https:\/\/api.w.org\/{rel}","templated":true}]}}