{"id":345407,"date":"2017-09-25T00:00:22","date_gmt":"2017-09-25T05:00:22","guid":{"rendered":"http:\/\/www.diarioimagen.net\/?p=345407"},"modified":"2017-09-25T02:12:24","modified_gmt":"2017-09-25T07:12:24","slug":"frida-sofia-o-el-derecho-a-la-verdad","status":"publish","type":"post","link":"https:\/\/www.diarioimagen.net\/?p=345407","title":{"rendered":"\u201cFrida Sof\u00eda\u201d o el derecho a la verdad"},"content":{"rendered":"<h5>Fernando Garcilita Herrera<\/h5>\n<p>&nbsp;<\/p>\n<p>De los rescates m\u00e1s comentados en los \u00faltimos d\u00edas del terremoto que azot\u00f3 a la Ciudad de M\u00e9xico, el m\u00e1s sonado fue el de una ni\u00f1a, que se dijo hab\u00eda sido localizada entre los escombros del Colegio R\u00e9bsamen. Primero, la Secretar\u00eda de Marina dijo que hab\u00edan escuchado a una ni\u00f1a que dijo su nombre, que luego movi\u00f3 los dedos y despu\u00e9s, incluso, metieron una manguera para que la ni\u00f1a tomara agua. Despu\u00e9s, en la noche, se dijo que esa informaci\u00f3n era falsa.<\/p>\n<p>Lo que sucedi\u00f3 despu\u00e9s, usted ya lo sabe, la sociedad civil desde las redes sociales descarg\u00f3 su ira por sentirse enga\u00f1ada y por saber que la presencia de los principales mandos de la Marina, estaban en ese colegio, enfocando sus esfuerzos y la tecnolog\u00eda de la que dispon\u00edan, para encontrar a una ni\u00f1a, que no exist\u00eda, dejando de lado el llamado de otros lugares, donde se necesitaba su presencia.<\/p>\n<p>Es entendible que la informaci\u00f3n no fluya en momentos de crisis, como la de este tipo, pero lo que no se vale es la desinformaci\u00f3n o la capacidad de aseverar que algo es cierto, para que luego te digan que es mentira.<\/p>\n<p>Detr\u00e1s de esto, opera algo mucho m\u00e1s profundo en la mente de todos los mexicanos, pues decir que \u201cFrida Sof\u00eda\u201d no existe, equivale al t\u00edpico \u201custed disculpe\u201d, cuando la polic\u00eda acusa a un inocente que condenan, para luego decirle que se equivocaron, decir que \u201cFrida Sof\u00eda\u201d no existe, equivale a decir que no se pudo hacer nada para defender nuestra econom\u00eda, pues no est\u00e1 en las manos del gobierno, decir que \u201cFrida Sof\u00eda\u201d no existe, equivale a todas las promesas de campa\u00f1a que se le han hecho al pueblo de M\u00e9xico, para luego decir que no se pudieron lograr.<\/p>\n<p>Vamos a analizar de donde viene esto, M\u00e9xico y su flujo de informaci\u00f3n, ha dependido por m\u00e1s de setenta a\u00f1os a una sola forma de gobierno, apenas y tocamos la libertad de expresi\u00f3n con la alternancia pol\u00edtica que se dio en el a\u00f1o 2000, pero la verdadera democratizaci\u00f3n de los medios se dio hace no m\u00e1s de diez a\u00f1os con la llegada de las redes sociales.<\/p>\n<p>Ahora, en los tiempos de <em>Twitter<\/em> y de <em>Facebook<\/em>, basta que el gobierno diga algo para que alguien que est\u00e9 con un celular, en el lugar de los hechos, suba una foto para desmentirlos.<\/p>\n<p>El reclamo sobre \u201cFrida Sof\u00eda\u201d viene de una larga tradici\u00f3n de enga\u00f1os y abusos, que han hecho que la gente no pueda lograr confiar en su gobierno, y en un momento as\u00ed, cuando nos hicimos uno, que el gobierno de nuevo, sin tener informaci\u00f3n veraz, nos diga algo que no es cierto, parece el colmo.<\/p>\n<p>Lo que es cierto, es que despu\u00e9s de los acontecimientos de estos d\u00edas, el gobierno debe tener mucho cuidado en la forma de operar, pues la sociedad civil ha dado m\u00e1s resultados de organizaci\u00f3n y de comunicaci\u00f3n, que ellos. Se pidi\u00f3 en redes sociales que no se divulgara informaci\u00f3n falsa y que toda informaci\u00f3n que dieran los ciudadanos, se subiera con el lugar donde se encontraba qui\u00e9n lo escrib\u00eda y la hora, como candados de veracidad y la gente lo hizo.<\/p>\n<p>Es admirable, lo que se ha logrado y nos queda esperar que esta uni\u00f3n civil, siga por mucho tiempo, pues va a cambiar la forma en la que las autoridades se comunican, en la forma en la que se organizan y trabajan.<\/p>\n<p>Fue la gente qui\u00e9n logr\u00f3 que los partidos pol\u00edticos, rompieran el silencio y salieran a decir que van a dar lo que se destin\u00f3 a sus campa\u00f1as, para todos los afectados, eso s\u00ed, cada uno a su modo, pero la gente, los arrincon\u00f3 a que ahora s\u00ed, trabajen para nosotros.<\/p>\n<p>As\u00ed como estamos tomando las ciudades afectadas, las colonias destruidas, vamos a tomar nuestro derecho a la informaci\u00f3n y el derecho a la verdad, que debe ser el cimiento de toda sociedad.<\/p>\n<p><a href=\"https:\/\/mobile.twitter.com\/fergarcilita\" target=\"_blank\" rel=\"noopener\"><em>@fergarcilita<\/em><\/a><\/p>\n","protected":false},"excerpt":{"rendered":"<p><span style=\"color: #005497;\"><strong>Fernando Garcilita Herrera<\/strong><\/span><\/p>\n","protected":false},"author":3,"featured_media":0,"comment_status":"open","ping_status":"open","sticky":false,"template":"","format":"standard","meta":{"_monsterinsights_skip_tracking":false,"_monsterinsights_sitenote_active":false,"_monsterinsights_sitenote_note":"","_monsterinsights_sitenote_category":0,"footnotes":""},"categories":[65772],"tags":[222,43674],"class_list":["post-345407","post","type-post","status-publish","format-standard","hentry","category-fernando-garcilita-herrera","tag-fernando-garcilita-herrera","tag-opinion"],"_links":{"self":[{"href":"https:\/\/www.diarioimagen.net\/index.php?rest_route=\/wp\/v2\/posts\/345407","targetHints":{"allow":["GET"]}}],"collection":[{"href":"https:\/\/www.diarioimagen.net\/index.php?rest_route=\/wp\/v2\/posts"}],"about":[{"href":"https:\/\/www.diarioimagen.net\/index.php?rest_route=\/wp\/v2\/types\/post"}],"author":[{"embeddable":true,"href":"https:\/\/www.diarioimagen.net\/index.php?rest_route=\/wp\/v2\/users\/3"}],"replies":[{"embeddable":true,"href":"https:\/\/www.diarioimagen.net\/index.php?rest_route=%2Fwp%2Fv2%2Fcomments&post=345407"}],"version-history":[{"count":0,"href":"https:\/\/www.diarioimagen.net\/index.php?rest_route=\/wp\/v2\/posts\/345407\/revisions"}],"wp:attachment":[{"href":"https:\/\/www.diarioimagen.net\/index.php?rest_route=%2Fwp%2Fv2%2Fmedia&parent=345407"}],"wp:term":[{"taxonomy":"category","embeddable":true,"href":"https:\/\/www.diarioimagen.net\/index.php?rest_route=%2Fwp%2Fv2%2Fcategories&post=345407"},{"taxonomy":"post_tag","embeddable":true,"href":"https:\/\/www.diarioimagen.net\/index.php?rest_route=%2Fwp%2Fv2%2Ftags&post=345407"}],"curies":[{"name":"wp","href":"https:\/\/api.w.org\/{rel}","templated":true}]}}