{"id":345409,"date":"2017-09-25T00:01:42","date_gmt":"2017-09-25T05:01:42","guid":{"rendered":"http:\/\/www.diarioimagen.net\/?p=345409"},"modified":"2017-09-25T02:14:33","modified_gmt":"2017-09-25T07:14:33","slug":"el-dolor-de-empezar-a-olvidar","status":"publish","type":"post","link":"https:\/\/www.diarioimagen.net\/?p=345409","title":{"rendered":"El dolor de empezar a olvidar"},"content":{"rendered":"<h5>Edgar G\u00f3mez<\/h5>\n<p>&nbsp;<\/p>\n<p>La Ciudad de M\u00e9xico, una urbe que ve pasar los d\u00edas en compa\u00f1\u00eda de los m\u00e1s de 20 millones de habitantes que comparten este suelo, ya sea con su residencia, su trabajo, su historia o su recreaci\u00f3n. Esta ciudad que ha visto pasar grandes cat\u00e1strofes: terremotos, inundaciones, explosiones, impactos de aviones, epidemias (influenza). Ciudad que siempre es un atractivo para los mexicanos y los turistas extranjeros. Ahora, en el despertar de la nueva tragedia, el segundo 19S &#8211; 19 de septiembre-, \u00a1Maldito 19 de septiembre! el nubarr\u00f3n que envolvi\u00f3 a la ciudad, el del cielo y el de nuestras conciencias, se fue disipando. Como se disipan las muertes de los seres queridos con el paso del tiempo. Sin embargo, a seis d\u00edas de este nuevo evento, tenemos el dolor del olvido. El empezar a sentir que llevamos poco menos de una semana como hermandad, que encontramos a una generaci\u00f3n perdida entre los escombros de la indiferencia social, \u00ablos conocidos millenians\u201d, que nos pudimos desprender por un momento de la, artificialmente construida, propiedad privada y generamos una propiedad comunitaria, donde las calles eran de todos, donde nuestras casas eran de todos y, por ahora, no era s\u00f3lo una cortes\u00eda, sino una forma de hacernos sentir suyos y sentir el dolor de todos como el propio.<\/p>\n<p>As\u00ed, ahora, pasar\u00e1n las horas y las calles volver\u00e1n a llenarse en esta gran urbe, con la gente, con su ruido, con la melancol\u00eda que envuelve al antiguo imperio mexica y ahora trata de hacerse recordar a trav\u00e9s de su gente. Y el pensar que todo tomar\u00e1 su cauce empieza a doler, porque todav\u00eda tenemos personas con esperanza de encontrar una voz m\u00e1s de entre los escombros, porque ven en los israelitas, en los chilenos, en los colombianos, en los espa\u00f1oles, en los bomberos de California y en los miles de voluntarios, \u00e1ngeles tratando de dar un viento de vida que permita encontrar a los que nos faltan. Porque no queremos dejar de ser mexicanos, porque queremos cobijar con nuestras manos a los que sufren. Porque no queremos regresar a la realidad de una pa\u00eds desmoron\u00e1ndose por un estado de Derecho endeble. Porque no queremos sentirnos solos, por el contrario, queremos sentir un gran M\u00e9xico. Fuerte, valiente y \u00fanico a la visto de los dem\u00e1s y principalmente a la nuestra.<\/p>\n<p>Pero no. El tiempo pasar\u00e1 y erosionar\u00e1 la comunidad. Porque dif\u00edcilmente una ciudad tan vasta como la Ciudad de M\u00e9xico puede parar nuevamente el reloj de las agendas de profesionistas, obreros, amas de casa, estudiantes y maestros para detenerse a reflexionar en el dolor de los dem\u00e1s. Ah\u00ed vamos al olvido, al miedo individual, a protegernos ante la amenaza diaria. A sentir nostalgia por el ayer unidos. Y las l\u00e1grimas de cada uno de los ciudadanos se quedar\u00e1n en nosotros mismos. S\u00f3lo resurgir\u00e1n generaciones con sus labios plagados de \u201cyo vi\u2026\u201d, \u201cyo hice\u2026\u201d, \u201cyo sent\u00ed\u2026\u201d y de ah\u00ed vendr\u00e1 el mito que genera el sentimiento individual recordado el cual d\u00eda a d\u00eda se alejar\u00e1 cada vez m\u00e1s del sentimiento colectivo que hasta hoy compartimos.<\/p>\n<p>Tenemos un camino amplio como sociedad para hacer que este nuevo 19S deje algo distinto en nuestra historia. Algo que permita a nuestros h\u00e9roes, acaecidos en la batalla contra la naturaleza, ser reconocidos por cada uno de nosotros. Encontrar a los culpables de las muertes que pudieron evitarse (desarrolladores y servidores p\u00fablicos) y hacer sentir a la sociedad que todav\u00eda hay un resquicio de justicia en este pa\u00eds, no dejar de manifestar nuestro encono ante los gobiernos y los medios de comunicaci\u00f3n por su estructura mental y f\u00edsica, tan anacr\u00f3nica. Tanto por la cobertura de la desgracia como por la desinformaci\u00f3n, en un momento generacional donde la informaci\u00f3n corre con naturalidad de lado a lado de las ciudades del mundo.<\/p>\n<p>Nuevamente, con la losa de la rutina en hombros empezar\u00e1 una semana m\u00e1s, una semana que doler\u00e1. Porque la mano y el hombre tan cerca de nuestros hermanos se alejar\u00e1 y nuestra identidad de mexicano se quedar\u00e1 a esperar un 15 de septiembre m\u00e1s. Porque la igualdad de g\u00e9nero al cargar cubetas llenas de escombro, coordinar el tr\u00e1nsito, atender a enfermos, nuevamente volver\u00e1 a sufrir la batalla que ven\u00eda desarrollando.<\/p>\n<p>Ahora, al empezarse a disolver las nubes de la desventura, nos encontraremos de frente con el cielo nocturno de la corrupci\u00f3n, del crimen organizado, del poder de la far\u00e1ndula, de los ambientes pol\u00edticos \u201cenrarecidos\u201d, de las campa\u00f1as medi\u00e1ticas-pol\u00edticas y de la desigualdad social. Y como los familiares y amigos empiezan a alejarse de los seres queridos cuando fallecen, as\u00ed nosotros, ciudadanos, nos empezaremos a alejarnos del dolor para agendar citas, levantar pedidos, preparar vacaciones, hacer tareas, continuar con nuestros planes y aspiraciones personales. As\u00ed como los pueblos han tratado de olvidar el holocausto, los bombardeos, los ataques terroristas, as\u00ed nuestra querida Ciudad de M\u00e9xico tratar\u00e1 de borrar el recuerdo, el miedo. Sin embargo, en este proceso doloroso de empezar a olvidar tenemos que dejar algo en claro, dejaremos una veladora de esperanza para hacer sentir que algo tenemos en com\u00fan; el amor a esta tierra, el sentir que la sangre tambi\u00e9n corre por el viento de la ciudad. Porque Mario Benedetti desde el sur nos inspir\u00f3 a decir\u2026 \u201cy en la calle codo a codo somos mucho m\u00e1s que dos\u2026\u201d.<\/p>\n<p><em>Con dolor y cari\u00f1o para la familia Lance y la comunidad de la Universidad La Salle<\/em>.<\/p>\n<p><a href=\"mailto:edgargomez_cide@yahoo.com.mx\"><em>edgargomez_cide@yahoo.com.mx<\/em><\/a><\/p>\n","protected":false},"excerpt":{"rendered":"<p><span style=\"color: #005497;\"><strong>Edgar G\u00f3mez<\/strong><\/span><\/p>\n","protected":false},"author":3,"featured_media":0,"comment_status":"open","ping_status":"open","sticky":false,"template":"","format":"standard","meta":{"_monsterinsights_skip_tracking":false,"_monsterinsights_sitenote_active":false,"_monsterinsights_sitenote_note":"","_monsterinsights_sitenote_category":0,"footnotes":""},"categories":[3819],"tags":[43696,43674],"class_list":["post-345409","post","type-post","status-publish","format-standard","hentry","category-edgar-gomez-flores","tag-edgar-gomez","tag-opinion"],"_links":{"self":[{"href":"https:\/\/www.diarioimagen.net\/index.php?rest_route=\/wp\/v2\/posts\/345409","targetHints":{"allow":["GET"]}}],"collection":[{"href":"https:\/\/www.diarioimagen.net\/index.php?rest_route=\/wp\/v2\/posts"}],"about":[{"href":"https:\/\/www.diarioimagen.net\/index.php?rest_route=\/wp\/v2\/types\/post"}],"author":[{"embeddable":true,"href":"https:\/\/www.diarioimagen.net\/index.php?rest_route=\/wp\/v2\/users\/3"}],"replies":[{"embeddable":true,"href":"https:\/\/www.diarioimagen.net\/index.php?rest_route=%2Fwp%2Fv2%2Fcomments&post=345409"}],"version-history":[{"count":0,"href":"https:\/\/www.diarioimagen.net\/index.php?rest_route=\/wp\/v2\/posts\/345409\/revisions"}],"wp:attachment":[{"href":"https:\/\/www.diarioimagen.net\/index.php?rest_route=%2Fwp%2Fv2%2Fmedia&parent=345409"}],"wp:term":[{"taxonomy":"category","embeddable":true,"href":"https:\/\/www.diarioimagen.net\/index.php?rest_route=%2Fwp%2Fv2%2Fcategories&post=345409"},{"taxonomy":"post_tag","embeddable":true,"href":"https:\/\/www.diarioimagen.net\/index.php?rest_route=%2Fwp%2Fv2%2Ftags&post=345409"}],"curies":[{"name":"wp","href":"https:\/\/api.w.org\/{rel}","templated":true}]}}