{"id":345426,"date":"2017-09-25T00:08:34","date_gmt":"2017-09-25T05:08:34","guid":{"rendered":"http:\/\/www.diarioimagen.net\/?p=345426"},"modified":"2017-09-26T03:19:47","modified_gmt":"2017-09-26T08:19:47","slug":"sismos","status":"publish","type":"post","link":"https:\/\/www.diarioimagen.net\/?p=345426","title":{"rendered":"Sismos"},"content":{"rendered":"<h2>Detr\u00e1s del Poder<\/h2>\n<h5>Jos\u00e9 Antonio L\u00f3pez Sosa<\/h5>\n<p>&nbsp;<\/p>\n<p><strong>Barcelona, Espa\u00f1a<\/strong>.- El 19 de septiembre de 1985 ten\u00eda 8 a\u00f1os reci\u00e9n cumplidos, viv\u00edamos en la Unidad Nonoalco Tlatelolco, a 6 edificios del Nuevo Le\u00f3n, mismo que cayera durante el sismo.<\/p>\n<p>Recuerdo la histeria colectiva, el polvo del edificio Nuevo Le\u00f3n tras haberse venido abajo, los heridos en colchones y s\u00e1banas rumbo a la Cl\u00ednica 27 del IMSS que estaba sobre L\u00e1zaro C\u00e1rdenas.<\/p>\n<p>Las explosiones de gas en el s\u00f3tano de las torres Tecpan, el rostro de un amiguito de mi edad del que nunca supe despu\u00e9s, posiblemente muerto en los escombros del Nuevo Le\u00f3n.<\/p>\n<p>Tantas caras desconcertadas, tanta gente corriendo de un lado al otro mientras mi hermana y yo nos aferramos a las manos de mi madre para no perdernos entre los tumultos.<\/p>\n<p>Un d\u00eda de terror que nos marc\u00f3 a todos por el resto de nuestra vida.<\/p>\n<p>Este 19 de septiembre justo en las escaleras, llegando al piso 3 comenz\u00f3 el sismo, desde aquel lejano 1985 no sent\u00eda un estruendo tan fuerte, un sonido tan mort\u00edfero donde los crujidos parec\u00edan derribar las paredes.<\/p>\n<p>Como pude sal\u00ed, me qued\u00e9 imp\u00e1vido al pensar que mi esposa y mis hijos estaban en el piso 8 y no hab\u00eda nada que yo pudiera hacer m\u00e1s que esperar.<\/p>\n<p>Esos segundos que parecieran horas, esa impotencia de sentirnos lo que somos, tan peque\u00f1os frente a la naturaleza que parec\u00eda llena de ira sacudiendolo todo.<\/p>\n<p>Sent\u00ed miedo, mucho miedo, como nunca lo hab\u00eda experimentado ni siquiera cuando estuvieron hace a\u00f1os, a punto de lincharnos en medio de una cobertura period\u00edstica en Caracas, Venezuela.<\/p>\n<p>Somos afortunados quienes vivimos en la Ciudad de M\u00e9xico y estamos hoy con vida, cosa que debemos agradecer a diario.<\/p>\n<p>El sismo derrib\u00f3 algunos edificios, otros fueron derribados por un lado por el sismo y por otro por la impunidad, \u00bfcu\u00e1ntos de esos edificios ca\u00eddos tuvieron estudios estructurales previos?, \u00bfcu\u00e1ntos no cumplieron con revisiones y mantenimiento preventivo y correctivo?.<\/p>\n<p>El sismo del pasado 19 de septiembre, sac\u00f3 tambi\u00e9n la mejor versi\u00f3n de nuetra sociedad: una cooperativa, organizada, que no necesita al gobierno para cumplir los objetivos.<\/p>\n<p>Mucho aprendizaje nos queda en medio de la tragedia. Una de las principales lecciones: la clase pol\u00edtica no se preocupa por el pueblo, s\u00f3lo por los votos y as\u00ed lo siguen demostrando hasta la tarde de hoy.<\/p>\n<p><em><a href=\"http:\/\/www.lopezsosa.com\" target=\"_blank\" rel=\"noopener noreferrer\">www.lopezsosa.com<\/a><br \/>\n<a href=\"mailto:joseantonio@lopezsosa.com\" target=\"_blank\" rel=\"noopener noreferrer\">joseantonio@lopezsosa.com<\/a><br \/>\n<a href=\"http:\/\/twitter.com\/joseantonio1977\" target=\"_blank\" rel=\"noopener noreferrer\">@joseantonio1977<\/a><\/em><\/p>\n","protected":false},"excerpt":{"rendered":"<p><span style=\"color: #005497;\"><strong>Jos\u00e9 Antonio L\u00f3pez Sosa<\/strong><\/span><\/p>\n","protected":false},"author":3,"featured_media":0,"comment_status":"open","ping_status":"open","sticky":false,"template":"","format":"standard","meta":{"_monsterinsights_skip_tracking":false,"_monsterinsights_sitenote_active":false,"_monsterinsights_sitenote_note":"","_monsterinsights_sitenote_category":0,"footnotes":""},"categories":[637],"tags":[671,638,850,43690,43674],"class_list":["post-345426","post","type-post","status-publish","format-standard","hentry","category-jose-antonio-lopez-sosa","tag-barcelona","tag-detras-del-poder","tag-espana","tag-jose-antonio-lopez-sosa","tag-opinion"],"_links":{"self":[{"href":"https:\/\/www.diarioimagen.net\/index.php?rest_route=\/wp\/v2\/posts\/345426","targetHints":{"allow":["GET"]}}],"collection":[{"href":"https:\/\/www.diarioimagen.net\/index.php?rest_route=\/wp\/v2\/posts"}],"about":[{"href":"https:\/\/www.diarioimagen.net\/index.php?rest_route=\/wp\/v2\/types\/post"}],"author":[{"embeddable":true,"href":"https:\/\/www.diarioimagen.net\/index.php?rest_route=\/wp\/v2\/users\/3"}],"replies":[{"embeddable":true,"href":"https:\/\/www.diarioimagen.net\/index.php?rest_route=%2Fwp%2Fv2%2Fcomments&post=345426"}],"version-history":[{"count":0,"href":"https:\/\/www.diarioimagen.net\/index.php?rest_route=\/wp\/v2\/posts\/345426\/revisions"}],"wp:attachment":[{"href":"https:\/\/www.diarioimagen.net\/index.php?rest_route=%2Fwp%2Fv2%2Fmedia&parent=345426"}],"wp:term":[{"taxonomy":"category","embeddable":true,"href":"https:\/\/www.diarioimagen.net\/index.php?rest_route=%2Fwp%2Fv2%2Fcategories&post=345426"},{"taxonomy":"post_tag","embeddable":true,"href":"https:\/\/www.diarioimagen.net\/index.php?rest_route=%2Fwp%2Fv2%2Ftags&post=345426"}],"curies":[{"name":"wp","href":"https:\/\/api.w.org\/{rel}","templated":true}]}}