{"id":345432,"date":"2017-09-25T00:10:34","date_gmt":"2017-09-25T05:10:34","guid":{"rendered":"http:\/\/www.diarioimagen.net\/?p=345432"},"modified":"2017-09-25T08:25:59","modified_gmt":"2017-09-25T13:25:59","slug":"la-sucesion-en-marina","status":"publish","type":"post","link":"https:\/\/www.diarioimagen.net\/?p=345432","title":{"rendered":"La sucesi\u00f3n en Marina"},"content":{"rendered":"<h2>De frente y de perfil<\/h2>\n<h5>Ram\u00f3n Zurita Sahag\u00fan<\/h5>\n<p>&nbsp;<\/p>\n<div id=\"attachment_345462\" style=\"width: 470px\" class=\"wp-caption aligncenter\"><a href=\"http:\/\/www.diarioimagen.net\/?attachment_id=345462\" rel=\"attachment wp-att-345462\"><img loading=\"lazy\" decoding=\"async\" aria-describedby=\"caption-attachment-345462\" class=\"size-large wp-image-345462\" src=\"http:\/\/www.diarioimagen.net\/wp-content\/uploads\/2017\/09\/ZURITA-3214-460x259.jpg\" alt=\"\" width=\"460\" height=\"259\" srcset=\"https:\/\/www.diarioimagen.net\/wp-content\/uploads\/2017\/09\/ZURITA-3214-460x259.jpg 460w, https:\/\/www.diarioimagen.net\/wp-content\/uploads\/2017\/09\/ZURITA-3214-240x135.jpg 240w, https:\/\/www.diarioimagen.net\/wp-content\/uploads\/2017\/09\/ZURITA-3214-235x132.jpg 235w, https:\/\/www.diarioimagen.net\/wp-content\/uploads\/2017\/09\/ZURITA-3214-202x114.jpg 202w, https:\/\/www.diarioimagen.net\/wp-content\/uploads\/2017\/09\/ZURITA-3214-350x196.jpg 350w, https:\/\/www.diarioimagen.net\/wp-content\/uploads\/2017\/09\/ZURITA-3214-220x123.jpg 220w, https:\/\/www.diarioimagen.net\/wp-content\/uploads\/2017\/09\/ZURITA-3214-237x132.jpg 237w, https:\/\/www.diarioimagen.net\/wp-content\/uploads\/2017\/09\/ZURITA-3214.jpg 480w\" sizes=\"auto, (max-width: 460px) 100vw, 460px\" \/><\/a><p id=\"caption-attachment-345462\" class=\"wp-caption-text\">El subsecretario \u00c1ngel Enrique Sarmiento y el oficial mayorm Jos\u00e9 Luis Vergara, son dos de los cuatro principales aspirantes a suceder a Vidal Francisco Sober\u00f3n Sanz.<\/p><\/div>\n<p>&nbsp;<\/p>\n<p>Detr\u00e1s de las versiones sobre la existencia o no de la menor \u201cFrida Sof\u00eda\u201d, se encuentra la pugna interna sucesoria dentro de la Secretar\u00eda de Marina, sobre qui\u00e9n ser\u00e1 el sucesor del actual almirante secretario, Vidal Francisco Sober\u00f3n Sanz.<\/p>\n<p>Los cuatro principales aspirantes a sucederlo fueron comisionados como mandos para la coordinaci\u00f3n de los trabajos en el Colegio Enrique R\u00e9bsamen, situado en la zona de Tlalpan, ya que de acuerdo a los protocolos Coyoac\u00e1n y Tlalpan, corresponden a la asignaci\u00f3n de los marinos, por la cercan\u00eda de la dependencia.<\/p>\n<p>\u00c1ngel Enrique Sarmiento, subsecretario; Jos\u00e9 Luis Vergara, oficial mayor; Jos\u00e9 Rafael Ojeda, Inspector General y Luis Gerardo Alcal\u00e1, jefe del Estado Mayor de la Semar, todos ellos almirantes, fueron asignados en turnos de cuatro horas, como encargados de la operaci\u00f3n. Los cuatro cuentan con la experiencia suficiente para enfrentar este tipo de contingencias, pero en todos subsiste el deseo de suceder a Sober\u00f3n Sanz, por lo que existen algunos peque\u00f1os roces internos,<\/p>\n<p>De los cuatro el m\u00e1s medi\u00e1tico es Vergara, por haberse desempe\u00f1ado, en alg\u00fan momento, como encargado de la comunicaci\u00f3n de la dependencia y por lo tanto fue quien mantuvo el v\u00ednculo m\u00e1s directo y frecuente con los medios period\u00edsticos.<\/p>\n<p>Fue \u00e9l (almirante Vergara) quien sostuvo la relaci\u00f3n con la reportera de Televisa, Danielle Dithurbide Vega, por ser el m\u00e1s vinculado a este tipo de exposici\u00f3n y fue \u00e9l mismo Vergara quien dijo: no me consta porque no estoy adentro, pero as\u00ed me lo informan, sobre la presunta existencia de la ni\u00f1a a la que nombraron \u201cFrida Sof\u00eda\u201d y que puso el alma en vilo a todo el pa\u00eds, durante m\u00e1s de 24 horas sobre su eventual rescate.<\/p>\n<p>Despu\u00e9s de ello vino la controversia sobre la existencia o no de la supuesta menor y estall\u00f3 la bomba, sobre la presunta burla a quienes siguieron la trama por televisi\u00f3n, el juego perverso de la reportera, las acusaciones de uno y otro lado sobre el uso y abuso del drama, por lo que las autoridades militares encargadas de la coordinaci\u00f3n en la zona tuvieron que dar la cara, para aclarar el asunto.<\/p>\n<p>Todo iba bien, hasta que el subsecretario, Almirante Sarmiento, aprovech\u00f3 el momento y dej\u00f3 un par de banderillas clavadas en el lomo del Oficial Mayor, Almirante Vergara, negando que la dependencia hubiese tenido conocimiento sobre la existencia de la ni\u00f1a (Frida Sof\u00eda). Estamos seguros que no fue una realidad, dijo.<\/p>\n<p>Parec\u00eda que los marinos aspirantes usar\u00edan los medios de comunicaci\u00f3n para zanjear sus diferencias y posicionarse ante el cercano 2018 y la inminente sucesi\u00f3n del secretariado.<\/p>\n<p>Y es que Denise Maerker se comunic\u00f3 al aire con el almirante Vergara, quien fue director de Comunicaci\u00f3n Social de la secretar\u00eda de Marina y \u00e9ste, abiertamente, asegur\u00f3 que le hab\u00edan extra\u00f1ado las declaraciones del almirante Sarmiento.<\/p>\n<p>Y que los hechos que a \u00e9l le constaban eran los que le dio a la reportera Dihturbide. La controversia estaba abierta y parec\u00eda que har\u00eda crisis,\u00a0sin embargo, no fue as\u00ed, ya que ante todo, los marinos siguen siendo la instancia del gobierno con mayor credibilidad y no se pod\u00eda dejar de lado esa empat\u00eda con la ciudadan\u00eda.<\/p>\n<p>Por eso, el exabrupto del Almirante Sarmiento pronto fue revocado con un documento le\u00eddo entre ambos Almirantes, Sarmiento y Vergara, para dejar en claro el posicionamiento de la secretar\u00eda de Marina.<\/p>\n<p>Una encuesta publicada por el diario Reforma, el domingo, destaca que el 80 por ciento de los encuestados reconocen la capacidad de respuesta de la sociedad civil, la Marina y el Ej\u00e9rcito en los distintos estados afectados por los temblores del 7 y 19 de septiembre: Oaxaca, Chiapas, Morelos, Puebla y CDMX y deja en claro que la tristeza, el miedo y la impotencia son los sentimientos que predominan entre la poblaci\u00f3n censada.<\/p>\n<p style=\"text-align: center;\"><strong>La reportera Dithurbide\u00a0<\/strong><\/p>\n<p>Al margen de la controversia creada alrededor de la figura de la ahora m\u00edtica \u201cFrida Sof\u00eda\u201d, Televisa tendr\u00e1 que realizar una pronta operaci\u00f3n de cicatrizaci\u00f3n de la imagen de Danielle Dithurbide Vega, para sacarla del atolladero en que se encuentra.<\/p>\n<p>Danielle es una conductora h\u00e1bil, \u00e1gil, con frescura, que dej\u00f3 en claro que tambi\u00e9n se maneja con criterio y facilidad de palabra como reportera, pero cuya credibilidad se encuentra por los suelos, por lo que siendo la conductora de uno de los principales espacios informativos, tendr\u00e1n que usarse toda la imaginaci\u00f3n posible y un plan de reactivaci\u00f3n, d\u00e1ndole unos d\u00edas de reposo de la imagen, para regresarla a la frescura.<\/p>\n<p>El manejo de crisis es indispensable, para evitar que una comunicadora con mucho futuro se frustre y caiga en el descr\u00e9dito de varios conductores de televisi\u00f3n, atropellados por la fama y el mal manejo de su imagen.<\/p>\n<p style=\"text-align: center;\"><strong>Reportes de Oaxaca<\/strong><\/p>\n<p>La atenci\u00f3n que se centra en la tragedia provocada por los sismos del 7 y 19 de septiembre, provoca que otras informaciones pasen inadvertidas, ya que la situaci\u00f3n sobre muertos, heridos y damnificados es m\u00e1s importante que cualquier otro tipo de informaci\u00f3n.<\/p>\n<p>Sin embargo, llama poderosamente la atenci\u00f3n que en medio de todo esto, dos funcionarios de la administraci\u00f3n de Gabino Cu\u00e9 Monteagudo en Oaxaca fueron detenidos por instrucciones de la Fiscal\u00eda Especializada en Materia de Combate a la Corrupci\u00f3n.<\/p>\n<p>Gerardo Cajiga Estrada y Enrique Arnaud Vi\u00f1as, fueron secretarios de Finanzas en el gobierno de Cu\u00e9 Monteagudo y est\u00e1n acusados de peculado, por un monto de cien millones de pesos.<\/p>\n<p>Durante los seis a\u00f1os de gobierno del ex mandatario Cu\u00e9 Monteagudo, la Secretar\u00eda de la Funci\u00f3n P\u00fablica detect\u00f3 irregularidades por el uso inadecuado de tres mil 547 millones 100 mil pesos, correspondientes a recursos federales.<\/p>\n<p><em><a href=\"mailto:ramonzurita44@hotmail.com\" target=\"_blank\" rel=\"noopener noreferrer\">ramonzurita44@hotmail.com<\/a><\/em><\/p>\n","protected":false},"excerpt":{"rendered":"<p><span style=\"color: #005497;\"><strong>Ram\u00f3n Zurita Sahag\u00fan<\/strong><\/span><br \/>\n<br \/>\nDetr\u00e1s de las versiones sobre la existencia o no de la menor \u201cFrida Sof\u00eda\u201d, se encuentra la pugna interna sucesoria dentro de la Secretar\u00eda de Marina, sobre qui\u00e9n ser\u00e1 el sucesor del actual almirante secretario, Vidal Francisco Sober\u00f3n Sanz.<\/p>\n","protected":false},"author":3,"featured_media":345462,"comment_status":"open","ping_status":"open","sticky":false,"template":"","format":"standard","meta":{"_monsterinsights_skip_tracking":false,"_monsterinsights_sitenote_active":false,"_monsterinsights_sitenote_note":"","_monsterinsights_sitenote_category":0,"footnotes":""},"categories":[234],"tags":[304,43674,43687],"class_list":["post-345432","post","type-post","status-publish","format-standard","has-post-thumbnail","hentry","category-ramon-zurita-sahagun","tag-de-frente-y-de-perfil","tag-opinion","tag-ramon-zurita-sahagun"],"_links":{"self":[{"href":"https:\/\/www.diarioimagen.net\/index.php?rest_route=\/wp\/v2\/posts\/345432","targetHints":{"allow":["GET"]}}],"collection":[{"href":"https:\/\/www.diarioimagen.net\/index.php?rest_route=\/wp\/v2\/posts"}],"about":[{"href":"https:\/\/www.diarioimagen.net\/index.php?rest_route=\/wp\/v2\/types\/post"}],"author":[{"embeddable":true,"href":"https:\/\/www.diarioimagen.net\/index.php?rest_route=\/wp\/v2\/users\/3"}],"replies":[{"embeddable":true,"href":"https:\/\/www.diarioimagen.net\/index.php?rest_route=%2Fwp%2Fv2%2Fcomments&post=345432"}],"version-history":[{"count":0,"href":"https:\/\/www.diarioimagen.net\/index.php?rest_route=\/wp\/v2\/posts\/345432\/revisions"}],"wp:featuredmedia":[{"embeddable":true,"href":"https:\/\/www.diarioimagen.net\/index.php?rest_route=\/wp\/v2\/media\/345462"}],"wp:attachment":[{"href":"https:\/\/www.diarioimagen.net\/index.php?rest_route=%2Fwp%2Fv2%2Fmedia&parent=345432"}],"wp:term":[{"taxonomy":"category","embeddable":true,"href":"https:\/\/www.diarioimagen.net\/index.php?rest_route=%2Fwp%2Fv2%2Fcategories&post=345432"},{"taxonomy":"post_tag","embeddable":true,"href":"https:\/\/www.diarioimagen.net\/index.php?rest_route=%2Fwp%2Fv2%2Ftags&post=345432"}],"curies":[{"name":"wp","href":"https:\/\/api.w.org\/{rel}","templated":true}]}}