{"id":345437,"date":"2017-09-25T00:12:41","date_gmt":"2017-09-25T05:12:41","guid":{"rendered":"http:\/\/www.diarioimagen.net\/?p=345437"},"modified":"2017-09-25T08:28:46","modified_gmt":"2017-09-25T13:28:46","slug":"del-sismo-del-85-al-de-2017","status":"publish","type":"post","link":"https:\/\/www.diarioimagen.net\/?p=345437","title":{"rendered":"Del sismo del 85 al de 2017"},"content":{"rendered":"<h2>Tras la puerta del poder<\/h2>\n<h5>Roberto Vizca\u00edno<\/h5>\n<p>&nbsp;<\/p>\n<div id=\"attachment_345469\" style=\"width: 470px\" class=\"wp-caption aligncenter\"><a href=\"http:\/\/www.diarioimagen.net\/?attachment_id=345469\" rel=\"attachment wp-att-345469\"><img loading=\"lazy\" decoding=\"async\" aria-describedby=\"caption-attachment-345469\" class=\"size-large wp-image-345469\" src=\"http:\/\/www.diarioimagen.net\/wp-content\/uploads\/2017\/09\/desfile-del-derroche-LUIS-XAVIER-3214-460x352.jpg\" alt=\"\" width=\"460\" height=\"352\" srcset=\"https:\/\/www.diarioimagen.net\/wp-content\/uploads\/2017\/09\/desfile-del-derroche-LUIS-XAVIER-3214-460x352.jpg 460w, https:\/\/www.diarioimagen.net\/wp-content\/uploads\/2017\/09\/desfile-del-derroche-LUIS-XAVIER-3214-240x184.jpg 240w, https:\/\/www.diarioimagen.net\/wp-content\/uploads\/2017\/09\/desfile-del-derroche-LUIS-XAVIER-3214-768x588.jpg 768w, https:\/\/www.diarioimagen.net\/wp-content\/uploads\/2017\/09\/desfile-del-derroche-LUIS-XAVIER-3214.jpg 1200w\" sizes=\"auto, (max-width: 460px) 100vw, 460px\" \/><\/a><p id=\"caption-attachment-345469\" class=\"wp-caption-text\">Desfile del derroche&#8230; | Jos\u00e9 Luis<\/p><\/div>\n<p>&nbsp;<\/p>\n<p>Entre uno y otro sismo no hay comparaci\u00f3n. Aqu\u00ed aplica el principio de Ortega y Gasset que indica que todo es de acuerdo a su tiempo y circunstancia.<\/p>\n<p>El del 85 y el del 19 de septiembre de este 2017 fueron simplemente distintos por tiempo y circunstancias.<\/p>\n<p>Una circunstancia esencia entre uno y otro fue la comunicaci\u00f3n.<\/p>\n<p>En 85 el sismo colaps\u00f3 las instalaciones de Telmex y el pa\u00eds entero qued\u00f3 incomunicado.<\/p>\n<p>En el del martes anterior, a pesar de que pr\u00e1cticamente se anul\u00f3 la telefon\u00eda \u2013yo si pude contactar a la familia v\u00eda el celular&#8211;, hubo un important\u00edsimo canal de comunicaci\u00f3n social a trav\u00e9s del whatsapp.<\/p>\n<p>Y eso alivi\u00f3 tensiones personales y sociales.<\/p>\n<p>Por lo dem\u00e1s todo pr\u00e1cticamente se repiti\u00f3. La solidaridad social fue pr\u00e1cticamente la misma en uno y otro evento. Impacta la de hoy por la inmediatez del acontecimiento y por la proliferaci\u00f3n de los medios de comunicaci\u00f3n.<\/p>\n<p>En esta ocasi\u00f3n no s\u00f3lo hubo narrativas a trav\u00e9s del whats sino por la radio, la TV y las redes sociales.<\/p>\n<p>Podr\u00eda decirse que hubo incluso saturaci\u00f3n de comunicaci\u00f3n.<\/p>\n<p>En este contexto no extra\u00f1a, a m\u00ed al menos, el uso negativo de redes. Desde un principio me qued\u00f3 claro que quienes comenzaron a crear mensajes insidiosos, de \u201cdenuncia\u201d, de descalificaci\u00f3n, odio, son los mismos de siempre.<\/p>\n<p>Participo en varios chats de amigos y profesionales del periodismo. Y por ah\u00ed corrieron toda clase de mensajes que evidentemente buscaban como dec\u00eda mi abuela, meter aguja para sacar hilo. En la mayor\u00eda de los casos, fuera de dos o tres debates en los que al final prevaleci\u00f3 la civilidad, la sensatez y el sentido com\u00fan, los mensajes no pasaron a nada, porque ese era su destino.<\/p>\n<p>Al final, fuera de estos mensajes, se sobrepuso la acci\u00f3n solidaria de una sociedad, esencialmente joven, igual que en 1985.<\/p>\n<p>&nbsp;<\/p>\n<p><strong>\u00bfQu\u00e8 va a pasar?<\/strong><\/p>\n<p><strong>\u00a0<\/strong><\/p>\n<p>Hay quienes comienzan a preguntarsequ\u00e9 va a pasar con los j\u00f3venes que hoy participaron masiva, decididamente en el rescate y en el alivio de las condiciones en las zonas devastadas.<\/p>\n<p>Pues si nos atenemos a lo que ha ocurrido en otro tiempo en M\u00e9xico, y en otras zonas del mundo, se puede decir que nada.<\/p>\n<p>La solidaridad social sin un l\u00edder carism\u00e1tico que la conduzca &#8211;y en el M\u00e9xico de este momento no lo veo por ning\u00fan lado&#8211;, no deriva en nada.<\/p>\n<p>Queda simplemente como un registro hist\u00f3rico.<\/p>\n<p>El hecho de que los millenials mexicanos hayan salido a remover escombros, a repartir tortas y agua, y a dirigir el tr\u00e1nsito no significa que de repente se interesen en la pol\u00edtica ni nacional ni mundial. No, por ah\u00ed no va.<\/p>\n<p>Los millenials que vayan a participar en el proceso de 2018 es porque as\u00ed iba a ser con o sin terremoto. Los terremotos no tienen filiaci\u00f3n ni partidaria ni pol\u00edtica por m\u00e1s que algunos jalen los hechos hacia ese rumbo.<\/p>\n<p>El que los partidos renuncien a multimillonarios presupuestos que les entrega el INE y que tienen su origen en nuestros impuestos, no les va a generar votos.<\/p>\n<p>Al final esos dineros se van a diluir detr\u00e1s de programas gubernamentales de vivienda, financiamiento y apoyos a negocios perjudicados, en la rehabilitaci\u00f3n de carreteras y puentes y a todo eso.<\/p>\n<p>El da\u00f1o ocasionado por el terremoto del martes y los subsiguientes sismos es inmenso. Suplemente no va a alcanzar ning\u00fan presupuesto, donativo o apoyo para enfrentarlo.<\/p>\n<p>En la Ciudad de M\u00e9xico colapsaron unos 40 edilicios, pero hay da\u00f1os en mas de 3,500 de los cuales muchos tendr\u00e1n que ser demolidos.<\/p>\n<p>Miles de familias perdieron sus hogares o negocios, centros de trabajo. Como fue producto de un evento de la naturaleza no hay responsable que deba responder. El gobierno \u2013ya sea delegacional, de la Ciudad o el Federal&#8211;, no puede ni debe entrar a actuar como aseguradora social. No le alcanzar\u00eda para hacerlo.<\/p>\n<p>Eso ocurrir\u00e1 en forma institucional, paulatinamente.<\/p>\n<p style=\"text-align: center;\"><strong>Provocaciones\u00a0 <\/strong><\/p>\n<p>Sumados a los mensajes negativos, de odio, de generaci\u00f3n de encono y descalificaci\u00f3n social, durante el fin de la semana ocurrieron otros hechos.<\/p>\n<p>Mucho se ha dicho que la Normal Rural de Ayotzinapa ha tenido viejos y profundos lazos con la guerrilla que desde hace d\u00e9cadas opera en Guerrero y Oaxaca.<\/p>\n<p>De igual forma corren hoy versiones oficiales, y no tanto, respecto de que esta comunidad estudiantil ha sido penetrada por carteles del narcotr\u00e1fico, espec\u00edficamente productoras y comercializadoras de hero\u00edna.<\/p>\n<p>Una l\u00ednea en los hechos de los 43 desaparecidos de esta normal el 26 y 27 de septiembre del 2014 apunta a que una banda actu\u00f3 contra otra y que en medio estaban los normalistas sacrificados.<\/p>\n<p>Bueno, el caso es que el s\u00e1bado hacia las 10 de la ma\u00f1ana, luego de mantener durante 3 horas bloqueada la autopista del Sol, algunos j\u00f3venes embozados que dijeron ser normalistas de Ayotzinapa, encabezados por algunos de los padres de los 43, decidieron \u201cespont\u00e1neamente\u201d ir a las instalaciones de la 35 Zona Militar en Iguala.<\/p>\n<p>Como al parecer siempre cargan con potentes cohetones cargados de clavos y tornillos, por aquello de que pues se les atraviese alguna zona militar, los normalistas descargaron los explosivos sobre las instalaciones castrenses junto con piedras y otros objetos.<\/p>\n<p>La orden a los soldados fue no responder. Por ello se replegaron y cerraron las puertas mismas que los encapuchados intentaron derribar para invadir las instalaciones militares.<\/p>\n<p>As\u00ed como llegaron, as\u00ed se fueron, en 9 autobuses secuestrados previamente por ellos.<\/p>\n<p style=\"text-align: center;\"><strong>Todos a sesi\u00f3n<\/strong><\/p>\n<p>Todo indica que el Senado como la C\u00e1mara de Diputados, cuyas instalaciones han sido revisadas y sin reporte grave, sesionar\u00e1n normalmente ma\u00f1ana.<\/p>\n<p>En la C\u00e1mara Alta su presidente, el senador panista Ernesto Cordero junto con otra decena de su grupo, pretenden presentar una iniciativa para recortar el financiamiento en un 50% de los partidos pol\u00edticos.<\/p>\n<p>Al parecer este intento chocar\u00e1 con el anuncio hecho por el coordinador de la bancada blanquiazul, el aguascalentense Fernando Herrera, quien por instrucciones de su l\u00edder partidario, Ricardo Anaya, promover\u00e1 otra iniciativa con el mismo fin.<\/p>\n<p>Cordero pretende adem\u00e1s rescatar varias iniciativas que ya pr\u00e1cticamente est\u00e1n debatidas y aprobadas, a fin de que pasen al pleno y se conviertan en leyes y normas legales.<\/p>\n<p>Este descongelamiento de asuntos legislativos al parecer no cuenta con la aprobaci\u00f3n ni visto bueno ni de la coordinaci\u00f3n cameral panista y menos de la dirigencia de su partido.<\/p>\n<p>Mientras eso sucede en el Senado, en la C\u00e1mara de Diputados su presidente, el pri\u00edsta Jorge Carlos Ram\u00edrez Mar\u00edn orden\u00f3 el retiro del enorme candil que se localizaba en la parte central del sal\u00f3n de plenos.<\/p>\n<p>Con 20 toneladas de peso, el candil, e integrado por 490 prismas de acr\u00edlico, se consider\u00f3 que podr\u00eda representar un riesgo en caso de otro sismo.<\/p>\n<p>Ya sin candil, los diputados deber\u00e1n regresar a sus labores ma\u00f1ana martes.<\/p>\n<p><em><a href=\"mailto:rvizcainoa@gmail.com\" target=\"_blank\" rel=\"noopener noreferrer\">rvizcainoa@gmail.com<\/a><\/em><br \/>\n<em><a href=\"http:\/\/www.endirecto.com.mx\/\" target=\"_blank\" rel=\"noopener noreferrer\">www.endirecto.com.mx<\/a><\/em><br \/>\n<em><a href=\"https:\/\/twitter.com\/_rvizcaino\" target=\"_blank\" rel=\"noopener noreferrer\">@_RVizcaino<\/a><\/em><br \/>\n<a href=\"https:\/\/www.facebook.com\/rvizcainoa\" target=\"_blank\" rel=\"noopener noreferrer\">f<em>acebook.com\/rvizcainoa<\/em><\/a><\/p>\n","protected":false},"excerpt":{"rendered":"<p><span style=\"color: #005497;\"><strong>Roberto Vizca\u00edno<\/strong><\/span><br \/>\n<br \/>\nEntre uno y otro sismo no hay comparaci\u00f3n. Aqu\u00ed aplica el principio de Ortega y Gasset que indica que todo es de acuerdo a su tiempo y circunstancia.<\/p>\n","protected":false},"author":3,"featured_media":345469,"comment_status":"open","ping_status":"open","sticky":false,"template":"","format":"standard","meta":{"_monsterinsights_skip_tracking":false,"_monsterinsights_sitenote_active":false,"_monsterinsights_sitenote_note":"","_monsterinsights_sitenote_category":0,"footnotes":""},"categories":[136],"tags":[43674,93,94],"class_list":["post-345437","post","type-post","status-publish","format-standard","has-post-thumbnail","hentry","category-roberto-vizcaino-opinion","tag-opinion","tag-roberto-vizcaino","tag-tras-la-puerta-del-poder"],"_links":{"self":[{"href":"https:\/\/www.diarioimagen.net\/index.php?rest_route=\/wp\/v2\/posts\/345437","targetHints":{"allow":["GET"]}}],"collection":[{"href":"https:\/\/www.diarioimagen.net\/index.php?rest_route=\/wp\/v2\/posts"}],"about":[{"href":"https:\/\/www.diarioimagen.net\/index.php?rest_route=\/wp\/v2\/types\/post"}],"author":[{"embeddable":true,"href":"https:\/\/www.diarioimagen.net\/index.php?rest_route=\/wp\/v2\/users\/3"}],"replies":[{"embeddable":true,"href":"https:\/\/www.diarioimagen.net\/index.php?rest_route=%2Fwp%2Fv2%2Fcomments&post=345437"}],"version-history":[{"count":0,"href":"https:\/\/www.diarioimagen.net\/index.php?rest_route=\/wp\/v2\/posts\/345437\/revisions"}],"wp:featuredmedia":[{"embeddable":true,"href":"https:\/\/www.diarioimagen.net\/index.php?rest_route=\/wp\/v2\/media\/345469"}],"wp:attachment":[{"href":"https:\/\/www.diarioimagen.net\/index.php?rest_route=%2Fwp%2Fv2%2Fmedia&parent=345437"}],"wp:term":[{"taxonomy":"category","embeddable":true,"href":"https:\/\/www.diarioimagen.net\/index.php?rest_route=%2Fwp%2Fv2%2Fcategories&post=345437"},{"taxonomy":"post_tag","embeddable":true,"href":"https:\/\/www.diarioimagen.net\/index.php?rest_route=%2Fwp%2Fv2%2Ftags&post=345437"}],"curies":[{"name":"wp","href":"https:\/\/api.w.org\/{rel}","templated":true}]}}