{"id":345523,"date":"2017-09-26T00:07:22","date_gmt":"2017-09-26T05:07:22","guid":{"rendered":"http:\/\/www.diarioimagen.net\/?p=345523"},"modified":"2017-09-28T02:01:11","modified_gmt":"2017-09-28T07:01:11","slug":"enviaran-mas-apoyos-a-zonas-danadas-por-el-sismo-en-edomex","status":"publish","type":"post","link":"https:\/\/www.diarioimagen.net\/?p=345523","title":{"rendered":"Enviar\u00e1n m\u00e1s apoyos a zonas da\u00f1adas por el sismo en Edomex"},"content":{"rendered":"<ul>\n<li><em><strong>Compromiso del gobierno federal y estatal<\/strong><\/em><\/li>\n<\/ul>\n<p>&nbsp;<\/p>\n<div id=\"attachment_345524\" style=\"width: 470px\" class=\"wp-caption aligncenter\"><img loading=\"lazy\" decoding=\"async\" aria-describedby=\"caption-attachment-345524\" class=\"size-large wp-image-345524\" src=\"http:\/\/www.diarioimagen.net\/wp-content\/uploads\/2017\/09\/APOYO26-portal-460x268.jpg\" alt=\"\" width=\"460\" height=\"268\" srcset=\"https:\/\/www.diarioimagen.net\/wp-content\/uploads\/2017\/09\/APOYO26-portal-460x268.jpg 460w, https:\/\/www.diarioimagen.net\/wp-content\/uploads\/2017\/09\/APOYO26-portal-240x140.jpg 240w, https:\/\/www.diarioimagen.net\/wp-content\/uploads\/2017\/09\/APOYO26-portal.jpg 480w\" sizes=\"auto, (max-width: 460px) 100vw, 460px\" \/><p id=\"caption-attachment-345524\" class=\"wp-caption-text\">Alfredo Del Mazo Maza anunci\u00f3 que se pondr\u00e1 en marcha un programa de empleo temporal en la reconstrucci\u00f3n de la entidad.<\/p><\/div>\n<p>&nbsp;<\/p>\n<p>Joquicingo, M\u00e9x.- El presidente Enrique Pe\u00f1a Nieto y el gobernador mexiquense, Alfredo Del Mazo Maza, recorrieron las zonas afectadas por el sismo del 19 de septiembre en el municipio de Joquicingo, y ofrecieron el respaldo de los gobiernos federal y estatal para que los damnificados reciban los apoyos necesarios para superar la emergencia.<\/p>\n<p>Al respecto, Del Mazo Maza anunci\u00f3 que se pondr\u00e1 en marcha un programa de empleo temporal para que se desempe\u00f1en las labores de limpieza y reconstrucci\u00f3n de la entidad y puedan obtener un ingreso. Asimismo, asegur\u00f3 que desde el primer momento en que se reportaron afectaciones, el Gobierno del Estado de M\u00e9xico brind\u00f3 apoyo a la poblaci\u00f3n, en coordinaci\u00f3n con el Ej\u00e9rcito y la Federaci\u00f3n.<\/p>\n<p>Por otra parte, el mandatario estatal indic\u00f3 que ya se inici\u00f3 el censo para evaluar los da\u00f1os y la posterior entrega de apoyos para la reconstrucci\u00f3n de viviendas, escuelas, comercios e iglesias en la entidad; por lo que plante\u00f3 el compromiso del gobierno de la entidad mexiquense con la reconstrucci\u00f3n, inicialmente de las viviendas, y en especial de las familias que no tienen d\u00f3nde dormir y que est\u00e1n hoy d\u00eda en albergues, o en casa de sus vecinos o familiares. De igual manera, Alfredo Del Mazo garantiz\u00f3 que tambi\u00e9n se brindar\u00e1 ayuda a los comerciantes cuyos negocios resultaron con afectaciones.<\/p>\n<p>A su vez, el presidente Pe\u00f1a Nieto afirm\u00f3 que juntos, el Gobierno Federal y del Estado de M\u00e9xico, canalizar\u00e1n recursos para la atenci\u00f3n a esta emergencia, a fin de que se permita a las familias iniciar la reconstrucci\u00f3n.<\/p>\n","protected":false},"excerpt":{"rendered":"<p>El presidente Enrique Pe\u00f1a Nieto y el gobernador mexiquense, Alfredo Del Mazo Maza, recorrieron las zonas afectadas por el sismo del 19 de septiembre en el municipio de Joquicingo, y ofrecieron el respaldo de los gobiernos federal y estatal para que los damnificados reciban los apoyos necesarios para superar la emergencia.<\/p>\n","protected":false},"author":5,"featured_media":345524,"comment_status":"open","ping_status":"open","sticky":false,"template":"","format":"standard","meta":{"_monsterinsights_skip_tracking":false,"_monsterinsights_sitenote_active":false,"_monsterinsights_sitenote_note":"","_monsterinsights_sitenote_category":0,"footnotes":""},"categories":[5],"tags":[2505,68,18,65800,677],"class_list":["post-345523","post","type-post","status-publish","format-standard","has-post-thumbnail","hentry","category-estado-de-mexico","tag-alfredo-del-mazo-maza","tag-edomex","tag-enrique-pena-nieto","tag-municipio-de-joquicingo","tag-sismo"],"_links":{"self":[{"href":"https:\/\/www.diarioimagen.net\/index.php?rest_route=\/wp\/v2\/posts\/345523","targetHints":{"allow":["GET"]}}],"collection":[{"href":"https:\/\/www.diarioimagen.net\/index.php?rest_route=\/wp\/v2\/posts"}],"about":[{"href":"https:\/\/www.diarioimagen.net\/index.php?rest_route=\/wp\/v2\/types\/post"}],"author":[{"embeddable":true,"href":"https:\/\/www.diarioimagen.net\/index.php?rest_route=\/wp\/v2\/users\/5"}],"replies":[{"embeddable":true,"href":"https:\/\/www.diarioimagen.net\/index.php?rest_route=%2Fwp%2Fv2%2Fcomments&post=345523"}],"version-history":[{"count":0,"href":"https:\/\/www.diarioimagen.net\/index.php?rest_route=\/wp\/v2\/posts\/345523\/revisions"}],"wp:featuredmedia":[{"embeddable":true,"href":"https:\/\/www.diarioimagen.net\/index.php?rest_route=\/wp\/v2\/media\/345524"}],"wp:attachment":[{"href":"https:\/\/www.diarioimagen.net\/index.php?rest_route=%2Fwp%2Fv2%2Fmedia&parent=345523"}],"wp:term":[{"taxonomy":"category","embeddable":true,"href":"https:\/\/www.diarioimagen.net\/index.php?rest_route=%2Fwp%2Fv2%2Fcategories&post=345523"},{"taxonomy":"post_tag","embeddable":true,"href":"https:\/\/www.diarioimagen.net\/index.php?rest_route=%2Fwp%2Fv2%2Ftags&post=345523"}],"curies":[{"name":"wp","href":"https:\/\/api.w.org\/{rel}","templated":true}]}}