{"id":345547,"date":"2017-09-26T00:10:40","date_gmt":"2017-09-26T05:10:40","guid":{"rendered":"http:\/\/www.diarioimagen.net\/?p=345547"},"modified":"2017-09-26T09:18:17","modified_gmt":"2017-09-26T14:18:17","slug":"avance-en-evaluacion-de-danos-por-el-sismo","status":"publish","type":"post","link":"https:\/\/www.diarioimagen.net\/?p=345547","title":{"rendered":"Avance en evaluaci\u00f3n de da\u00f1os por el sismo"},"content":{"rendered":"<h2>Arco Norte<\/h2>\n<h5>Jos\u00e9 Luis Monta\u00f1ez Aguilar<\/h5>\n<p>&nbsp;<\/p>\n<p>El gobierno del Estado de M\u00e9xico informa que, de acuerdo con el avance en la evaluaci\u00f3n de da\u00f1os que caus\u00f3 el sismo del pasado 19 de septiembre en la entidad, al momento se reportan 12 fallecimientos en el Estado de M\u00e9xico y dos provenientes de Morelos, as\u00ed como 24 lesionados, cuatro de ellos en estado grave. Se tienen contabilizadas 6 mil 787 viviendas da\u00f1adas, de las cuales, 2 mil 939 tienen afectaciones mayores y deber\u00e1n reconstruirse.<\/p>\n<p>Mientras que, especialistas reportan 464 escuelas que est\u00e1n inoperables. Por eso, en apoyo a la poblaci\u00f3n afectada, se instalaron 40 albergues y 216 centros de acopio, adem\u00e1s de que se han distribuido 262.5 toneladas de v\u00edveres donados por la poblaci\u00f3n.<\/p>\n<p>Tambi\u00e9n se ayuda a la ciudadan\u00eda en las labores de limpieza, con el trabajo de 7 mil 202 servidores p\u00fablicos, 2 mil elementos de la Polic\u00eda Estatal, en coordinaci\u00f3n con el Ej\u00e9rcito Mexicano, Protecci\u00f3n Civil y polic\u00edas municipales; as\u00ed como 264 centros de salud que brindan servicio en la entidad, s\u00f3lo ocho est\u00e1n cerrados por las afectaciones.<\/p>\n<p>Asimismo, se reporta que 178 templos presentan malas condiciones, mientras que 163 edificios p\u00fablicos y 20 comercios, entre mercados, centros comerciales o locales, sufrieron da\u00f1os por el temblor.<\/p>\n<p style=\"text-align: center;\"><strong>Falsa reactivaci\u00f3n del programa L\u00edmite Seguro<\/strong><\/p>\n<p><a href=\"http:\/\/www.diarioimagen.net\/?attachment_id=345655\" rel=\"attachment wp-att-345655\"><img loading=\"lazy\" decoding=\"async\" class=\"aligncenter size-large wp-image-345655\" src=\"http:\/\/www.diarioimagen.net\/wp-content\/uploads\/2017\/09\/arco-3215-460x259.jpg\" alt=\"\" width=\"460\" height=\"259\" srcset=\"https:\/\/www.diarioimagen.net\/wp-content\/uploads\/2017\/09\/arco-3215-460x259.jpg 460w, https:\/\/www.diarioimagen.net\/wp-content\/uploads\/2017\/09\/arco-3215-240x135.jpg 240w, https:\/\/www.diarioimagen.net\/wp-content\/uploads\/2017\/09\/arco-3215-235x132.jpg 235w, https:\/\/www.diarioimagen.net\/wp-content\/uploads\/2017\/09\/arco-3215-202x114.jpg 202w, https:\/\/www.diarioimagen.net\/wp-content\/uploads\/2017\/09\/arco-3215-350x196.jpg 350w, https:\/\/www.diarioimagen.net\/wp-content\/uploads\/2017\/09\/arco-3215-220x123.jpg 220w, https:\/\/www.diarioimagen.net\/wp-content\/uploads\/2017\/09\/arco-3215-237x132.jpg 237w, https:\/\/www.diarioimagen.net\/wp-content\/uploads\/2017\/09\/arco-3215.jpg 480w\" sizes=\"auto, (max-width: 460px) 100vw, 460px\" \/><\/a><\/p>\n<p>El gobierno mexiquense se\u00f1ala que es falso que se haya reactivado el programa L\u00edmite Seguro. En la Gaceta de Gobierno publicada el pasado 11 de septiembre, s\u00f3lo se reformaron y adicionaron diversas disposiciones del Reglamento de Tr\u00e1nsito del Estado de M\u00e9xico, para actualizar el marco jur\u00eddico y establecer las normas a las que deber\u00e1n sujetarse el tr\u00e1nsito de peatones y veh\u00edculos.<\/p>\n<p>Actualmente, las c\u00e1maras instaladas en los 45 arcos carreteros de la entidad, son monitoreadas desde el C5 para la prevenci\u00f3n de delitos y faltas administrativas, as\u00ed como para la detecci\u00f3n de veh\u00edculo con reporte de robo o que hayan participado en la probable comisi\u00f3n de un il\u00edcito y no as\u00ed la reactivaci\u00f3n del programa de referencia.<\/p>\n<p><em><a href=\"mailto:montanezaguilar@gmail.com\" target=\"_blank\" rel=\"noopener noreferrer\">montanezaguilar@gmail.com<\/a><\/em><\/p>\n","protected":false},"excerpt":{"rendered":"<p><span style=\"color: #005497;\">Jos\u00e9 Luis Monta\u00f1ez Aguilar<\/span><br \/>\n<\/p>\n<p>El gobierno del Estado de M\u00e9xico informa que, de acuerdo con el avance en la evaluaci\u00f3n de da\u00f1os que caus\u00f3 el sismo del pasado 19 de septiembre en la entidad, al momento se reportan 12 fallecimientos en el Estado de M\u00e9xico y dos provenientes de Morelos, as\u00ed como 24 lesionados, cuatro de ellos en estado grave. Se tienen contabilizadas 6 mil 787 viviendas da\u00f1adas, de las cuales, 2 mil 939 tienen afectaciones mayores y deber\u00e1n reconstruirse.<\/p>\n","protected":false},"author":3,"featured_media":345655,"comment_status":"open","ping_status":"open","sticky":false,"template":"","format":"standard","meta":{"_monsterinsights_skip_tracking":false,"_monsterinsights_sitenote_active":false,"_monsterinsights_sitenote_note":"","_monsterinsights_sitenote_category":0,"footnotes":""},"categories":[5],"tags":[13284,43704,43674],"class_list":["post-345547","post","type-post","status-publish","format-standard","has-post-thumbnail","hentry","category-estado-de-mexico","tag-arco-norte","tag-jose-luis-montanez-aguilar","tag-opinion"],"_links":{"self":[{"href":"https:\/\/www.diarioimagen.net\/index.php?rest_route=\/wp\/v2\/posts\/345547","targetHints":{"allow":["GET"]}}],"collection":[{"href":"https:\/\/www.diarioimagen.net\/index.php?rest_route=\/wp\/v2\/posts"}],"about":[{"href":"https:\/\/www.diarioimagen.net\/index.php?rest_route=\/wp\/v2\/types\/post"}],"author":[{"embeddable":true,"href":"https:\/\/www.diarioimagen.net\/index.php?rest_route=\/wp\/v2\/users\/3"}],"replies":[{"embeddable":true,"href":"https:\/\/www.diarioimagen.net\/index.php?rest_route=%2Fwp%2Fv2%2Fcomments&post=345547"}],"version-history":[{"count":0,"href":"https:\/\/www.diarioimagen.net\/index.php?rest_route=\/wp\/v2\/posts\/345547\/revisions"}],"wp:featuredmedia":[{"embeddable":true,"href":"https:\/\/www.diarioimagen.net\/index.php?rest_route=\/wp\/v2\/media\/345655"}],"wp:attachment":[{"href":"https:\/\/www.diarioimagen.net\/index.php?rest_route=%2Fwp%2Fv2%2Fmedia&parent=345547"}],"wp:term":[{"taxonomy":"category","embeddable":true,"href":"https:\/\/www.diarioimagen.net\/index.php?rest_route=%2Fwp%2Fv2%2Fcategories&post=345547"},{"taxonomy":"post_tag","embeddable":true,"href":"https:\/\/www.diarioimagen.net\/index.php?rest_route=%2Fwp%2Fv2%2Ftags&post=345547"}],"curies":[{"name":"wp","href":"https:\/\/api.w.org\/{rel}","templated":true}]}}