{"id":345572,"date":"2017-09-26T00:09:33","date_gmt":"2017-09-26T05:09:33","guid":{"rendered":"http:\/\/www.diarioimagen.net\/?p=345572"},"modified":"2017-09-28T02:00:57","modified_gmt":"2017-09-28T07:00:57","slug":"sin-danos-mayores-planteles-educativos-en-tultepec","status":"publish","type":"post","link":"https:\/\/www.diarioimagen.net\/?p=345572","title":{"rendered":"Sin da\u00f1os mayores, planteles educativos en Tultepec"},"content":{"rendered":"<p><a href=\"http:\/\/www.diarioimagen.net\/?attachment_id=345667\" rel=\"attachment wp-att-345667\"><img loading=\"lazy\" decoding=\"async\" class=\"aligncenter size-large wp-image-345667\" src=\"http:\/\/www.diarioimagen.net\/wp-content\/uploads\/2017\/09\/TULTEPEC-3215-460x259.jpg\" alt=\"\" width=\"460\" height=\"259\" srcset=\"https:\/\/www.diarioimagen.net\/wp-content\/uploads\/2017\/09\/TULTEPEC-3215-460x259.jpg 460w, https:\/\/www.diarioimagen.net\/wp-content\/uploads\/2017\/09\/TULTEPEC-3215-240x135.jpg 240w, https:\/\/www.diarioimagen.net\/wp-content\/uploads\/2017\/09\/TULTEPEC-3215-235x132.jpg 235w, https:\/\/www.diarioimagen.net\/wp-content\/uploads\/2017\/09\/TULTEPEC-3215-202x114.jpg 202w, https:\/\/www.diarioimagen.net\/wp-content\/uploads\/2017\/09\/TULTEPEC-3215-350x196.jpg 350w, https:\/\/www.diarioimagen.net\/wp-content\/uploads\/2017\/09\/TULTEPEC-3215-220x123.jpg 220w, https:\/\/www.diarioimagen.net\/wp-content\/uploads\/2017\/09\/TULTEPEC-3215-237x132.jpg 237w, https:\/\/www.diarioimagen.net\/wp-content\/uploads\/2017\/09\/TULTEPEC-3215.jpg 480w\" sizes=\"auto, (max-width: 460px) 100vw, 460px\" \/><\/a><\/p>\n<p>&nbsp;<\/p>\n<p><strong>Tultepec, Estado de M\u00e9xico<\/strong>.- Autoridades locales, encabezadas por el alcalde Armando Portuguez Fuentes, \u00d3scar Ram\u00edrez Peralta e Isidro S\u00e1nchez Neri, directores de Obras P\u00fablicas y de Protecci\u00f3n Civil municipal, respectivamente, llevan a cabo la revisi\u00f3n de m\u00e1s de 80 planteles educativos de todos niveles acad\u00e9micos.<\/p>\n<p>Ello, a fin de verificar que no existan riesgos latentes en las estructuras que pudieran poner en riesgo a los alumnos, maestros y personal administrativo en las escuelas, durante el posible regreso a clases el pr\u00f3ximo lunes 25 de septiembre, luego de la suspensi\u00f3n de labores derivado del sismo registrado el pasado martes 19 de septiembre en varios estados del centro del pa\u00eds.<\/p>\n<p>Tras la preocupaci\u00f3n manifestada por padres de familia y maestros ante la autoridad municipal, el alcalde y personal de las dependencias descritas, acudi\u00f3 personalmente para constatar que los planteles que sufrieron alg\u00fan da\u00f1o por el sismo, no representen un riesgo mayor.<\/p>\n<p>Luego de una reuni\u00f3n sostenida el pasado 20 de septiembre con Francisco Javier Erick Sevilla Montes de Oca, secretario de Desarrollo Social del Estado de M\u00e9xico, y presidente del Gabinete Regional, los alcaldes recibieron la instrucci\u00f3n de apoyarse con su personal de Protecci\u00f3n Civil, a fin de verificar que posibles da\u00f1os en escuelas no representen da\u00f1os para la poblaci\u00f3n, y de ser as\u00ed, reportarlo con la autoridad estatal.<\/p>\n","protected":false},"excerpt":{"rendered":"<p>Autoridades locales, encabezadas por el alcalde Armando Portuguez Fuentes, \u00d3scar Ram\u00edrez Peralta e Isidro S\u00e1nchez Neri, directores de Obras P\u00fablicas y de Protecci\u00f3n Civil municipal, respectivamente, llevan a cabo la revisi\u00f3n de m\u00e1s de 80 planteles educativos de todos niveles acad\u00e9micos.<\/p>\n","protected":false},"author":3,"featured_media":345667,"comment_status":"open","ping_status":"open","sticky":false,"template":"","format":"standard","meta":{"_monsterinsights_skip_tracking":false,"_monsterinsights_sitenote_active":false,"_monsterinsights_sitenote_note":"","_monsterinsights_sitenote_category":0,"footnotes":""},"categories":[5],"tags":[43675,3802],"class_list":["post-345572","post","type-post","status-publish","format-standard","has-post-thumbnail","hentry","category-estado-de-mexico","tag-estado-de-mexico","tag-tultepec"],"_links":{"self":[{"href":"https:\/\/www.diarioimagen.net\/index.php?rest_route=\/wp\/v2\/posts\/345572","targetHints":{"allow":["GET"]}}],"collection":[{"href":"https:\/\/www.diarioimagen.net\/index.php?rest_route=\/wp\/v2\/posts"}],"about":[{"href":"https:\/\/www.diarioimagen.net\/index.php?rest_route=\/wp\/v2\/types\/post"}],"author":[{"embeddable":true,"href":"https:\/\/www.diarioimagen.net\/index.php?rest_route=\/wp\/v2\/users\/3"}],"replies":[{"embeddable":true,"href":"https:\/\/www.diarioimagen.net\/index.php?rest_route=%2Fwp%2Fv2%2Fcomments&post=345572"}],"version-history":[{"count":0,"href":"https:\/\/www.diarioimagen.net\/index.php?rest_route=\/wp\/v2\/posts\/345572\/revisions"}],"wp:featuredmedia":[{"embeddable":true,"href":"https:\/\/www.diarioimagen.net\/index.php?rest_route=\/wp\/v2\/media\/345667"}],"wp:attachment":[{"href":"https:\/\/www.diarioimagen.net\/index.php?rest_route=%2Fwp%2Fv2%2Fmedia&parent=345572"}],"wp:term":[{"taxonomy":"category","embeddable":true,"href":"https:\/\/www.diarioimagen.net\/index.php?rest_route=%2Fwp%2Fv2%2Fcategories&post=345572"},{"taxonomy":"post_tag","embeddable":true,"href":"https:\/\/www.diarioimagen.net\/index.php?rest_route=%2Fwp%2Fv2%2Ftags&post=345572"}],"curies":[{"name":"wp","href":"https:\/\/api.w.org\/{rel}","templated":true}]}}