{"id":345585,"date":"2017-09-26T00:01:34","date_gmt":"2017-09-26T05:01:34","guid":{"rendered":"http:\/\/www.diarioimagen.net\/?p=345585"},"modified":"2017-09-26T09:29:37","modified_gmt":"2017-09-26T14:29:37","slug":"los-que-vivimos-el-sismo-ocurrido-el-19-de-septiembre-de-1985-no-teniamos-redes-sociales-y-por-favor-utilicen-esas-herramientas-correctamente","status":"publish","type":"post","link":"https:\/\/www.diarioimagen.net\/?p=345585","title":{"rendered":"Los que vivimos el sismo ocurrido el 19 de septiembre de 1985, no ten\u00edamos redes sociales, y por favor utilicen esas herramientas correctamente"},"content":{"rendered":"<h2>De cinco estrellas<\/h2>\n<h5>Victoria Gonz\u00e1lez Prado<\/h5>\n<p>&nbsp;<\/p>\n<ul>\n<li><em><strong>Las aerol\u00edneas <\/strong><\/em><strong>Air France<\/strong><em><strong> y <\/strong><\/em><strong>KLM<\/strong><em><strong> reiteran su apoyo a clientes con boletos emitidos el 21 de septiembre o antes<\/strong><\/em><\/li>\n<li><em><strong>Fundaciones <\/strong><\/em><strong>Airbus<\/strong><em><strong> y <\/strong><\/em><strong>Angel Flight M\u00e9xico<\/strong><em><strong>, con ambulancias a\u00e9reas, unen fuerzas y proporcionan transporte de emergencia a la poblaci\u00f3n afectada<\/strong><\/em><\/li>\n<li><em><strong>Pacientes que perdieron sus lentes de contacto y personas ayudando en los trabajos de rescate, acudan a Cooper Visi\u00f3n M\u00e9xico para recibir apoyo<\/strong><\/em><\/li>\n<li><em><strong>Hay que retomar, dentro de lo posible, las actividades diarias; te invitamos al Festival Sabores de Oaxaca en la Hacienda de los Morales<\/strong><\/em><\/li>\n<\/ul>\n<p><strong>\u00a0<\/strong><\/p>\n<div id=\"attachment_345676\" style=\"width: 470px\" class=\"wp-caption aligncenter\"><a href=\"http:\/\/www.diarioimagen.net\/?attachment_id=345676\" rel=\"attachment wp-att-345676\"><img loading=\"lazy\" decoding=\"async\" aria-describedby=\"caption-attachment-345676\" class=\"size-large wp-image-345676\" src=\"http:\/\/www.diarioimagen.net\/wp-content\/uploads\/2017\/09\/turismo-3215-460x259.jpg\" alt=\"\" width=\"460\" height=\"259\" srcset=\"https:\/\/www.diarioimagen.net\/wp-content\/uploads\/2017\/09\/turismo-3215-460x259.jpg 460w, https:\/\/www.diarioimagen.net\/wp-content\/uploads\/2017\/09\/turismo-3215-240x135.jpg 240w, https:\/\/www.diarioimagen.net\/wp-content\/uploads\/2017\/09\/turismo-3215-235x132.jpg 235w, https:\/\/www.diarioimagen.net\/wp-content\/uploads\/2017\/09\/turismo-3215-202x114.jpg 202w, https:\/\/www.diarioimagen.net\/wp-content\/uploads\/2017\/09\/turismo-3215-350x196.jpg 350w, https:\/\/www.diarioimagen.net\/wp-content\/uploads\/2017\/09\/turismo-3215-220x123.jpg 220w, https:\/\/www.diarioimagen.net\/wp-content\/uploads\/2017\/09\/turismo-3215-237x132.jpg 237w, https:\/\/www.diarioimagen.net\/wp-content\/uploads\/2017\/09\/turismo-3215.jpg 480w\" sizes=\"auto, (max-width: 460px) 100vw, 460px\" \/><\/a><p id=\"caption-attachment-345676\" class=\"wp-caption-text\">Los <em>millennials<\/em> salieron de su estado de confort.<\/p><\/div>\n<p>&nbsp;<\/p>\n<p>Los que vivimos el sismo ocurrido el 19 de septiembre de 1985, no hemos olvidado que hubo m\u00e1s de diez mil muertos entre los escombros de derrumbes por todas partes de la ciudad.<\/p>\n<p>No ten\u00edamos <em>Facebook, Twitter, Instagram <\/em>o<em> WhatsApp. <\/em><\/p>\n<p>Nos quedamos sin tel\u00e9fonos, a\u00fan no hab\u00eda celulares, tampoco ten\u00edamos etiquetas, como las de hoy: <em>\u201cBaby Boomers\u201d<\/em>, \u201cgeneraci\u00f3n X\u201d, \u201c<em>Millennials<\/em>\u201d. Y tambi\u00e9n, como una forma de solidaridad salimos a las calles para apoyar, como hoy, a quienes mov\u00edan los escombros; no les faltaron comida, agua y el infinito agradecimiento de todos.<\/p>\n<p>A\u00fan nos duele aquel 19 de septiembre, es dif\u00edcil de olvidar; lo tenemos m\u00e1s presente que nunca por la coincidencia del sismo el mismo d\u00eda de 2017.<\/p>\n<p>Hace 32 a\u00f1os, se instalaron innumerables albergues, hubo acopio de medicamentos, despensas, y ayuda de todo tipo. Tambi\u00e9n llegaron brigadas de otros pa\u00edses para auxiliarnos.<\/p>\n<p>Hoy, los medios electr\u00f3nicos convierten en h\u00e9roes a los \u201c<em>millennials<\/em>\u201d.<\/p>\n<p>\u00bfNo tendr\u00e1n m\u00e1s de qu\u00e9 hablar? \u00bfBuscan m\u00e1s <em>rating<\/em>? En mi opini\u00f3n, los <em>millennials <\/em>hicieron lo correcto: dejaron su estado de confort y salieron a las calles a apoyar, se organizaron y trabajan donde se requiere; qu\u00e9 bueno que lo hacen.<\/p>\n<p>En 1985 hubo muchos j\u00f3venes, adultos, ni\u00f1os \u201csin etiquetas\u201d que hicieron lo mismo que hoy hacen los <em>\u201cmillennials\u201d<\/em>. Hubo m\u00e1s h\u00e9roes todos an\u00f3nimos, y los da\u00f1os fueron dram\u00e1ticamente mayores que nunca.<\/p>\n<p>Mis amigos<em> millennials <\/em>dicen que no puedo comparar los sismos del 85 y el reciente porque \u201ceran otros tiempos\u201d, \u201cno lo vivimos\u201d, \u201chay mucha diferencia\u201d. Lo que no acabo de entender es el tremendo cansancio f\u00edsico y emocional que les causa participar en el rescate, en albergues o cocinas improvisadas, es tanto que algunos han tenido que visitar al psic\u00f3logo o tomar medicamentos para sentirse tranquilos.<\/p>\n<p>Me alegra que no hayan vivido el sismo del 85, pero que no exageren, porque con etiquetas como <em>millennials<\/em> o sin ellas, los mexicanos hemos demostrado ser solidarios siempre que se necesita.<\/p>\n<p>Las redes sociales han servido para criticar, lanzar rumores, audios an\u00f3nimos, falsas alarmas, chismes y chistes. Muy pocos han hecho un trabajo serio, y los dem\u00e1s, en vez de ayudar confunden, dan informaci\u00f3n falsa, desaniman y en muchos casos entorpecen la informaci\u00f3n ver\u00eddica. Tambi\u00e9n han servido para subir fotos y \u201cpresumir\u201d c\u00f3mo y cu\u00e1nto \u201cayudan\u201d.<\/p>\n<p>S\u00e9 que a los medios electr\u00f3nicos les gusta aumentar el <em>rating<\/em> y, quiz\u00e1 por eso, los <em>millennials<\/em> son los h\u00e9roes del macro sismo en este 2017. Tienen mi reconocimiento y admiraci\u00f3n, pero por favor, no se \u201ccrean\u201d y sigan adelante con el mismo entusiasmo con que empezaron.<\/p>\n<p>\u2730\u2730\u2730\u2730\u2730 Debido al sismo del 19 de septiembre de 2017 en la Ciudad de M\u00e9xico, <em>Air France <\/em>y<em> KLM<\/em> reiteran su apoyo a clientes con boletos emitidos antes del 21 de septiembre o el mismo 21 de septiembre de 2017.<\/p>\n<p>Vuelos desde, hacia o v\u00eda la Ciudad de M\u00e9xico entre el 19 y el 26 de septiembre de 2017.<\/p>\n<p>A trav\u00e9s de la pol\u00edtica de protecci\u00f3n y flexibilidad de las aerol\u00edneas, para cambios de fecha o vuelo sin costo extra, deber\u00e1n ser efectuados antes del\u00a030 de septiembre de 2017 o durante ese d\u00eda.<\/p>\n<p>La nueva fecha de viaje debe establecerse antes del s\u00e1bado 30 de septiembre de 2017, incluido el s\u00e1bado.<\/p>\n<p>Para consultar la pol\u00edtica de excepci\u00f3n completa ponemos a su disposici\u00f3n para comunicarse al centro de atenci\u00f3n telef\u00f3nica (<em>Air France<\/em> 001 404 209 3507, <em>KLM<\/em> 001 404 209 3508); redes sociales; agencia de boletos o acercarse a su agente de viajes predilecto.<\/p>\n<p><strong>\u00a0<\/strong>\u2730\u2730\u2730\u2730\u2730 La Fundaci\u00f3n <em>Airbus <\/em>y la Fundaci\u00f3n <em>Angel Flight M\u00e9xico<\/em> por medio de su servicio de ambulancia a\u00e9rea unieron sus fuerzas para proporcionar transporte de emergencia a la poblaci\u00f3n afectada tras el terremoto ocurrido el pasado 19 de septiembre,<\/p>\n<p>Dos helic\u00f3pteros ligeros de la familia <em>Ecureuil<\/em> -un AS355 y un H130- fueron puestos a disposici\u00f3n para el traslado a hospitales de pacientes cr\u00edticamente heridos, as\u00ed como para el transporte de v\u00edveres y medicinas.<\/p>\n<p>Las operaciones comenzaron el mi\u00e9rcoles pasado con el traslado de ni\u00f1os heridos y el transporte de medicinas. Los helic\u00f3pteros tambi\u00e9n permitieron a expertos sobrevolar las 17 comunidades afectadas por el sismo y evaluar las necesidades.<\/p>\n<p>En el Estado de Morelos -epicentro del terremoto- la Cruz Roja pudo entregar m\u00e1s de una tonelada de v\u00edveres en beneficio de unas 200 familias.<\/p>\n<p>\u2730\u2730\u2730\u2730\u2730 Durante el sismo pasado, hay pacientes que perdieron sus lentes de contacto y hay personas ayudando que bien podr\u00edan utilizar lentes de contacto para los trabajos de rescate en lugar de armazones que complican el movimiento. <em>Cooper Visi\u00f3n M\u00e9xico <\/em>pone a disposici\u00f3n de las personas afectadas, rescatistas y voluntarios, lentes de contacto graduados para apoyarlos durante esta dif\u00edcil situaci\u00f3n.<\/p>\n<p>Puedes contactarlos directamente en el tel\u00e9fono: 01800 087 2028 o en el 5255 5478 7400.<\/p>\n<p>\u2730\u2730\u2730\u2730\u2730 Debemos retomar, dentro de lo posible, y poco a poco la actividad diaria por esta raz\u00f3n los invito a disfrutar del Festival Sabores de Oaxaca que se realiza en la Hacienda de los Morales que tiene una lista de platillos que la identifican como los siete moles regionales, los chapulines, tlayudas, molotes, tamales y deliciosos postres como la nieve de leche quemada o la capirotada de piloncillo y queso Cotija.<\/p>\n<p>Los platillos son maridados con vinos de la Casa <em>Monte Xanic<\/em>, recomendados por el sommelier Mauricio Mill\u00e1n. Es momento para relajarse y disfrutar la cocina tradicional de Oaxaca que en esta ocasi\u00f3n fue preparada por el subchef de la Hacienda, Benigno Fern\u00e1ndez y su equipo de cocina.<\/p>\n<p>Los Sabores de Oaxaca en la Hacienda de Los Morales estar\u00e1n lo que resta del mes de septiembre en el comedor principal de las 13:00 a las 00:00 horas.<\/p>\n<p><em><a href=\"mailto:victoriagprado@gmail.com\" target=\"_blank\" rel=\"noopener noreferrer\">victoriagprado@gmail.com<\/a><\/em><br \/>\n<em> Twitter: <a href=\"https:\/\/twitter.com\/victoriagprado\" target=\"_blank\" rel=\"noopener noreferrer\">@victoriagprado<\/a><\/em><\/p>\n","protected":false},"excerpt":{"rendered":"<p>Los que vivimos el sismo ocurrido el 19 de septiembre de 1985, no hemos olvidado que hubo m\u00e1s de diez mil muertos entre los escombros de derrumbes por todas partes de la ciudad.<\/p>\n","protected":false},"author":3,"featured_media":345676,"comment_status":"open","ping_status":"open","sticky":false,"template":"","format":"standard","meta":{"_monsterinsights_skip_tracking":false,"_monsterinsights_sitenote_active":false,"_monsterinsights_sitenote_note":"","_monsterinsights_sitenote_category":0,"footnotes":""},"categories":[11],"tags":[107,43674,43681,106],"class_list":["post-345585","post","type-post","status-publish","format-standard","has-post-thumbnail","hentry","category-turismo","tag-de-cinco-estrellas","tag-opinion","tag-turismo","tag-victoria-gonzalez-prado"],"_links":{"self":[{"href":"https:\/\/www.diarioimagen.net\/index.php?rest_route=\/wp\/v2\/posts\/345585","targetHints":{"allow":["GET"]}}],"collection":[{"href":"https:\/\/www.diarioimagen.net\/index.php?rest_route=\/wp\/v2\/posts"}],"about":[{"href":"https:\/\/www.diarioimagen.net\/index.php?rest_route=\/wp\/v2\/types\/post"}],"author":[{"embeddable":true,"href":"https:\/\/www.diarioimagen.net\/index.php?rest_route=\/wp\/v2\/users\/3"}],"replies":[{"embeddable":true,"href":"https:\/\/www.diarioimagen.net\/index.php?rest_route=%2Fwp%2Fv2%2Fcomments&post=345585"}],"version-history":[{"count":0,"href":"https:\/\/www.diarioimagen.net\/index.php?rest_route=\/wp\/v2\/posts\/345585\/revisions"}],"wp:featuredmedia":[{"embeddable":true,"href":"https:\/\/www.diarioimagen.net\/index.php?rest_route=\/wp\/v2\/media\/345676"}],"wp:attachment":[{"href":"https:\/\/www.diarioimagen.net\/index.php?rest_route=%2Fwp%2Fv2%2Fmedia&parent=345585"}],"wp:term":[{"taxonomy":"category","embeddable":true,"href":"https:\/\/www.diarioimagen.net\/index.php?rest_route=%2Fwp%2Fv2%2Fcategories&post=345585"},{"taxonomy":"post_tag","embeddable":true,"href":"https:\/\/www.diarioimagen.net\/index.php?rest_route=%2Fwp%2Fv2%2Ftags&post=345585"}],"curies":[{"name":"wp","href":"https:\/\/api.w.org\/{rel}","templated":true}]}}