{"id":345619,"date":"2017-09-26T00:17:36","date_gmt":"2017-09-26T05:17:36","guid":{"rendered":"http:\/\/www.diarioimagen.net\/?p=345619"},"modified":"2017-10-03T01:39:08","modified_gmt":"2017-10-03T06:39:08","slug":"partidos-caravana-con-sombrero-ajeno","status":"publish","type":"post","link":"https:\/\/www.diarioimagen.net\/?p=345619","title":{"rendered":"Partidos, caravana con sombrero ajeno"},"content":{"rendered":"<h2>Caleidoscopio<\/h2>\n<h5>Guillermina G\u00f3mora Ord\u00f3\u00f1ez<\/h5>\n<p>&nbsp;<\/p>\n<p>El m\u00fasculo ciudadano mostrado en d\u00edas pasados, tras los sismos del 7 y 19 de septiembre que afectaron a siete estados de la Rep\u00fablica, se alza con el pu\u00f1o en alto para celebrar la reasignaci\u00f3n de recursos destinados a los partidos pol\u00edticos.<\/p>\n<p>Se trata de casi 7 mil millones de pesos, dinero p\u00fablico, que el <strong>Instituto Nacional Electoral (INE)<\/strong>, aprob\u00f3 para el financiamiento a los nueve partidos pol\u00edticos nacionales y a los candidatos independientes que competir\u00e1n por cargos de elecci\u00f3n popular en las elecciones del 2018.<\/p>\n<p>Lo que parec\u00eda imposible y hasta unos d\u00edas ilegal, seg\u00fan el <strong>INE<\/strong>, avanz\u00f3. La presi\u00f3n ciudadana ejercida desde la plataforma de <strong>Change.org<\/strong>,\u00a0 donde se convoca a donar este dinero a las v\u00edctimas de los sismos y que en menos de 24 horas obtuvo\u00a0 el respaldo de casi dos millones de firmas, (la meta son tres millones) resolvi\u00f3 el entuerto.<\/p>\n<p>Cabe aclarar que los partidos pol\u00edticos no van a \u201cdonar su dinero\u201d, van a regresar a la Tesorer\u00eda de la Federaci\u00f3n los recursos que se les asignan de nuestros impuestos, para que desde ah\u00ed, la <strong>Secretar\u00eda de Hacienda y Cr\u00e9dito P\u00fablico, <\/strong>\u00a0los canalice a donde haga falta en estos momentos de tragedia.<\/p>\n<p>No hay que perder de vista esta precisi\u00f3n, pues no falta el oportunista que pretenda capitalizar pol\u00edticamente el reclamo ciudadano, como <strong>Andr\u00e9s Manuel L\u00f3pez Obrador, dirigente de Morena, <\/strong>que desea crear un fideicomiso \u00a0para \u201centregar directamente\u201d la ayuda, lo que genera suspicacias, da pie al clientelismo, y la\u00a0 compra del voto.<\/p>\n<p>Y \u00bfqu\u00e9 tal el \u00e1rbitro?, <strong>el INE<\/strong> solicit\u00f3 para el pr\u00f3ximo a\u00f1o un presupuesto de m\u00e1s de\u00a0 25 mil millones de pesos, de los cuales 18 mil 256 millones ser\u00e1n para el gasto operativo del Instituto. Todo indica que la monarqu\u00eda electoral no est\u00e1 dispuesta a sacrificar sus lujosas prestaciones laborales, que tambi\u00e9n salen de nuestros impuestos.<\/p>\n<p>Por lo pronto, el <strong>PRI<\/strong> fue al INE a \u201cdonar\u201d el 25% de los recursos que le asignaron para este a\u00f1o, m\u00e1s de 258 millones de pesos, en tanto <strong>PAN, PRD <\/strong>y<strong> MC<\/strong> ofrecen el 100 por ciento, <strong>Morena<\/strong> el 50 por ciento, pero para el a\u00f1o que viene, cuando la urgencia es hoy.<\/p>\n<p>Otra arista de la pol\u00e9mica, sobre la que casi no han hablado es que pidieron al <strong>INE<\/strong> eliminar candados y l\u00edmites para poder obtener financiamiento privado, actualmente prohibido por la ley electoral.<\/p>\n<p>Un doble discurso, pues mientras\u00a0 quieren \u201cdonar\u201d un dinero que no es suyo, por otro lado, solicitan a la autoridad que permita el financiamiento privado, una vieja pr\u00e1ctica, soterrada y pol\u00e9mica pues existe la sospecha de dinero il\u00edcito en las campa\u00f1as.<\/p>\n<p>Focos rojos se encendieron en el INE por el tema de la fiscalizaci\u00f3n y las reformas legales a realizarse, ya que mientras se lleven a cabo en el Congreso, los partidos tendr\u00edan ingresos m\u00faltiples para hacer caravana con sombrero ajeno y despacharse con la cuchara grande, v\u00eda las aportaciones privadas<\/p>\n<p>En fin, que durante esta semana todos los partidos pol\u00edticos deber\u00e1n poner sobre la mesa el alcance de sus propuestas para recortar las prerrogativas asignadas. No hay que olvidar que son recursos del paquete presupuestal que deber\u00e1 ser aprobado por la <strong>C\u00e1mara de Diputados y el Senado de la Rep\u00fablica<\/strong>.<\/p>\n<p>&nbsp;<\/p>\n<p style=\"text-align: center;\"><strong>VERICUENTOS<\/strong><\/p>\n<p style=\"text-align: center;\"><strong>Desaf\u00edo tricolor<\/strong><\/p>\n<p>Los pri\u00edstas lanzan el reto a sus pares en el Congreso, los <strong>coordinadores de las bancadas, Emilio Gamboa y C\u00e9sar Camacho<\/strong>, presentar\u00e1n la propuesta\u00a0 para eliminar\u00a0 todo financiamiento p\u00fablico a los partidos pol\u00edticos, de tal forma que en el a\u00f1o del 2018 se destinen los 6 mil 800 millones de pesos a la ciudadan\u00eda afectada.<\/p>\n<p>Tambi\u00e9n retomar\u00e1n la propuesta para reducir el n\u00famero de legisladores, eliminando a 200 diputados federales, 458 diputados locales de representaci\u00f3n proporcional. Y en el caso del Senado, 32 plurinominales y 32 de primera minor\u00eda. Se estima que con ellos se contar\u00e1 con un presupuesto, el a\u00f1o que viene, de aproximadamente 11 mil millones de pesos<strong>. \u00a1\u00d3rale!<\/strong><\/p>\n<p style=\"text-align: center;\"><strong>Mancera reconstrucci\u00f3n<\/strong><\/p>\n<p>Con gran expectativa se espera el proyecto que presentar\u00e1 el <strong>jefe de gobierno de la Ciudad de M\u00e9xico,<\/strong> para la reconstrucci\u00f3n de las zonas afectadas por el sismo. <strong>Miguel \u00c1ngel Mancera<\/strong>, se comprometi\u00f3 a investigar y castigar a los responsables de los edificios que resultaron\u00a0 da\u00f1ados.<\/p>\n<p>Aunque\u00a0 estaba por separarse del cargo a principios de octubre, Mancera se quedar\u00e1 para atender la emergencia. <strong>\u00a1Vientos!<\/strong><\/p>\n<p style=\"text-align: center;\"><strong>Las malas ma\u00f1as de\u00a0 Graco<\/strong><\/p>\n<p>Vaya exhibida que les dieron al <strong>gobernador de Morelos, Graco Ram\u00edrez y a su esposa\u00a0 Elena Cepeda<\/strong>, cuando pretend\u00edan lucrar con el apoyo enviado a los damnificados por el sismo.<\/p>\n<p>El descontento fue tal que durante el recorrido que realiz\u00f3 acompa\u00f1ado por el <strong>secretario de Gobernaci\u00f3n, Miguel \u00c1ngel Osorio<\/strong>, los habitantes denunciaron sus abusos y le advirtieron que tuviera cuidado con \u201cla rata\u201d. <strong>\u00a1Sopas!<\/strong><\/p>\n<p><a href=\"mailto:guillegomora@hotmail.com\" target=\"_blank\" rel=\"noopener noreferrer\"><i>guillegomora@hotmail.com<br \/>\n<\/i><\/a><a href=\"https:\/\/twitter.com\/guillegomora?lang=es\" target=\"_blank\" rel=\"noopener noreferrer\"><i>@guillegomora<\/i><\/a><\/p>\n","protected":false},"excerpt":{"rendered":"<p><span style=\"color: #005497;\"><strong>Guillermina G\u00f3mora Ord\u00f3\u00f1ez<\/strong><\/span><\/p>\n","protected":false},"author":3,"featured_media":0,"comment_status":"open","ping_status":"open","sticky":false,"template":"","format":"standard","meta":{"_monsterinsights_skip_tracking":false,"_monsterinsights_sitenote_active":false,"_monsterinsights_sitenote_note":"","_monsterinsights_sitenote_category":0,"footnotes":""},"categories":[58361],"tags":[],"class_list":["post-345619","post","type-post","status-publish","format-standard","hentry","category-guillermina-gomora-ordonez"],"_links":{"self":[{"href":"https:\/\/www.diarioimagen.net\/index.php?rest_route=\/wp\/v2\/posts\/345619","targetHints":{"allow":["GET"]}}],"collection":[{"href":"https:\/\/www.diarioimagen.net\/index.php?rest_route=\/wp\/v2\/posts"}],"about":[{"href":"https:\/\/www.diarioimagen.net\/index.php?rest_route=\/wp\/v2\/types\/post"}],"author":[{"embeddable":true,"href":"https:\/\/www.diarioimagen.net\/index.php?rest_route=\/wp\/v2\/users\/3"}],"replies":[{"embeddable":true,"href":"https:\/\/www.diarioimagen.net\/index.php?rest_route=%2Fwp%2Fv2%2Fcomments&post=345619"}],"version-history":[{"count":0,"href":"https:\/\/www.diarioimagen.net\/index.php?rest_route=\/wp\/v2\/posts\/345619\/revisions"}],"wp:attachment":[{"href":"https:\/\/www.diarioimagen.net\/index.php?rest_route=%2Fwp%2Fv2%2Fmedia&parent=345619"}],"wp:term":[{"taxonomy":"category","embeddable":true,"href":"https:\/\/www.diarioimagen.net\/index.php?rest_route=%2Fwp%2Fv2%2Fcategories&post=345619"},{"taxonomy":"post_tag","embeddable":true,"href":"https:\/\/www.diarioimagen.net\/index.php?rest_route=%2Fwp%2Fv2%2Ftags&post=345619"}],"curies":[{"name":"wp","href":"https:\/\/api.w.org\/{rel}","templated":true}]}}