{"id":345711,"date":"2017-09-27T00:07:33","date_gmt":"2017-09-27T05:07:33","guid":{"rendered":"http:\/\/www.diarioimagen.net\/?p=345711"},"modified":"2017-09-27T06:40:55","modified_gmt":"2017-09-27T11:40:55","slug":"aseguran-29-paquetes-de-cocaina-en-cuautitlan-izcalli","status":"publish","type":"post","link":"https:\/\/www.diarioimagen.net\/?p=345711","title":{"rendered":"Aseguran 29 paquetes de coca\u00edna en Cuautitl\u00e1n Izcalli"},"content":{"rendered":"<ul>\n<li><em><strong>Operativo de la FGJEM y Polic\u00eda Municipal<\/strong><\/em><\/li>\n<\/ul>\n<p>&nbsp;<\/p>\n<div id=\"attachment_345712\" style=\"width: 470px\" class=\"wp-caption aligncenter\"><img loading=\"lazy\" decoding=\"async\" aria-describedby=\"caption-attachment-345712\" class=\"size-large wp-image-345712\" src=\"http:\/\/www.diarioimagen.net\/wp-content\/uploads\/2017\/09\/COCAINA27-portal-460x268.jpg\" alt=\"\" width=\"460\" height=\"268\" srcset=\"https:\/\/www.diarioimagen.net\/wp-content\/uploads\/2017\/09\/COCAINA27-portal-460x268.jpg 460w, https:\/\/www.diarioimagen.net\/wp-content\/uploads\/2017\/09\/COCAINA27-portal-240x140.jpg 240w, https:\/\/www.diarioimagen.net\/wp-content\/uploads\/2017\/09\/COCAINA27-portal.jpg 480w\" sizes=\"auto, (max-width: 460px) 100vw, 460px\" \/><p id=\"caption-attachment-345712\" class=\"wp-caption-text\">Agentes de la FGJEM y de la polic\u00eda municipal de Cuautitl\u00e1n Izcalli aseguraron 29 paquetes con coca\u00edna y detuvieron a cuatro personas.<\/p><\/div>\n<p>&nbsp;<\/p>\n<p>Cuautitl\u00e1n Izcalli, M\u00e9x.- Elementos de la Secretar\u00eda de Seguridad, de la Fiscal\u00eda General de Justicia del Estado de M\u00e9xico (FGJEM) y de la polic\u00eda municipal de Cuautitl\u00e1n Izcalli aseguraron 29 paquetes con coca\u00edna, de un peso aproximado cada uno de un kilogramo, y detuvieron a cuatro personas.<\/p>\n<p>El operativo se realiz\u00f3 derivado de la denuncia por robo con violencia de una unidad de transporte de carga; con esta informaci\u00f3n elementos de las tres corporaciones implementaron una movilizaci\u00f3n en calles cercanas al Fraccionamiento Bosques del Lago, donde fue detectado el tractocami\u00f3n y varias personas que depositaban mercanc\u00eda en un veh\u00edculo compacto.<\/p>\n<p>Al realizar una revisi\u00f3n preventiva, se localizaron los 29 paquetes con coca\u00edna en el interior de la cabina de la unidad de carga, as\u00ed como un par de inhibidores de se\u00f1al, por lo que fueron detenidos Belem \u00abN\u00bb, Armando \u00abN\u00bb, Florencio \u00abN\u00bb y Sergio \u00abN\u00bb.<\/p>\n<p>Los cuatro detenidos, los dos automotores y la sustancia prohibida fueron puestos a disposici\u00f3n del Ministerio P\u00fablico, donde se determinar\u00e1 su situaci\u00f3n jur\u00eddica. De los paquetes con coca\u00edna que fueron localizados, la FGJEM enviar\u00e1 un desglose de la carpeta de investigaci\u00f3n iniciada al Ministerio P\u00fablico de la federaci\u00f3n, autoridad que continuar\u00e1 con las indagatorias correspondientes.<\/p>\n","protected":false},"excerpt":{"rendered":"<p>Elementos de la Secretar\u00eda de Seguridad, de la Fiscal\u00eda General de Justicia del Estado de M\u00e9xico (FGJEM) y de la polic\u00eda municipal de Cuautitl\u00e1n Izcalli aseguraron 29 paquetes con coca\u00edna, de un peso aproximado cada uno de un kilogramo, y detuvieron a cuatro personas.<\/p>\n","protected":false},"author":5,"featured_media":345712,"comment_status":"open","ping_status":"open","sticky":false,"template":"","format":"standard","meta":{"_monsterinsights_skip_tracking":false,"_monsterinsights_sitenote_active":false,"_monsterinsights_sitenote_note":"","_monsterinsights_sitenote_category":0,"footnotes":""},"categories":[35155],"tags":[65844,65847,65846,971,65845,65848],"class_list":["post-345711","post","type-post","status-publish","format-standard","has-post-thumbnail","hentry","category-estado-de-mexico-estado-de-mexico","tag-29-paquetes-de-cocaina","tag-armando-n","tag-belem-n","tag-cuautitlan-izcalli","tag-fgjem-y-policia-municipal","tag-florencio-n-y-sergio-n"],"_links":{"self":[{"href":"https:\/\/www.diarioimagen.net\/index.php?rest_route=\/wp\/v2\/posts\/345711","targetHints":{"allow":["GET"]}}],"collection":[{"href":"https:\/\/www.diarioimagen.net\/index.php?rest_route=\/wp\/v2\/posts"}],"about":[{"href":"https:\/\/www.diarioimagen.net\/index.php?rest_route=\/wp\/v2\/types\/post"}],"author":[{"embeddable":true,"href":"https:\/\/www.diarioimagen.net\/index.php?rest_route=\/wp\/v2\/users\/5"}],"replies":[{"embeddable":true,"href":"https:\/\/www.diarioimagen.net\/index.php?rest_route=%2Fwp%2Fv2%2Fcomments&post=345711"}],"version-history":[{"count":0,"href":"https:\/\/www.diarioimagen.net\/index.php?rest_route=\/wp\/v2\/posts\/345711\/revisions"}],"wp:featuredmedia":[{"embeddable":true,"href":"https:\/\/www.diarioimagen.net\/index.php?rest_route=\/wp\/v2\/media\/345712"}],"wp:attachment":[{"href":"https:\/\/www.diarioimagen.net\/index.php?rest_route=%2Fwp%2Fv2%2Fmedia&parent=345711"}],"wp:term":[{"taxonomy":"category","embeddable":true,"href":"https:\/\/www.diarioimagen.net\/index.php?rest_route=%2Fwp%2Fv2%2Fcategories&post=345711"},{"taxonomy":"post_tag","embeddable":true,"href":"https:\/\/www.diarioimagen.net\/index.php?rest_route=%2Fwp%2Fv2%2Ftags&post=345711"}],"curies":[{"name":"wp","href":"https:\/\/api.w.org\/{rel}","templated":true}]}}