{"id":345816,"date":"2017-09-27T00:11:19","date_gmt":"2017-09-27T05:11:19","guid":{"rendered":"http:\/\/www.diarioimagen.net\/?p=345816"},"modified":"2017-09-27T08:22:31","modified_gmt":"2017-09-27T13:22:31","slug":"pri-quitara-fondo-de-moches-al-pan-y-otros","status":"publish","type":"post","link":"https:\/\/www.diarioimagen.net\/?p=345816","title":{"rendered":"PRI quitar\u00e1 fondo de \u201cmoches\u201d al PAN, y otros"},"content":{"rendered":"<h2>Tras la puerta del poder<\/h2>\n<h5>Roberto Vizca\u00edno<\/h5>\n<p>&nbsp;<\/p>\n<div id=\"attachment_345923\" style=\"width: 470px\" class=\"wp-caption aligncenter\"><a href=\"http:\/\/www.diarioimagen.net\/?attachment_id=345923\" rel=\"attachment wp-att-345923\"><img loading=\"lazy\" decoding=\"async\" aria-describedby=\"caption-attachment-345923\" class=\"size-large wp-image-345923\" src=\"http:\/\/www.diarioimagen.net\/wp-content\/uploads\/2017\/09\/rapina-LUIS-XAVIER-3216-460x350.jpg\" alt=\"\" width=\"460\" height=\"350\" srcset=\"https:\/\/www.diarioimagen.net\/wp-content\/uploads\/2017\/09\/rapina-LUIS-XAVIER-3216-460x350.jpg 460w, https:\/\/www.diarioimagen.net\/wp-content\/uploads\/2017\/09\/rapina-LUIS-XAVIER-3216-240x182.jpg 240w, https:\/\/www.diarioimagen.net\/wp-content\/uploads\/2017\/09\/rapina-LUIS-XAVIER-3216-768x584.jpg 768w, https:\/\/www.diarioimagen.net\/wp-content\/uploads\/2017\/09\/rapina-LUIS-XAVIER-3216.jpg 1200w\" sizes=\"auto, (max-width: 460px) 100vw, 460px\" \/><\/a><p id=\"caption-attachment-345923\" class=\"wp-caption-text\">Rapi\u00f1a&#8230; | Luis Xavier<\/p><\/div>\n<p>&nbsp;<\/p>\n<p>En una acci\u00f3n box\u00edstica de uno-dos, el PRI anunci\u00f3 ayer que no s\u00f3lo va por la anulaci\u00f3n del 100 por ciento de los multimillonarios subsidios anuales a los partidos pol\u00edticos, sino que usar\u00e1 su fuerza mayoritaria en la C\u00e1mara de Diputados para desaparecer el Fondo para el Fortalecimiento de la Infraestructura Estatal y Municipal mediante el cual diputados panistas (seg\u00fan est\u00e1 documentado), cobran \u201cmoches\u201d a alcaldes y constructoras.<\/p>\n<p>Al anunciar lo anterior, el coordinador de la bancada del tricolor en San L\u00e1zaro, el ex gobernador mexiquense C\u00e9sar Camacho, indic\u00f3:<\/p>\n<p>\u201cQuiero decirles que en el proyecto de Presupuesto de la Federaci\u00f3n para 2018, no aparece ninguna partida relacionada al Fortalece (como se conoce coloquialmente entre los diputados panistas a este fondo), que es un fondo para apoyar con obras en estados y municipios.<\/p>\n<p>\u201cEste fondo tuvo recursos por 10 mil millones de pesos el a\u00f1o anterior, y este a\u00f1o se le asignaron 9 mil 300 millones de pesos, esto le dio la oportunidad a diputados de todas las fracciones partidarias de direccionar recursos\u201d.<\/p>\n<p>Tradicionalmente este fondo destinaba 10 millones a cada diputado federal para ser aplicado a obras en los municipios de su distrito electoral.<\/p>\n<p>Con base en ello los diputados blanquiazules, seg\u00fan se supo a partir de sus conflictos internos, decid\u00edan el destino de esos 10 millones y algunos cobraban \u201cmoches\u201d a los alcaldes y constructoras beneficiadas.<\/p>\n<p>\u00abEl PRI plantea la desaparici\u00f3n del Fortalece\u201d, indic\u00f3 Camacho.<\/p>\n<p>\u201cNi un centavo a ninguna diputada o diputado para disponer de ello, el dinero no sobra, ser\u00e1 la Comisi\u00f3n de Presupuesto la que tendr\u00e1 la prioridad de reasignar recursos a la reconstrucci\u00f3n nacional\u201d, coment\u00f3.<\/p>\n<p style=\"text-align: center;\"><strong>PAN-PRD y MC quieren venganza<\/strong><\/p>\n<p>Evidentemente tocados por las decisiones anunciadas por el PRI para eliminar el 100 por ciento de los subsidios p\u00fablicos a partidos pol\u00edticos, lo que se suma a una iniciativa de reforma Constitucional para desaparecer a los pluris ya sean senadores, diputados federales, o diputados locales, y ahora para desaparecer el fondo de los \u201cmoches\u201d, las dirigencias del llamado Frente Ciudadano por M\u00e9xico anunciaron desde San L\u00e1zaro que promover\u00e1n la concertaci\u00f3n de un amplio programa de austeridad nacional.<\/p>\n<p>Este programa no s\u00f3lo eliminar\u00eda los subsidios multimillonarios a los partidos pol\u00edticos, y dar\u00eda fin a la existencia de diputados y senadores pluris, sino que someter\u00eda a recortes draconianos al gobierno federal y a los poderes Legislativo y Judicial para as\u00ed ahorrar 60 mil millones de pesos cada a\u00f1o que ser\u00edan destinados a la reconstrucci\u00f3n nacional.<\/p>\n<p>Como nadie tiene confianza en el gobierno ni en los partidos ni en los medios informativos ni en nadie, entonces los dirigentes del Frente Ciudadano, es decir: Alejandra Barrales, presidenta del PRD; Ricardo Anaya, presidente del PAN y Dante Delgado l\u00edder vitalicio del Movimiento Ciudadano, promover\u00e1n la creaci\u00f3n de una contralor\u00eda ciudadana integrada por personajes reconocidos de la sociedad que sea la que decida el destino de esos 60 mil millones de pesos.<\/p>\n<p>El plan, que es por dem\u00e1s absurdo por inviable, pretende despedir al 50 por ciento de la burocracia en los poderes Ejecutivo, Legislativo y Judicial desde los niveles de jefes de departamento, directores, subsecretarios y secretarios, un corredero a diestra y siniestra junto con la suspensi\u00f3n de servicios m\u00e9dicos y seguros de vida, pagos de vi\u00e1ticos, alimentos, veh\u00edculos, transporte, celulares y todo el personal contratado por honorarios.<\/p>\n<p>\u00bfC\u00f3mo se financiar\u00edan los partidos? Con aportaciones privadas.<\/p>\n<p>El plan del Frente fue calificado por sus creadores como \u201cun triunfo m\u00e1s\u201d, \u201cun verdadero plan de austeridad\u201d, una medida para \u201centrarle a un ahorro de a de veras, no de simulaci\u00f3n\u201d, etc\u2026<\/p>\n<p>Interrogados respecto a c\u00f3mo lograr\u00edan avanzar este plan si ellos mismos \u2013Anaya, Barrales y Dante Delgado- son altamente cuestionados por su falta de probidad, Barrales indic\u00f3 que desgraciadamente todas las instituciones, partidos y hasta medios informativos en M\u00e9xico son poco fiables.<\/p>\n<p>Un reportero les record\u00f3 que Ricardo Anaya es ahora cuestionado por no aclarar una fortuna familiar de m\u00e1s de 300 millones de pesos; que Barrales\u00a0 ha podido comprobar c\u00f3mo es posible que sea propietaria de un costoso departamento en Miami y de Dante Delgado solo hay que recordar que fue encarcelado por peculado en Veracruz.<\/p>\n<p style=\"text-align: center;\"><strong>Todos a una<\/strong><\/p>\n<p>Pr\u00e1cticamente al mismo tiempo en la C\u00e1mara de Senadores, la legisladora perredista, Ang\u00e9lica de la Pe\u00f1a, promov\u00eda la creaci\u00f3n de un Padr\u00f3n \u00danico de Beneficiarios con los afectados de los sismos de este septiembre.<\/p>\n<p>Este padr\u00f3n, dijo, dar\u00eda certidumbre no s\u00f3lo a los afectados sino a la sociedad en su conjunto, al contar con un conjunto de instrumentos, sistemas y reglas que permitan la identificaci\u00f3n, caracterizaci\u00f3n e integraci\u00f3n de los beneficiarios del Fondo Nacional de Reconstrucci\u00f3n 2017.<\/p>\n<p>As\u00ed se avanzar\u00eda dentro de una verdadera transparencia, rendici\u00f3n de cuentas y participaci\u00f3n ciudadana en la reconstrucci\u00f3n de las viviendas de los damnificados.<\/p>\n<p>De esta forma, afirm\u00f3 la senadora De la Pe\u00f1a, el Congreso estar\u00eda dando una respuesta inmediata a los afectados por los sismos del 7 y 19 de septiembre y estar\u00eda estableciendo el orden jur\u00eddico que regule la tarea.<\/p>\n<p>De igual forma la presidenta de la Comisi\u00f3n de Derechos Humanos del Senado, propuso crear la Ley del Fondo Nacional de Reconstrucci\u00f3n 2017, para permitir que el Estado mexicano, coordine integralmente a los gobiernos estatales y municipales, y a los sectores social y privado, en el restablecimiento de las comunidades afectadas.<\/p>\n<p>Ello permitir\u00eda, dijo De la Pe\u00f1a, una tarea de reconstrucci\u00f3n ordenada, efectiva y eficaz\u00a0 de la infraestructura de vivienda, de los servicios de salud, educaci\u00f3n, comunicaci\u00f3n y, en general, la ejecuci\u00f3n de acciones para garantizar la reactivaci\u00f3n de la econom\u00eda y la normalizaci\u00f3n de las actividades de la sociedad, el sector p\u00fablico y privado.<\/p>\n<p>El objetivo de la ley, dijo, ser\u00e1 el de construir un fondo que garantice la captaci\u00f3n de ingresos derivados de las asignaciones y contribuciones para la reconstrucci\u00f3n y rehabilitaci\u00f3n de viviendas, infraestructura escolar, provisi\u00f3n de albergue y servicios m\u00e9dicos, infraestructura de agua potable, construcci\u00f3n y rehabilitaci\u00f3n de carreteras, vialidades y caminos rurales, as\u00ed como para la atenci\u00f3n de las personas damnificadas.<\/p>\n<p>El Fondo, explic\u00f3, se integrar\u00eda con las aportaciones de los tres \u00f3rdenes de gobierno, as\u00ed como de estados extranjeros, organismos internacionales, organizaciones de la sociedad civil y cualquier otro de procedencia l\u00edcita.<\/p>\n<p>Ah\u00ed se derivar\u00edan las aportaciones de los partidos pol\u00edticos, de los ahorros y recortes de organismos aut\u00f3nomos y de los poderes de la Uni\u00f3n,<\/p>\n<p>De la Pe\u00f1a indic\u00f3 que el Presupuesto de Egresos de la Federaci\u00f3n 2018 deber\u00e1 destinar una partida inicial de al menos\u00a0 20 mil millones de pesos para comenzar a hacer frente a las tareas de reconstrucci\u00f3n.<\/p>\n<p>La perredista asegur\u00f3 que las autoridades responsables deber\u00e1n garantizar los recursos econ\u00f3micos y humanos necesarios, as\u00ed como ser administrados y ejercidos bajo los principios de eficacia, eficiencia, econom\u00eda, honradez, transparencia y rendici\u00f3n de cuentas.<\/p>\n<p>Todo el programa de reconstrucci\u00f3n deber\u00e1 estar sujeto a un estricto control y transparencia.<\/p>\n<p><em><a href=\"mailto:rvizcainoa@gmail.com\" target=\"_blank\" rel=\"noopener noreferrer\">rvizcainoa@gmail.com<\/a><\/em><br \/>\n<em><a href=\"http:\/\/www.endirecto.com.mx\/\" target=\"_blank\" rel=\"noopener noreferrer\">www.endirecto.com.mx<\/a><\/em><br \/>\n<em><a href=\"https:\/\/twitter.com\/_rvizcaino\" target=\"_blank\" rel=\"noopener noreferrer\">@_RVizcaino<\/a><\/em><br \/>\n<a href=\"https:\/\/www.facebook.com\/rvizcainoa\" target=\"_blank\" rel=\"noopener noreferrer\">f<em>acebook.com\/rvizcainoa<\/em><\/a><\/p>\n","protected":false},"excerpt":{"rendered":"<p><span style=\"color: #005497;\"><strong>Roberto Vizca\u00edno<\/strong><\/span><br \/>\n<br \/>\nEn una acci\u00f3n box\u00edstica de uno-dos, el PRI anunci\u00f3 ayer que no s\u00f3lo va por la anulaci\u00f3n del 100 por ciento de los multimillonarios subsidios anuales a los partidos pol\u00edticos, sino que usar\u00e1 su fuerza mayoritaria en la C\u00e1mara de Diputados para desaparecer el Fondo para el Fortalecimiento de la Infraestructura Estatal y Municipal mediante el cual diputados panistas (seg\u00fan est\u00e1 documentado), cobran \u201cmoches\u201d a alcaldes y constructoras.<\/p>\n","protected":false},"author":3,"featured_media":345923,"comment_status":"open","ping_status":"open","sticky":false,"template":"","format":"standard","meta":{"_monsterinsights_skip_tracking":false,"_monsterinsights_sitenote_active":false,"_monsterinsights_sitenote_note":"","_monsterinsights_sitenote_category":0,"footnotes":""},"categories":[136],"tags":[43674,93,94],"class_list":["post-345816","post","type-post","status-publish","format-standard","has-post-thumbnail","hentry","category-roberto-vizcaino-opinion","tag-opinion","tag-roberto-vizcaino","tag-tras-la-puerta-del-poder"],"_links":{"self":[{"href":"https:\/\/www.diarioimagen.net\/index.php?rest_route=\/wp\/v2\/posts\/345816","targetHints":{"allow":["GET"]}}],"collection":[{"href":"https:\/\/www.diarioimagen.net\/index.php?rest_route=\/wp\/v2\/posts"}],"about":[{"href":"https:\/\/www.diarioimagen.net\/index.php?rest_route=\/wp\/v2\/types\/post"}],"author":[{"embeddable":true,"href":"https:\/\/www.diarioimagen.net\/index.php?rest_route=\/wp\/v2\/users\/3"}],"replies":[{"embeddable":true,"href":"https:\/\/www.diarioimagen.net\/index.php?rest_route=%2Fwp%2Fv2%2Fcomments&post=345816"}],"version-history":[{"count":0,"href":"https:\/\/www.diarioimagen.net\/index.php?rest_route=\/wp\/v2\/posts\/345816\/revisions"}],"wp:featuredmedia":[{"embeddable":true,"href":"https:\/\/www.diarioimagen.net\/index.php?rest_route=\/wp\/v2\/media\/345923"}],"wp:attachment":[{"href":"https:\/\/www.diarioimagen.net\/index.php?rest_route=%2Fwp%2Fv2%2Fmedia&parent=345816"}],"wp:term":[{"taxonomy":"category","embeddable":true,"href":"https:\/\/www.diarioimagen.net\/index.php?rest_route=%2Fwp%2Fv2%2Fcategories&post=345816"},{"taxonomy":"post_tag","embeddable":true,"href":"https:\/\/www.diarioimagen.net\/index.php?rest_route=%2Fwp%2Fv2%2Ftags&post=345816"}],"curies":[{"name":"wp","href":"https:\/\/api.w.org\/{rel}","templated":true}]}}