{"id":345848,"date":"2017-09-27T00:07:30","date_gmt":"2017-09-27T05:07:30","guid":{"rendered":"http:\/\/www.diarioimagen.net\/?p=345848"},"modified":"2017-09-27T06:53:24","modified_gmt":"2017-09-27T11:53:24","slug":"palacio-napoleonico","status":"publish","type":"post","link":"https:\/\/www.diarioimagen.net\/?p=345848","title":{"rendered":"Palacio napole\u00f3nico"},"content":{"rendered":"<h2>Detr\u00e1s del Poder<\/h2>\n<h5>Jos\u00e9 Antonio L\u00f3pez Sosa<\/h5>\n<p>&nbsp;<\/p>\n<p><strong>Biarritz, Francia<\/strong>.- Llegamos a una de las ciudades m\u00e1s espectaculares del Pa\u00eds Vasco en Francia, sus acantilados y playas tienen la caracter\u00edstica del norte galo, la arquitectura es muy peculiar y la gente tiene la herencia de las vascongadas que comparten territorio tanto en Espa\u00f1a como en Francia.<\/p>\n<p>Hacia el siglo XIX se construy\u00f3 un palacio que Napole\u00f3n Bonaparte mand\u00f3 a construir especialmente para Ema, una mujer de la que se enamor\u00f3 y as\u00ed naci\u00f3 un impresionante recinto con forma arquitect\u00f3nica de una E. Fungi\u00f3 como palacio por d\u00e9cadas, aqu\u00ed el propio Napole\u00f3n tuvo un despacho, aqu\u00ed se dieron importantes celebraciones y se tomaron tambi\u00e9n decisiones que tuvieron que ver con la vida pol\u00edtica y social de este pa\u00eds.<\/p>\n<p>A principios del siglo XX se convirti\u00f3 en hotel, operaba \u00fanicamente en el invierno y d\u00e9cadas m\u00e1s tarde, fue adquirido por el ayuntamiento de la ciudad y hoy representa uno de los tesoros arquitect\u00f3nicos m\u00e1s impresionantes y valiosos de Francia.<\/p>\n<p>Es llamado Hotel Du Palais Biarritz, conserva su arquitectura original y su decoraci\u00f3n es plenamente francesa de entre los siglos XVII y XX.<\/p>\n<p>El ayuntamiento de Biarritz encontr\u00f3 la forma perfecta de hacer un palacio hist\u00f3rico, un aut\u00e9ntico museo vivo, fomentando el turismo hacia la regi\u00f3n y permitiendo compartir parte de la historia de Europa con quienes lo visitan.<\/p>\n<p>Por sus pasillos y habitaciones han pasado lo mismo presidentes que embajadores, pol\u00edticos y ling\u00fcsitas; de cada uno se guarda una remembranza, sea con alg\u00fan detalle en la decoraci\u00f3n o con el nombre puesto a alguno de los salones o habitaciones del hotel.<\/p>\n<p>En pocos lugares del mundo se puede dormir dentro de un lugar con tal historia y magnificencia, es uno de los palacios m\u00e1s grandes y ostentosos de Francia ba\u00f1ado por las playas del golfo de Viscaya.<\/p>\n<p>Este museo vivo guarda en sus gariboleados techos y entre sus obras de arte perfectamente dispuestas, cientos de historias que forman parte de la regi\u00f3n.<\/p>\n<p>Hallamos una forma distinta de conocer de la historia del Pa\u00eds Vasco franc\u00e9s, durmiento literalmente entre muros llenos de historias, mitos y secretos del estado franc\u00e9s.<\/p>\n<p><em><a href=\"http:\/\/www.lopezsosa.com\" target=\"_blank\" rel=\"noopener noreferrer\">www.lopezsosa.com<\/a><br \/>\n<a href=\"mailto:joseantonio@lopezsosa.com\" target=\"_blank\" rel=\"noopener noreferrer\">joseantonio@lopezsosa.com<\/a><br \/>\n<a href=\"http:\/\/twitter.com\/joseantonio1977\" target=\"_blank\" rel=\"noopener noreferrer\">@joseantonio1977<\/a><\/em><\/p>\n","protected":false},"excerpt":{"rendered":"<p><span style=\"color: #005497;\"><strong>Jos\u00e9 Antonio L\u00f3pez Sosa<\/strong><\/span><\/p>\n","protected":false},"author":3,"featured_media":0,"comment_status":"open","ping_status":"open","sticky":false,"template":"","format":"standard","meta":{"_monsterinsights_skip_tracking":false,"_monsterinsights_sitenote_active":false,"_monsterinsights_sitenote_note":"","_monsterinsights_sitenote_category":0,"footnotes":""},"categories":[637],"tags":[65865,2115,43674],"class_list":["post-345848","post","type-post","status-publish","format-standard","hentry","category-jose-antonio-lopez-sosa","tag-biarritz","tag-francia","tag-opinion"],"_links":{"self":[{"href":"https:\/\/www.diarioimagen.net\/index.php?rest_route=\/wp\/v2\/posts\/345848","targetHints":{"allow":["GET"]}}],"collection":[{"href":"https:\/\/www.diarioimagen.net\/index.php?rest_route=\/wp\/v2\/posts"}],"about":[{"href":"https:\/\/www.diarioimagen.net\/index.php?rest_route=\/wp\/v2\/types\/post"}],"author":[{"embeddable":true,"href":"https:\/\/www.diarioimagen.net\/index.php?rest_route=\/wp\/v2\/users\/3"}],"replies":[{"embeddable":true,"href":"https:\/\/www.diarioimagen.net\/index.php?rest_route=%2Fwp%2Fv2%2Fcomments&post=345848"}],"version-history":[{"count":0,"href":"https:\/\/www.diarioimagen.net\/index.php?rest_route=\/wp\/v2\/posts\/345848\/revisions"}],"wp:attachment":[{"href":"https:\/\/www.diarioimagen.net\/index.php?rest_route=%2Fwp%2Fv2%2Fmedia&parent=345848"}],"wp:term":[{"taxonomy":"category","embeddable":true,"href":"https:\/\/www.diarioimagen.net\/index.php?rest_route=%2Fwp%2Fv2%2Fcategories&post=345848"},{"taxonomy":"post_tag","embeddable":true,"href":"https:\/\/www.diarioimagen.net\/index.php?rest_route=%2Fwp%2Fv2%2Ftags&post=345848"}],"curies":[{"name":"wp","href":"https:\/\/api.w.org\/{rel}","templated":true}]}}